{"id":105128,"date":"2018-03-11T10:28:32","date_gmt":"2018-03-11T10:28:32","guid":{"rendered":"https:\/\/www.deberes.net\/tesis\/sin-categoria\/el-profesorado-de-musica-de-la-provincia-de-huelva-ante-el-reto-de-la-interculturalidad-en-el-s-xxi\/"},"modified":"2018-03-11T10:28:32","modified_gmt":"2018-03-11T10:28:32","slug":"el-profesorado-de-musica-de-la-provincia-de-huelva-ante-el-reto-de-la-interculturalidad-en-el-s-xxi","status":"publish","type":"post","link":"https:\/\/www.deberes.net\/tesis\/extremadura\/el-profesorado-de-musica-de-la-provincia-de-huelva-ante-el-reto-de-la-interculturalidad-en-el-s-xxi\/","title":{"rendered":"El profesorado de m\u00fasica de la provincia de huelva ante el reto de la interculturalidad en el s.xxi"},"content":{"rendered":"<h2>Tesis doctoral de <strong> Sorelio Hern\u00e1ndez Rodr\u00edguez <\/strong><\/h2>\n<p>La tesis doctoral titulada \u00abel profesorado de m\u00fasica de la provincia de huelva ante el reto de la interculturalidad en el siglo xxi\u00bb pretende conocer, analizar y describir la formaci\u00f3n del profesorado de m\u00fasica de la provincia de huelva en educaci\u00f3n primaria desde un enfoque intercultural. De forma espec\u00edfica se analiza la pr\u00e1ctica escolar en los centros educativos llevada a cabo por el profesorado de m\u00fasica.  nuestra tesis la enmarcamos dentro de una  metodolog\u00eda descriptiva, en el que se utilizaron m\u00e9todos para la recogida de datos que estan  dentro del paradigma cuantitativo como cualitatativo como son:   los cuestionarios,las entrevistas y grupo de discusi\u00f3n  los objetivos que nos marcamos para esta investigaci\u00f3n son:  objetivo general  valorar el tratamiento de la interculturalidad, desde la perspectiva del maestro\/a especialista de educaci\u00f3n musical en primaria, de la provincia de huelva.  objetivos espec\u00edficos  1.      Conocer las opiniones, motivaciones, percepciones y vivencias que los maestros y maestras especialistas de educaci\u00f3n musical de primaria tienen sobre la interculturalidad.  2.      Describir el tratamiento did\u00e1ctico que los maestros\/as, dan al trabajo intercultural en sus clases.    3.      Resaltar los itinerarios formativos, el grado de preparaci\u00f3n y disposici\u00f3n de los maestros\/as para afrontar el reto de la interculturalidad.<\/p>\n<p>&nbsp;<\/p>\n<h3>Datos acad\u00e9micos de la tesis doctoral \u00ab<strong>El profesorado de m\u00fasica de la provincia de huelva ante el reto de la interculturalidad en el s.xxi<\/strong>\u00ab<\/h3>\n<ul>\n<li><strong>T\u00edtulo de la tesis:<\/strong>\u00a0 El profesorado de m\u00fasica de la provincia de huelva ante el reto de la interculturalidad en el s.xxi <\/li>\n<li><strong>Autor:<\/strong>\u00a0 Sorelio Hern\u00e1ndez Rodr\u00edguez <\/li>\n<li><strong>Universidad:<\/strong>\u00a0 Extremadura<\/li>\n<li><strong>Fecha de lectura de la tesis:<\/strong>\u00a0 25\/11\/2010<\/li>\n<\/ul>\n<p>&nbsp;<\/p>\n<h3>Direcci\u00f3n y tribunal<\/h3>\n<ul>\n<li><strong>Director de la tesis<\/strong>\n<ul>\n<li>Francisca Dios Montes<\/li>\n<\/ul>\n<\/li>\n<li><strong>Tribunal<\/strong>\n<ul>\n<li>Presidente del tribunal: fernando Del villar alvarez <\/li>\n<li>M\u00aa del pilar Camacho s\u00e1nchez (vocal)<\/li>\n<li>Antonio Soto rosales (vocal)<\/li>\n<li>julia Bernal  vazquez (vocal)<\/li>\n<\/ul>\n<\/li>\n<\/ul>\n<p>&nbsp;<\/p>\n","protected":false},"excerpt":{"rendered":"<p>Tesis doctoral de Sorelio Hern\u00e1ndez Rodr\u00edguez La tesis doctoral titulada \u00abel profesorado de m\u00fasica de la provincia de huelva ante [&hellip;]<\/p>\n","protected":false},"author":1,"featured_media":0,"comment_status":"open","ping_status":"open","sticky":false,"template":"","format":"standard","meta":{"site-sidebar-layout":"default","site-content-layout":"","ast-site-content-layout":"","site-content-style":"default","site-sidebar-style":"default","ast-global-header-display":"","ast-banner-title-visibility":"","ast-main-header-display":"","ast-hfb-above-header-display":"","ast-hfb-below-header-display":"","ast-hfb-mobile-header-display":"","site-post-title":"","ast-breadcrumbs-content":"","ast-featured-img":"","footer-sml-layout":"","theme-transparent-header-meta":"","adv-header-id-meta":"","stick-header-meta":"","header-above-stick-meta":"","header-main-stick-meta":"","header-below-stick-meta":"","astra-migrate-meta-layouts":"default","ast-page-background-enabled":"default","ast-page-background-meta":{"desktop":{"background-color":"var(--ast-global-color-4)","background-image":"","background-repeat":"repeat","background-position":"center center","background-size":"auto","background-attachment":"scroll","background-type":"","background-media":"","overlay-type":"","overlay-color":"","overlay-gradient":""},"tablet":{"background-color":"","background-image":"","background-repeat":"repeat","background-position":"center center","background-size":"auto","background-attachment":"scroll","background-type":"","background-media":"","overlay-type":"","overlay-color":"","overlay-gradient":""},"mobile":{"background-color":"","background-image":"","background-repeat":"repeat","background-position":"center center","background-size":"auto","background-attachment":"scroll","background-type":"","background-media":"","overlay-type":"","overlay-color":"","overlay-gradient":""}},"ast-content-background-meta":{"desktop":{"background-color":"var(--ast-global-color-5)","background-image":"","background-repeat":"repeat","background-position":"center center","background-size":"auto","background-attachment":"scroll","background-type":"","background-media":"","overlay-type":"","overlay-color":"","overlay-gradient":""},"tablet":{"background-color":"var(--ast-global-color-5)","background-image":"","background-repeat":"repeat","background-position":"center center","background-size":"auto","background-attachment":"scroll","background-type":"","background-media":"","overlay-type":"","overlay-color":"","overlay-gradient":""},"mobile":{"background-color":"var(--ast-global-color-5)","background-image":"","background-repeat":"repeat","background-position":"center center","background-size":"auto","background-attachment":"scroll","background-type":"","background-media":"","overlay-type":"","overlay-color":"","overlay-gradient":""}},"footnotes":""},"categories":[949,9132,8934,39991],"tags":[71781,22176,52279,52281,63944,212158],"class_list":["post-105128","post","type-post","status-publish","format-standard","hentry","category-extremadura","category-musica-y-musicologia","category-profesion-y-situacion-del-profesorado","category-relaciones-culturales-interetnicas","tag-antonio-soto-rosales","tag-fernando-del-villar-alvarez","tag-francisca-dios-montes","tag-julia-bernal-vazquez","tag-ma-del-pilar-camacho-sanchez","tag-sorelio-hernandez-rodriguez"],"_links":{"self":[{"href":"https:\/\/www.deberes.net\/tesis\/wp-json\/wp\/v2\/posts\/105128","targetHints":{"allow":["GET"]}}],"collection":[{"href":"https:\/\/www.deberes.net\/tesis\/wp-json\/wp\/v2\/posts"}],"about":[{"href":"https:\/\/www.deberes.net\/tesis\/wp-json\/wp\/v2\/types\/post"}],"author":[{"embeddable":true,"href":"https:\/\/www.deberes.net\/tesis\/wp-json\/wp\/v2\/users\/1"}],"replies":[{"embeddable":true,"href":"https:\/\/www.deberes.net\/tesis\/wp-json\/wp\/v2\/comments?post=105128"}],"version-history":[{"count":0,"href":"https:\/\/www.deberes.net\/tesis\/wp-json\/wp\/v2\/posts\/105128\/revisions"}],"wp:attachment":[{"href":"https:\/\/www.deberes.net\/tesis\/wp-json\/wp\/v2\/media?parent=105128"}],"wp:term":[{"taxonomy":"category","embeddable":true,"href":"https:\/\/www.deberes.net\/tesis\/wp-json\/wp\/v2\/categories?post=105128"},{"taxonomy":"post_tag","embeddable":true,"href":"https:\/\/www.deberes.net\/tesis\/wp-json\/wp\/v2\/tags?post=105128"}],"curies":[{"name":"wp","href":"https:\/\/api.w.org\/{rel}","templated":true}]}}