{"id":105165,"date":"2018-03-11T10:28:38","date_gmt":"2018-03-11T10:28:38","guid":{"rendered":"https:\/\/www.deberes.net\/tesis\/sin-categoria\/culturas-de-protesta-y-violencia-de-los-campesinos-de-tierra-de-campos-1900-1923\/"},"modified":"2018-03-11T10:28:38","modified_gmt":"2018-03-11T10:28:38","slug":"culturas-de-protesta-y-violencia-de-los-campesinos-de-tierra-de-campos-1900-1923","status":"publish","type":"post","link":"https:\/\/www.deberes.net\/tesis\/historia-regional\/culturas-de-protesta-y-violencia-de-los-campesinos-de-tierra-de-campos-1900-1923\/","title":{"rendered":"Culturas de protesta y violencia de los campesinos de tierra de campos (1900-1923)"},"content":{"rendered":"<h2>Tesis doctoral de <strong> Jes\u00fas-\u00e1ngel Redondo Carde\u00f1oso <\/strong><\/h2>\n<p>La investigaci\u00f3n se divide en dos partes.  la primera se centra en el an\u00e1lisis de las expresiones de protesta que dominaron en la comarca castellano-leonesa de tierra de campos durante los a\u00f1os 1900-1923. Estas expresiones tuvieron en ocasiones car\u00e1cter colectivo (huelgas, motines, alborotos), destacando dos \u00e9poca de m\u00e1xima intensificaci\u00f3n de dicha conflictividad: el a\u00f1o 1904 y la crisis posb\u00e9lica de 1918-1920. A pesar de estos ciclos, las expresiones de protesta colectiva en la regi\u00f3n no desaparecieron el resto de los a\u00f1os estudiados, y continuamente se reprodujeron conflictos en torno a cuestiones de muy diversa \u00edndole (conflictos laborales, problemas de subsistencias, exigencias fiscales, pol\u00edtica local, &#8230;). Pero, por otro lado, tambi\u00e9n se produjeron expresiones de rebeld\u00eda que se ejecutaron individualmente, bien a trav\u00e9s de acciones contra la propiedad mediante la ejecuci\u00f3n de hurtos en los campos de cultivo y montes o la pervivencia de pr\u00e1cticas ilegalizadas por la legislaci\u00f3n liberal (espigueo, caza, pastoreo de terrenos incultos, &#8230;); Bien a trav\u00e9s de acciones m\u00e1s violentas ejecutadas contra los representantes locales de la autoridad. la segunda parte se dedica al estudio de la violencia cotidiana e interpersonal, la cual se desarroll\u00f3 de forma paralela a los conflictos estudiados en la primera parte. Si los primeros eran de car\u00e1cter \u00abvertical\u00bb, los segundos se caracterizan por tener un desarrollo \u00abhorizontal\u00bb. Es decir, este tipo de violencia se produc\u00eda entre los vecinos de la comunidad y se manifestaba a trav\u00e9s de multitud de ri\u00f1as, reyertas, peleas y agresiones donde sal\u00edan a relucir, de forma muy habitual, armas de fuego (pistolas, rev\u00f3lveres) y blancas (navajas) que dejaban sangrientas secuelas a los implicados. El an\u00e1lisis se centra en el estudio de los espacios y tiempos donde se produjeron dichos conflictos, as\u00ed como de los protagonistas (en torno a cuatro factores: g\u00e9nero, edad, condici\u00f3n socio-laboral y vecindad); incidiendo m\u00e1s detenidamente en algunos sectores sociales (mujeres, j\u00f3venes y marginados) que presentan interesantes peculiariades frente a la norma general: en definitiva, se trata de una investigaci\u00f3n que pretende comprender al campesinado en su entorno; por qu\u00e9 levant\u00f3 y alz\u00f3 su voz; y c\u00f3mo se relacion\u00f3 con sus vecinos.<\/p>\n<p>&nbsp;<\/p>\n<h3>Datos acad\u00e9micos de la tesis doctoral \u00ab<strong>Culturas de protesta y violencia de los campesinos de tierra de campos (1900-1923)<\/strong>\u00ab<\/h3>\n<ul>\n<li><strong>T\u00edtulo de la tesis:<\/strong>\u00a0 Culturas de protesta y violencia de los campesinos de tierra de campos (1900-1923) <\/li>\n<li><strong>Autor:<\/strong>\u00a0 Jes\u00fas-\u00e1ngel Redondo Carde\u00f1oso <\/li>\n<li><strong>Universidad:<\/strong>\u00a0 Valladolid<\/li>\n<li><strong>Fecha de lectura de la tesis:<\/strong>\u00a0 26\/11\/2010<\/li>\n<\/ul>\n<p>&nbsp;<\/p>\n<h3>Direcci\u00f3n y tribunal<\/h3>\n<ul>\n<li><strong>Director de la tesis<\/strong>\n<ul>\n<li>Pedro Carasa Soto<\/li>\n<\/ul>\n<\/li>\n<li><strong>Tribunal<\/strong>\n<ul>\n<li>Presidente del tribunal: elena Maza zorrilla <\/li>\n<li>salvador Cruz artacho (vocal)<\/li>\n<li>Fernando S\u00e1nchez marroyo (vocal)<\/li>\n<li>irene Vaquinhas (vocal)<\/li>\n<\/ul>\n<\/li>\n<\/ul>\n<p>&nbsp;<\/p>\n","protected":false},"excerpt":{"rendered":"<p>Tesis doctoral de Jes\u00fas-\u00e1ngel Redondo Carde\u00f1oso La investigaci\u00f3n se divide en dos partes. la primera se centra en el an\u00e1lisis [&hellip;]<\/p>\n","protected":false},"author":1,"featured_media":0,"comment_status":"open","ping_status":"open","sticky":false,"template":"","format":"standard","meta":{"site-sidebar-layout":"default","site-content-layout":"","ast-site-content-layout":"","site-content-style":"default","site-sidebar-style":"default","ast-global-header-display":"","ast-banner-title-visibility":"","ast-main-header-display":"","ast-hfb-above-header-display":"","ast-hfb-below-header-display":"","ast-hfb-mobile-header-display":"","site-post-title":"","ast-breadcrumbs-content":"","ast-featured-img":"","footer-sml-layout":"","theme-transparent-header-meta":"","adv-header-id-meta":"","stick-header-meta":"","header-above-stick-meta":"","header-main-stick-meta":"","header-below-stick-meta":"","astra-migrate-meta-layouts":"default","ast-page-background-enabled":"default","ast-page-background-meta":{"desktop":{"background-color":"var(--ast-global-color-4)","background-image":"","background-repeat":"repeat","background-position":"center center","background-size":"auto","background-attachment":"scroll","background-type":"","background-media":"","overlay-type":"","overlay-color":"","overlay-gradient":""},"tablet":{"background-color":"","background-image":"","background-repeat":"repeat","background-position":"center center","background-size":"auto","background-attachment":"scroll","background-type":"","background-media":"","overlay-type":"","overlay-color":"","overlay-gradient":""},"mobile":{"background-color":"","background-image":"","background-repeat":"repeat","background-position":"center center","background-size":"auto","background-attachment":"scroll","background-type":"","background-media":"","overlay-type":"","overlay-color":"","overlay-gradient":""}},"ast-content-background-meta":{"desktop":{"background-color":"var(--ast-global-color-5)","background-image":"","background-repeat":"repeat","background-position":"center center","background-size":"auto","background-attachment":"scroll","background-type":"","background-media":"","overlay-type":"","overlay-color":"","overlay-gradient":""},"tablet":{"background-color":"var(--ast-global-color-5)","background-image":"","background-repeat":"repeat","background-position":"center center","background-size":"auto","background-attachment":"scroll","background-type":"","background-media":"","overlay-type":"","overlay-color":"","overlay-gradient":""},"mobile":{"background-color":"var(--ast-global-color-5)","background-image":"","background-repeat":"repeat","background-position":"center center","background-size":"auto","background-attachment":"scroll","background-type":"","background-media":"","overlay-type":"","overlay-color":"","overlay-gradient":""}},"footnotes":""},"categories":[983,1816,981,5989,12451],"tags":[74809,36792,212221,212220,71616,79489],"class_list":["post-105165","post","type-post","status-publish","format-standard","hentry","category-antropologia-cultural","category-historia-contemporanea","category-historia-regional","category-sociologia-rural","category-valladolid","tag-elena-maza-zorrilla","tag-fernando-sanchez-marroyo","tag-irene-vaquinhas","tag-jesus-angel-redondo-cardenoso","tag-pedro-carasa-soto","tag-salvador-cruz-artacho"],"_links":{"self":[{"href":"https:\/\/www.deberes.net\/tesis\/wp-json\/wp\/v2\/posts\/105165","targetHints":{"allow":["GET"]}}],"collection":[{"href":"https:\/\/www.deberes.net\/tesis\/wp-json\/wp\/v2\/posts"}],"about":[{"href":"https:\/\/www.deberes.net\/tesis\/wp-json\/wp\/v2\/types\/post"}],"author":[{"embeddable":true,"href":"https:\/\/www.deberes.net\/tesis\/wp-json\/wp\/v2\/users\/1"}],"replies":[{"embeddable":true,"href":"https:\/\/www.deberes.net\/tesis\/wp-json\/wp\/v2\/comments?post=105165"}],"version-history":[{"count":0,"href":"https:\/\/www.deberes.net\/tesis\/wp-json\/wp\/v2\/posts\/105165\/revisions"}],"wp:attachment":[{"href":"https:\/\/www.deberes.net\/tesis\/wp-json\/wp\/v2\/media?parent=105165"}],"wp:term":[{"taxonomy":"category","embeddable":true,"href":"https:\/\/www.deberes.net\/tesis\/wp-json\/wp\/v2\/categories?post=105165"},{"taxonomy":"post_tag","embeddable":true,"href":"https:\/\/www.deberes.net\/tesis\/wp-json\/wp\/v2\/tags?post=105165"}],"curies":[{"name":"wp","href":"https:\/\/api.w.org\/{rel}","templated":true}]}}