{"id":105283,"date":"2018-03-11T10:28:48","date_gmt":"2018-03-11T10:28:48","guid":{"rendered":"https:\/\/www.deberes.net\/tesis\/sin-categoria\/identidad-catolicismo-y-modernizacion-en-la-vizcaya-de-la-restauracion-1890-1923\/"},"modified":"2018-03-11T10:28:48","modified_gmt":"2018-03-11T10:28:48","slug":"identidad-catolicismo-y-modernizacion-en-la-vizcaya-de-la-restauracion-1890-1923","status":"publish","type":"post","link":"https:\/\/www.deberes.net\/tesis\/historia\/identidad-catolicismo-y-modernizacion-en-la-vizcaya-de-la-restauracion-1890-1923\/","title":{"rendered":"Identidad, catolicismo y modernizaci\u00f3n en la vizcaya de la restauraci\u00f3n (1890-1923)"},"content":{"rendered":"<h2>Tesis doctoral de <strong> Joseba Louzao Villar <\/strong><\/h2>\n<p>El objeto principal de esta tesis es el an\u00e1lisis del enfrentamiento impulsado por las desavenencias entre el clericalismo y el anticlericalismo, tal y como se caracteriz\u00f3 popularmente a ambos fen\u00f3menos en la \u00e9poca, entre los a\u00f1os 1890 y 1923 en vizcaya. Para ello nos sumergiremos en el estudio de los protagonistas, con sus diversas formas de autoidentificaci\u00f3n y movilizaci\u00f3n colectiva, as\u00ed como las transformaciones culturales y pol\u00edticas que se desarrollaron durante nuestro marco temporal. No hay que olvidar que este conflicto pol\u00edtico, pero tambi\u00e9n social y cultural, ha atravesado la historia contempor\u00e1nea del pa\u00eds vasco y de espa\u00f1a. De hecho, tuvo una gran trascendencia en los acontecimientos clave durante la primera d\u00e9cada del siglo xx o la posterior etapa republicana. Por tanto, la justificaci\u00f3n \u00faltima de este trabajo es elemental, ya que a\u00fan no se hab\u00eda intentado explicar la confrontaci\u00f3n de estos dos modelos en la vizcaya de entre siglos. Adem\u00e1s, la restauraci\u00f3n constituye una etapa esencial para la comprensi\u00f3n de la historia religiosa de la espa\u00f1a contempor\u00e1nea.<\/p>\n<p>&nbsp;<\/p>\n<h3>Datos acad\u00e9micos de la tesis doctoral \u00ab<strong>Identidad, catolicismo y modernizaci\u00f3n en la vizcaya de la restauraci\u00f3n (1890-1923)<\/strong>\u00ab<\/h3>\n<ul>\n<li><strong>T\u00edtulo de la tesis:<\/strong>\u00a0 Identidad, catolicismo y modernizaci\u00f3n en la vizcaya de la restauraci\u00f3n (1890-1923) <\/li>\n<li><strong>Autor:<\/strong>\u00a0 Joseba Louzao Villar <\/li>\n<li><strong>Universidad:<\/strong>\u00a0 Pa\u00eds vasco\/euskal herriko unibertsitatea<\/li>\n<li><strong>Fecha de lectura de la tesis:<\/strong>\u00a0 29\/11\/2010<\/li>\n<\/ul>\n<p>&nbsp;<\/p>\n<h3>Direcci\u00f3n y tribunal<\/h3>\n<ul>\n<li><strong>Director de la tesis<\/strong>\n<ul>\n<li>Jos\u00e9 Mar\u00eda Ortiz De Orru\u00f1o Legarda<\/li>\n<\/ul>\n<\/li>\n<li><strong>Tribunal<\/strong>\n<ul>\n<li>Presidente del tribunal: feliciano Montero garcia <\/li>\n<li>pilar Salom\u00f3n ch\u00e9liz (vocal)<\/li>\n<li>Luis Castells arteche (vocal)<\/li>\n<li>Manuel Su\u00e1rez cortina (vocal)<\/li>\n<\/ul>\n<\/li>\n<\/ul>\n<p>&nbsp;<\/p>\n","protected":false},"excerpt":{"rendered":"<p>Tesis doctoral de Joseba Louzao Villar El objeto principal de esta tesis es el an\u00e1lisis del enfrentamiento impulsado por las [&hellip;]<\/p>\n","protected":false},"author":1,"featured_media":0,"comment_status":"open","ping_status":"open","sticky":false,"template":"","format":"standard","meta":{"site-sidebar-layout":"default","site-content-layout":"","ast-site-content-layout":"","site-content-style":"default","site-sidebar-style":"default","ast-global-header-display":"","ast-banner-title-visibility":"","ast-main-header-display":"","ast-hfb-above-header-display":"","ast-hfb-below-header-display":"","ast-hfb-mobile-header-display":"","site-post-title":"","ast-breadcrumbs-content":"","ast-featured-img":"","footer-sml-layout":"","theme-transparent-header-meta":"","adv-header-id-meta":"","stick-header-meta":"","header-above-stick-meta":"","header-main-stick-meta":"","header-below-stick-meta":"","astra-migrate-meta-layouts":"default","ast-page-background-enabled":"default","ast-page-background-meta":{"desktop":{"background-color":"var(--ast-global-color-4)","background-image":"","background-repeat":"repeat","background-position":"center center","background-size":"auto","background-attachment":"scroll","background-type":"","background-media":"","overlay-type":"","overlay-color":"","overlay-gradient":""},"tablet":{"background-color":"","background-image":"","background-repeat":"repeat","background-position":"center center","background-size":"auto","background-attachment":"scroll","background-type":"","background-media":"","overlay-type":"","overlay-color":"","overlay-gradient":""},"mobile":{"background-color":"","background-image":"","background-repeat":"repeat","background-position":"center center","background-size":"auto","background-attachment":"scroll","background-type":"","background-media":"","overlay-type":"","overlay-color":"","overlay-gradient":""}},"ast-content-background-meta":{"desktop":{"background-color":"var(--ast-global-color-5)","background-image":"","background-repeat":"repeat","background-position":"center center","background-size":"auto","background-attachment":"scroll","background-type":"","background-media":"","overlay-type":"","overlay-color":"","overlay-gradient":""},"tablet":{"background-color":"var(--ast-global-color-5)","background-image":"","background-repeat":"repeat","background-position":"center center","background-size":"auto","background-attachment":"scroll","background-type":"","background-media":"","overlay-type":"","overlay-color":"","overlay-gradient":""},"mobile":{"background-color":"var(--ast-global-color-5)","background-image":"","background-repeat":"repeat","background-position":"center center","background-size":"auto","background-attachment":"scroll","background-type":"","background-media":"","overlay-type":"","overlay-color":"","overlay-gradient":""}},"footnotes":""},"categories":[104,12909],"tags":[6390,212406,212405,13361,31988,212407],"class_list":["post-105283","post","type-post","status-publish","format-standard","hentry","category-historia","category-pais-vasco-euskal-herriko-unibertsitatea","tag-feliciano-montero-garcia","tag-jose-maria-ortiz-de-orruno-legarda","tag-joseba-louzao-villar","tag-luis-castells-arteche","tag-manuel-suarez-cortina","tag-pilar-salomon-cheliz"],"_links":{"self":[{"href":"https:\/\/www.deberes.net\/tesis\/wp-json\/wp\/v2\/posts\/105283","targetHints":{"allow":["GET"]}}],"collection":[{"href":"https:\/\/www.deberes.net\/tesis\/wp-json\/wp\/v2\/posts"}],"about":[{"href":"https:\/\/www.deberes.net\/tesis\/wp-json\/wp\/v2\/types\/post"}],"author":[{"embeddable":true,"href":"https:\/\/www.deberes.net\/tesis\/wp-json\/wp\/v2\/users\/1"}],"replies":[{"embeddable":true,"href":"https:\/\/www.deberes.net\/tesis\/wp-json\/wp\/v2\/comments?post=105283"}],"version-history":[{"count":0,"href":"https:\/\/www.deberes.net\/tesis\/wp-json\/wp\/v2\/posts\/105283\/revisions"}],"wp:attachment":[{"href":"https:\/\/www.deberes.net\/tesis\/wp-json\/wp\/v2\/media?parent=105283"}],"wp:term":[{"taxonomy":"category","embeddable":true,"href":"https:\/\/www.deberes.net\/tesis\/wp-json\/wp\/v2\/categories?post=105283"},{"taxonomy":"post_tag","embeddable":true,"href":"https:\/\/www.deberes.net\/tesis\/wp-json\/wp\/v2\/tags?post=105283"}],"curies":[{"name":"wp","href":"https:\/\/api.w.org\/{rel}","templated":true}]}}