{"id":105328,"date":"2010-01-12T00:00:00","date_gmt":"2010-01-12T00:00:00","guid":{"rendered":"https:\/\/www.deberes.net\/tesis\/sin-categoria\/analisis-integrado-de-la-calidad-del-aire-en-la-costa-nororiental-de-venezuela\/"},"modified":"2010-01-12T00:00:00","modified_gmt":"2010-01-12T00:00:00","slug":"analisis-integrado-de-la-calidad-del-aire-en-la-costa-nororiental-de-venezuela","status":"publish","type":"post","link":"https:\/\/www.deberes.net\/tesis\/contaminacion-atmosferica\/analisis-integrado-de-la-calidad-del-aire-en-la-costa-nororiental-de-venezuela\/","title":{"rendered":"An\u00e1lisis integrado de la calidad del aire en la costa nororiental de venezuela"},"content":{"rendered":"<h2>Tesis doctoral de <strong> Gladys Rinc\u00f3n Polo <\/strong><\/h2>\n<p>A lo largo de unos 80 kil\u00f3metros de costa en la regi\u00f3n nororiental de venezuela del  estado anzo\u00e1tegui, operan once industrias pesadas que cohabitan con seis ciudades  peque\u00f1as que concentran el 50% de la poblaci\u00f3n del estado. Estas industrias comprenden  una industria de cemento, una industria de refino de petr\u00f3leo, una industria fraccionadora  de gas, cuatro industrias mejoradores de crudo extrapesado y cuatro industrias  petroqu\u00edmicas.   como era de esperar, a estas industrias se les ha imputado la mala calidad del aire en  la regi\u00f3n, sin embargo, hasta el presente, no hay un estudio que soporte esas  apreciaciones. Por otro lado, la regulaci\u00f3n sobre calidad del aire en venezuela no se ha  modificado desde 1995 y s\u00f3lo regula las part\u00edculas de mayor  tama\u00f1o, total de part\u00edculas  suspendidas (tsp), desestimando el efecto nocivo de los tama\u00f1os de part\u00edculas m\u00e1s  peque\u00f1os.   bajo estas premisas, se ha propuesto una metodolog\u00eda para estudiar la calidad del aire  en esa regi\u00f3n tomando como referencia el material particulado (pm) y el di\u00f3xido de  azufre (so2), emitido desde fuentes industriales. Para el desarrollo de esta investigaci\u00f3n  se ha usado un modelo lagrangiano de particular, ladismo, para el transporte y la  dispersi\u00f3n de contaminantes desde m\u00faltiples fuentes de emisi\u00f3n, tomado en cuenta la  orograf\u00eda y los tres componentes del viento.   los resultados de esta investigaci\u00f3n han constituido un estudio de calidad del aire  (para material particulado y di\u00f3xido de azufre), basado en la metodolog\u00eda propuesta y  validado para esa regi\u00f3n industrial. Adem\u00e1s, este estudio ha permitido atribuir de forma  objetiva responsabilidades a las industriales sobre la contaminaci\u00f3n que afecta a los  centros poblados. Bajo un escenario conservador desde el punto  de vista de la  contaminaci\u00f3n, se ha podido establecer qu\u00e9 los pobladores de la regi\u00f3n de estudio han  vivido episodios de riesgo por contaminaci\u00f3n de material particulado y di\u00f3xido de azufre.   palabras claves: calidad del aire, modelo lagrangiano de part\u00edculas, total de part\u00edculas  suspendidas, di\u00f3xido de azufre, venezuela.<\/p>\n<p>&nbsp;<\/p>\n<h3>Datos acad\u00e9micos de la tesis doctoral \u00ab<strong>An\u00e1lisis integrado de la calidad del aire en la costa nororiental de venezuela<\/strong>\u00ab<\/h3>\n<ul>\n<li><strong>T\u00edtulo de la tesis:<\/strong>\u00a0 An\u00e1lisis integrado de la calidad del aire en la costa nororiental de venezuela <\/li>\n<li><strong>Autor:<\/strong>\u00a0 Gladys Rinc\u00f3n Polo <\/li>\n<li><strong>Universidad:<\/strong>\u00a0 Polit\u00e9cnica de catalunya<\/li>\n<li><strong>Fecha de lectura de la tesis:<\/strong>\u00a0 01\/12\/2010<\/li>\n<\/ul>\n<p>&nbsp;<\/p>\n<h3>Direcci\u00f3n y tribunal<\/h3>\n<ul>\n<li><strong>Director de la tesis<\/strong>\n<ul>\n<li>L\u00e1zaro Vicente Cremades Oliver<\/li>\n<\/ul>\n<\/li>\n<li><strong>Tribunal<\/strong>\n<ul>\n<li>Presidente del tribunal: M\u00aa rosa Soler duffour <\/li>\n<li>Luisa ang\u00e9lica Delgado (vocal)<\/li>\n<li>  (vocal)<\/li>\n<li>  (vocal)<\/li>\n<\/ul>\n<\/li>\n<\/ul>\n<p>&nbsp;<\/p>\n","protected":false},"excerpt":{"rendered":"<p>Tesis doctoral de Gladys Rinc\u00f3n Polo A lo largo de unos 80 kil\u00f3metros de costa en la regi\u00f3n nororiental de [&hellip;]<\/p>\n","protected":false},"author":1,"featured_media":0,"comment_status":"open","ping_status":"open","sticky":false,"template":"","format":"standard","meta":{"site-sidebar-layout":"default","site-content-layout":"","ast-site-content-layout":"","site-content-style":"default","site-sidebar-style":"default","ast-global-header-display":"","ast-banner-title-visibility":"","ast-main-header-display":"","ast-hfb-above-header-display":"","ast-hfb-below-header-display":"","ast-hfb-mobile-header-display":"","site-post-title":"","ast-breadcrumbs-content":"","ast-featured-img":"","footer-sml-layout":"","theme-transparent-header-meta":"","adv-header-id-meta":"","stick-header-meta":"","header-above-stick-meta":"","header-main-stick-meta":"","header-below-stick-meta":"","astra-migrate-meta-layouts":"default","ast-page-background-enabled":"default","ast-page-background-meta":{"desktop":{"background-color":"var(--ast-global-color-4)","background-image":"","background-repeat":"repeat","background-position":"center center","background-size":"auto","background-attachment":"scroll","background-type":"","background-media":"","overlay-type":"","overlay-color":"","overlay-gradient":""},"tablet":{"background-color":"","background-image":"","background-repeat":"repeat","background-position":"center center","background-size":"auto","background-attachment":"scroll","background-type":"","background-media":"","overlay-type":"","overlay-color":"","overlay-gradient":""},"mobile":{"background-color":"","background-image":"","background-repeat":"repeat","background-position":"center center","background-size":"auto","background-attachment":"scroll","background-type":"","background-media":"","overlay-type":"","overlay-color":"","overlay-gradient":""}},"ast-content-background-meta":{"desktop":{"background-color":"var(--ast-global-color-5)","background-image":"","background-repeat":"repeat","background-position":"center center","background-size":"auto","background-attachment":"scroll","background-type":"","background-media":"","overlay-type":"","overlay-color":"","overlay-gradient":""},"tablet":{"background-color":"var(--ast-global-color-5)","background-image":"","background-repeat":"repeat","background-position":"center center","background-size":"auto","background-attachment":"scroll","background-type":"","background-media":"","overlay-type":"","overlay-color":"","overlay-gradient":""},"mobile":{"background-color":"var(--ast-global-color-5)","background-image":"","background-repeat":"repeat","background-position":"center center","background-size":"auto","background-attachment":"scroll","background-type":"","background-media":"","overlay-type":"","overlay-color":"","overlay-gradient":""}},"footnotes":""},"categories":[4520,11675,15596],"tags":[212483,30381,212484,33031],"class_list":["post-105328","post","type-post","status-publish","format-standard","hentry","category-contaminacion-atmosferica","category-control-de-la-contaminacion-atmosferica","category-politecnica-de-catalunya","tag-gladys-rincon-polo","tag-lazaro-vicente-cremades-oliver","tag-luisa-angelica-delgado","tag-ma-rosa-soler-duffour"],"_links":{"self":[{"href":"https:\/\/www.deberes.net\/tesis\/wp-json\/wp\/v2\/posts\/105328","targetHints":{"allow":["GET"]}}],"collection":[{"href":"https:\/\/www.deberes.net\/tesis\/wp-json\/wp\/v2\/posts"}],"about":[{"href":"https:\/\/www.deberes.net\/tesis\/wp-json\/wp\/v2\/types\/post"}],"author":[{"embeddable":true,"href":"https:\/\/www.deberes.net\/tesis\/wp-json\/wp\/v2\/users\/1"}],"replies":[{"embeddable":true,"href":"https:\/\/www.deberes.net\/tesis\/wp-json\/wp\/v2\/comments?post=105328"}],"version-history":[{"count":0,"href":"https:\/\/www.deberes.net\/tesis\/wp-json\/wp\/v2\/posts\/105328\/revisions"}],"wp:attachment":[{"href":"https:\/\/www.deberes.net\/tesis\/wp-json\/wp\/v2\/media?parent=105328"}],"wp:term":[{"taxonomy":"category","embeddable":true,"href":"https:\/\/www.deberes.net\/tesis\/wp-json\/wp\/v2\/categories?post=105328"},{"taxonomy":"post_tag","embeddable":true,"href":"https:\/\/www.deberes.net\/tesis\/wp-json\/wp\/v2\/tags?post=105328"}],"curies":[{"name":"wp","href":"https:\/\/api.w.org\/{rel}","templated":true}]}}