{"id":105334,"date":"2010-01-12T00:00:00","date_gmt":"2010-01-12T00:00:00","guid":{"rendered":"https:\/\/www.deberes.net\/tesis\/sin-categoria\/vicente-llorens-poy-vida-y-obra\/"},"modified":"2010-01-12T00:00:00","modified_gmt":"2010-01-12T00:00:00","slug":"vicente-llorens-poy-vida-y-obra","status":"publish","type":"post","link":"https:\/\/www.deberes.net\/tesis\/biografias\/vicente-llorens-poy-vida-y-obra\/","title":{"rendered":"Vicente llor\u00e9ns poy, vida y obra"},"content":{"rendered":"<h2>Tesis doctoral de <strong> Jacinto Heredia Robres <\/strong><\/h2>\n<p>Vicente llor\u00e9ns poy, vida y obra autor: jacinto heredia robres.  la presente tesis, de car\u00e1cter biogr\u00e1fico,  se enmarca en la tendencia actual en los estudios de historia del arte de revisi\u00f3n de la escultura y la estatuaria en el periodo contempor\u00e1neo, rescatando la figura del artista pl\u00e1stico villarrealense vicente llor\u00e9ns poy desde sus inicios como pintor hasta la realizaci\u00f3n de sus obras p\u00fablicas monumentales.  dividida en cinco cap\u00edtulos, el primero de ellos traza su formaci\u00f3n art\u00edstica bajo los auspicios de su maestro el escultor jos\u00e9 pascual ortells l\u00f3pez. En el segundo se muestra su consolidaci\u00f3n como pintor (paisajista, retratista y analista de la figura humana) y sus numerosas exposiciones nacionales e internacionales. El tercer cap\u00edtulo desarrolla el proceso de gesti\u00f3n de sus obras escult\u00f3ricas de peque\u00f1o y gran formato y en el cuarto se concluye su trayectoria vital con sus \u00faltimas realizaciones y los honores recibidos por el artista. Un \u00faltimo apartado reflexiona sobre la visi\u00f3n est\u00e9tica de llor\u00e9ns poy a partir de sus propias palabras y escritos.  el estudio se complementa con una catalogaci\u00f3n pr\u00e1cticamente exhaustiva de sus obras, de un repertorio gr\u00e1fico de las mismas y de una selecci\u00f3n de im\u00e1genes personales.<\/p>\n<p>&nbsp;<\/p>\n<h3>Datos acad\u00e9micos de la tesis doctoral \u00ab<strong>Vicente llor\u00e9ns poy, vida y obra<\/strong>\u00ab<\/h3>\n<ul>\n<li><strong>T\u00edtulo de la tesis:<\/strong>\u00a0 Vicente llor\u00e9ns poy, vida y obra <\/li>\n<li><strong>Autor:<\/strong>\u00a0 Jacinto Heredia Robres <\/li>\n<li><strong>Universidad:<\/strong>\u00a0 Jaume i de castell\u00f3n<\/li>\n<li><strong>Fecha de lectura de la tesis:<\/strong>\u00a0 01\/12\/2010<\/li>\n<\/ul>\n<p>&nbsp;<\/p>\n<h3>Direcci\u00f3n y tribunal<\/h3>\n<ul>\n<li><strong>Director de la tesis<\/strong>\n<ul>\n<li>Victor Minguez Cornelles<\/li>\n<\/ul>\n<\/li>\n<li><strong>Tribunal<\/strong>\n<ul>\n<li>Presidente del tribunal: wifredo Rinc\u00f3n Garc\u00eda <\/li>\n<li>Manuel Fernandez nieto (vocal)<\/li>\n<li>M\u00aa del carmen Corona marzol (vocal)<\/li>\n<li>rodrigo Guti\u00e9rrez vi\u00f1uales (vocal)<\/li>\n<\/ul>\n<\/li>\n<\/ul>\n<p>&nbsp;<\/p>\n","protected":false},"excerpt":{"rendered":"<p>Tesis doctoral de Jacinto Heredia Robres Vicente llor\u00e9ns poy, vida y obra autor: jacinto heredia robres. la presente tesis, de [&hellip;]<\/p>\n","protected":false},"author":1,"featured_media":0,"comment_status":"open","ping_status":"open","sticky":false,"template":"","format":"standard","meta":{"site-sidebar-layout":"default","site-content-layout":"","ast-site-content-layout":"","site-content-style":"default","site-sidebar-style":"default","ast-global-header-display":"","ast-banner-title-visibility":"","ast-main-header-display":"","ast-hfb-above-header-display":"","ast-hfb-below-header-display":"","ast-hfb-mobile-header-display":"","site-post-title":"","ast-breadcrumbs-content":"","ast-featured-img":"","footer-sml-layout":"","theme-transparent-header-meta":"","adv-header-id-meta":"","stick-header-meta":"","header-above-stick-meta":"","header-main-stick-meta":"","header-below-stick-meta":"","astra-migrate-meta-layouts":"default","ast-page-background-enabled":"default","ast-page-background-meta":{"desktop":{"background-color":"var(--ast-global-color-4)","background-image":"","background-repeat":"repeat","background-position":"center center","background-size":"auto","background-attachment":"scroll","background-type":"","background-media":"","overlay-type":"","overlay-color":"","overlay-gradient":""},"tablet":{"background-color":"","background-image":"","background-repeat":"repeat","background-position":"center center","background-size":"auto","background-attachment":"scroll","background-type":"","background-media":"","overlay-type":"","overlay-color":"","overlay-gradient":""},"mobile":{"background-color":"","background-image":"","background-repeat":"repeat","background-position":"center center","background-size":"auto","background-attachment":"scroll","background-type":"","background-media":"","overlay-type":"","overlay-color":"","overlay-gradient":""}},"ast-content-background-meta":{"desktop":{"background-color":"var(--ast-global-color-5)","background-image":"","background-repeat":"repeat","background-position":"center center","background-size":"auto","background-attachment":"scroll","background-type":"","background-media":"","overlay-type":"","overlay-color":"","overlay-gradient":""},"tablet":{"background-color":"var(--ast-global-color-5)","background-image":"","background-repeat":"repeat","background-position":"center center","background-size":"auto","background-attachment":"scroll","background-type":"","background-media":"","overlay-type":"","overlay-color":"","overlay-gradient":""},"mobile":{"background-color":"var(--ast-global-color-5)","background-image":"","background-repeat":"repeat","background-position":"center center","background-size":"auto","background-attachment":"scroll","background-type":"","background-media":"","overlay-type":"","overlay-color":"","overlay-gradient":""}},"footnotes":""},"categories":[954,4363,2563,18725,3806],"tags":[212493,5585,144848,35604,12105,42149],"class_list":["post-105334","post","type-post","status-publish","format-standard","hentry","category-biografias","category-escultura","category-historia-del-arte-de-los-siglos-xix-y-xx","category-jaume-i-de-castellon","category-pintura","tag-jacinto-heredia-robres","tag-manuel-fernandez-nieto","tag-ma-del-carmen-corona-marzol","tag-rodrigo-gutierrez-vinuales","tag-victor-minguez-cornelles","tag-wifredo-rincon-garcia"],"_links":{"self":[{"href":"https:\/\/www.deberes.net\/tesis\/wp-json\/wp\/v2\/posts\/105334","targetHints":{"allow":["GET"]}}],"collection":[{"href":"https:\/\/www.deberes.net\/tesis\/wp-json\/wp\/v2\/posts"}],"about":[{"href":"https:\/\/www.deberes.net\/tesis\/wp-json\/wp\/v2\/types\/post"}],"author":[{"embeddable":true,"href":"https:\/\/www.deberes.net\/tesis\/wp-json\/wp\/v2\/users\/1"}],"replies":[{"embeddable":true,"href":"https:\/\/www.deberes.net\/tesis\/wp-json\/wp\/v2\/comments?post=105334"}],"version-history":[{"count":0,"href":"https:\/\/www.deberes.net\/tesis\/wp-json\/wp\/v2\/posts\/105334\/revisions"}],"wp:attachment":[{"href":"https:\/\/www.deberes.net\/tesis\/wp-json\/wp\/v2\/media?parent=105334"}],"wp:term":[{"taxonomy":"category","embeddable":true,"href":"https:\/\/www.deberes.net\/tesis\/wp-json\/wp\/v2\/categories?post=105334"},{"taxonomy":"post_tag","embeddable":true,"href":"https:\/\/www.deberes.net\/tesis\/wp-json\/wp\/v2\/tags?post=105334"}],"curies":[{"name":"wp","href":"https:\/\/api.w.org\/{rel}","templated":true}]}}