{"id":105348,"date":"2010-02-12T00:00:00","date_gmt":"2010-02-12T00:00:00","guid":{"rendered":"https:\/\/www.deberes.net\/tesis\/sin-categoria\/la-educacion-intercultural-supuestos-antropologicos-y-su-incidencia-en-la-formacion-del-profesorado\/"},"modified":"2010-02-12T00:00:00","modified_gmt":"2010-02-12T00:00:00","slug":"la-educacion-intercultural-supuestos-antropologicos-y-su-incidencia-en-la-formacion-del-profesorado","status":"publish","type":"post","link":"https:\/\/www.deberes.net\/tesis\/teorias-educativas\/la-educacion-intercultural-supuestos-antropologicos-y-su-incidencia-en-la-formacion-del-profesorado\/","title":{"rendered":"La educaci\u00f3n intercultural: supuestos antropol\u00f3gicos y su incidencia en la formaci\u00f3n del profesorado"},"content":{"rendered":"<h2>Tesis doctoral de <strong> Milagros Felisa Altarejos Mart\u00ednez <\/strong><\/h2>\n<p>La formaci\u00f3n del profesorado para trabajar en contextos multiculturales se perfila actualmente como una de las necesidades m\u00e1s destacadas dentro del \u00e1mbito de la educaci\u00f3n y, m\u00e1s concretamente, aquella formaci\u00f3n que incide de lleno en la dimensi\u00f3n afectivo-actitudinal-moral que envuelve toda relaci\u00f3n interpersonal. Desde este punto de vista, la consideraci\u00f3n de unos principios antropol\u00f3gicos en la formaci\u00f3n del profesorado en educaci\u00f3n intercultural es ineludible, ya que no es indiferente la idea de hombre que se tenga a la hora de inclinar la acci\u00f3n docente en un sentido u otro. la objetivaci\u00f3n del ser personal y la p\u00e9rdida del sentido de la unidad original del hombre lleva actualmente al olvido de toda referencia al ser personal; esto es lo que hay que recuperar para la formaci\u00f3n del profesorado; porque de la consideraci\u00f3n de ciertas cualidades peculiares como son la naturaleza (libre), la identidad personal o la coexistencia, se derivan una serie de acciones concretas como la apertura a los dem\u00e1s y el acto de reconocimiento del otro, realizados a trav\u00e9s de la donaci\u00f3n y de la aceptaci\u00f3n. estas nociones son indispensables para un educador que aspira a educar a sus alumnos en contextos de interculturalidad, porque \u00e9sta no es una actitud, ni una situaci\u00f3n de adaptaci\u00f3n a las circunstancias, sino que es la manifestaci\u00f3n de una necesidad antropol\u00f3gica radical: ser con otros. en definitiva se trata de plantear en la formaci\u00f3n del profesorado que la educaci\u00f3n intercultural no se resuelve s\u00f3lo con m\u00e9todos, t\u00e9cnicas especializadas ni programas educativos, sino a trav\u00e9s del establecimiento de relaciones entre personas; dar a entender, en \u00faltima instancia, que es imposible educar si no es en constante referencia al otro y con \u00e9l, esto es, desde el coexistir.<\/p>\n<p>&nbsp;<\/p>\n<h3>Datos acad\u00e9micos de la tesis doctoral \u00ab<strong>La educaci\u00f3n intercultural: supuestos antropol\u00f3gicos y su incidencia en la formaci\u00f3n del profesorado<\/strong>\u00ab<\/h3>\n<ul>\n<li><strong>T\u00edtulo de la tesis:<\/strong>\u00a0 La educaci\u00f3n intercultural: supuestos antropol\u00f3gicos y su incidencia en la formaci\u00f3n del profesorado <\/li>\n<li><strong>Autor:<\/strong>\u00a0 Milagros Felisa Altarejos Mart\u00ednez <\/li>\n<li><strong>Universidad:<\/strong>\u00a0 Navarra<\/li>\n<li><strong>Fecha de lectura de la tesis:<\/strong>\u00a0 02\/12\/2010<\/li>\n<\/ul>\n<p>&nbsp;<\/p>\n<h3>Direcci\u00f3n y tribunal<\/h3>\n<ul>\n<li><strong>Director de la tesis<\/strong>\n<ul>\n<li>Aurora Bernal Martinez De Soria<\/li>\n<\/ul>\n<\/li>\n<li><strong>Tribunal<\/strong>\n<ul>\n<li>Presidente del tribunal: Miguel \u00e1ngel Santos rego <\/li>\n<li>josep antoni Jord\u00e1n sierra (vocal)<\/li>\n<li>Marta Ruiz corbella (vocal)<\/li>\n<li>gonzalo Jover olmeda (vocal)<\/li>\n<\/ul>\n<\/li>\n<\/ul>\n<p>&nbsp;<\/p>\n","protected":false},"excerpt":{"rendered":"<p>Tesis doctoral de Milagros Felisa Altarejos Mart\u00ednez La formaci\u00f3n del profesorado para trabajar en contextos multiculturales se perfila actualmente como [&hellip;]<\/p>\n","protected":false},"author":1,"featured_media":0,"comment_status":"open","ping_status":"open","sticky":false,"template":"","format":"standard","meta":{"site-sidebar-layout":"default","site-content-layout":"","ast-site-content-layout":"","site-content-style":"default","site-sidebar-style":"default","ast-global-header-display":"","ast-banner-title-visibility":"","ast-main-header-display":"","ast-hfb-above-header-display":"","ast-hfb-below-header-display":"","ast-hfb-mobile-header-display":"","site-post-title":"","ast-breadcrumbs-content":"","ast-featured-img":"","footer-sml-layout":"","theme-transparent-header-meta":"","adv-header-id-meta":"","stick-header-meta":"","header-above-stick-meta":"","header-main-stick-meta":"","header-below-stick-meta":"","astra-migrate-meta-layouts":"default","ast-page-background-enabled":"default","ast-page-background-meta":{"desktop":{"background-color":"var(--ast-global-color-4)","background-image":"","background-repeat":"repeat","background-position":"center center","background-size":"auto","background-attachment":"scroll","background-type":"","background-media":"","overlay-type":"","overlay-color":"","overlay-gradient":""},"tablet":{"background-color":"","background-image":"","background-repeat":"repeat","background-position":"center center","background-size":"auto","background-attachment":"scroll","background-type":"","background-media":"","overlay-type":"","overlay-color":"","overlay-gradient":""},"mobile":{"background-color":"","background-image":"","background-repeat":"repeat","background-position":"center center","background-size":"auto","background-attachment":"scroll","background-type":"","background-media":"","overlay-type":"","overlay-color":"","overlay-gradient":""}},"ast-content-background-meta":{"desktop":{"background-color":"var(--ast-global-color-5)","background-image":"","background-repeat":"repeat","background-position":"center center","background-size":"auto","background-attachment":"scroll","background-type":"","background-media":"","overlay-type":"","overlay-color":"","overlay-gradient":""},"tablet":{"background-color":"var(--ast-global-color-5)","background-image":"","background-repeat":"repeat","background-position":"center center","background-size":"auto","background-attachment":"scroll","background-type":"","background-media":"","overlay-type":"","overlay-color":"","overlay-gradient":""},"mobile":{"background-color":"var(--ast-global-color-5)","background-image":"","background-repeat":"repeat","background-position":"center center","background-size":"auto","background-attachment":"scroll","background-type":"","background-media":"","overlay-type":"","overlay-color":"","overlay-gradient":""}},"footnotes":""},"categories":[17749,11958],"tags":[17850,18266,34147,63378,143433,212513],"class_list":["post-105348","post","type-post","status-publish","format-standard","hentry","category-navarra","category-teorias-educativas","tag-aurora-bernal-Martinez-de-soria","tag-gonzalo-jover-olmeda","tag-josep-antoni-jordan-sierra","tag-marta-ruiz-corbella","tag-miguel-angel-santos-rego","tag-milagros-felisa-altarejos-Martinez"],"_links":{"self":[{"href":"https:\/\/www.deberes.net\/tesis\/wp-json\/wp\/v2\/posts\/105348","targetHints":{"allow":["GET"]}}],"collection":[{"href":"https:\/\/www.deberes.net\/tesis\/wp-json\/wp\/v2\/posts"}],"about":[{"href":"https:\/\/www.deberes.net\/tesis\/wp-json\/wp\/v2\/types\/post"}],"author":[{"embeddable":true,"href":"https:\/\/www.deberes.net\/tesis\/wp-json\/wp\/v2\/users\/1"}],"replies":[{"embeddable":true,"href":"https:\/\/www.deberes.net\/tesis\/wp-json\/wp\/v2\/comments?post=105348"}],"version-history":[{"count":0,"href":"https:\/\/www.deberes.net\/tesis\/wp-json\/wp\/v2\/posts\/105348\/revisions"}],"wp:attachment":[{"href":"https:\/\/www.deberes.net\/tesis\/wp-json\/wp\/v2\/media?parent=105348"}],"wp:term":[{"taxonomy":"category","embeddable":true,"href":"https:\/\/www.deberes.net\/tesis\/wp-json\/wp\/v2\/categories?post=105348"},{"taxonomy":"post_tag","embeddable":true,"href":"https:\/\/www.deberes.net\/tesis\/wp-json\/wp\/v2\/tags?post=105348"}],"curies":[{"name":"wp","href":"https:\/\/api.w.org\/{rel}","templated":true}]}}