{"id":105364,"date":"2010-02-12T00:00:00","date_gmt":"2010-02-12T00:00:00","guid":{"rendered":"https:\/\/www.deberes.net\/tesis\/sin-categoria\/medio-y-lenguaje-del-diseno-grafico-televisivo-la-continuidad-en-canal-9-1989-2005\/"},"modified":"2010-02-12T00:00:00","modified_gmt":"2010-02-12T00:00:00","slug":"medio-y-lenguaje-del-diseno-grafico-televisivo-la-continuidad-en-canal-9-1989-2005","status":"publish","type":"post","link":"https:\/\/www.deberes.net\/tesis\/historia-del-arte\/medio-y-lenguaje-del-diseno-grafico-televisivo-la-continuidad-en-canal-9-1989-2005\/","title":{"rendered":"Medio y lenguaje del dise\u00f1o gr\u00e1fico televisivo. la continuidad en canal 9 (1989-2005)"},"content":{"rendered":"<h2>Tesis doctoral de <strong> Filiberto Siscar  Sendra <\/strong><\/h2>\n<p>Este trabajo investiga sobre el dise\u00f1o gr\u00e1fico televisivo, como una de las herramientas que acompa\u00f1an a la televisi\u00f3n desde su nacimiento y evoluci\u00f3n, cambiando con las mejoras tecnol\u00f3gicas del medio y adapt\u00e1ndose a las nuevas necesidades de \u00e9ste. El estudio se centra en tres aspectos principales: primero se recopilan las caracter\u00edsticas tecnol\u00f3gicas de la imagen televisiva, marco donde se plasma el trabajo del grafista; segundo el an\u00e1lisis del marco te\u00f3rico de esta relacion\u00e1ndola con otras pr\u00e1cticas del audiovisual afines y el an\u00e1lisis de su representaci\u00f3n actual en la tdt espa\u00f1ola; y tercero se profundiza en una de las principales expresiones de esta disciplina: la continuidad de un canal de televisi\u00f3n, con la que se plasma la imagen e identidad del canal y se promociona su oferta. Para ello se recopila su base te\u00f3rica y pr\u00e1ctica mediante ejemplos extra\u00eddos de la tdt espa\u00f1ola y su expresi\u00f3n en canal 9, primer canal del grupo rtvv, desde 1989 a 2005.<\/p>\n<p>&nbsp;<\/p>\n<h3>Datos acad\u00e9micos de la tesis doctoral \u00ab<strong>Medio y lenguaje del dise\u00f1o gr\u00e1fico televisivo. la continuidad en canal 9 (1989-2005)<\/strong>\u00ab<\/h3>\n<ul>\n<li><strong>T\u00edtulo de la tesis:<\/strong>\u00a0 Medio y lenguaje del dise\u00f1o gr\u00e1fico televisivo. la continuidad en canal 9 (1989-2005) <\/li>\n<li><strong>Autor:<\/strong>\u00a0 Filiberto Siscar  Sendra <\/li>\n<li><strong>Universidad:<\/strong>\u00a0 Miguel hern\u00e1ndez de elche<\/li>\n<li><strong>Fecha de lectura de la tesis:<\/strong>\u00a0 02\/12\/2010<\/li>\n<\/ul>\n<p>&nbsp;<\/p>\n<h3>Direcci\u00f3n y tribunal<\/h3>\n<ul>\n<li><strong>Director de la tesis<\/strong>\n<ul>\n<li>Emilio Rosell\u00f3 Tormo<\/li>\n<\/ul>\n<\/li>\n<li><strong>Tribunal<\/strong>\n<ul>\n<li>Presidente del tribunal: Mar\u00eda eulalia Adelantado mateu <\/li>\n<li>elpidio Del campo ca\u00f1izares (vocal)<\/li>\n<li>Juan a Mar\u00eda Balsalobre Garc\u00eda (vocal)<\/li>\n<li>german Llorca abad (vocal)<\/li>\n<\/ul>\n<\/li>\n<\/ul>\n<p>&nbsp;<\/p>\n","protected":false},"excerpt":{"rendered":"<p>Tesis doctoral de Filiberto Siscar Sendra Este trabajo investiga sobre el dise\u00f1o gr\u00e1fico televisivo, como una de las herramientas que [&hellip;]<\/p>\n","protected":false},"author":1,"featured_media":0,"comment_status":"open","ping_status":"open","sticky":false,"template":"","format":"standard","meta":{"site-sidebar-layout":"default","site-content-layout":"","ast-site-content-layout":"","site-content-style":"default","site-sidebar-style":"default","ast-global-header-display":"","ast-banner-title-visibility":"","ast-main-header-display":"","ast-hfb-above-header-display":"","ast-hfb-below-header-display":"","ast-hfb-mobile-header-display":"","site-post-title":"","ast-breadcrumbs-content":"","ast-featured-img":"","footer-sml-layout":"","theme-transparent-header-meta":"","adv-header-id-meta":"","stick-header-meta":"","header-above-stick-meta":"","header-main-stick-meta":"","header-below-stick-meta":"","astra-migrate-meta-layouts":"default","ast-page-background-enabled":"default","ast-page-background-meta":{"desktop":{"background-color":"var(--ast-global-color-4)","background-image":"","background-repeat":"repeat","background-position":"center center","background-size":"auto","background-attachment":"scroll","background-type":"","background-media":"","overlay-type":"","overlay-color":"","overlay-gradient":""},"tablet":{"background-color":"","background-image":"","background-repeat":"repeat","background-position":"center center","background-size":"auto","background-attachment":"scroll","background-type":"","background-media":"","overlay-type":"","overlay-color":"","overlay-gradient":""},"mobile":{"background-color":"","background-image":"","background-repeat":"repeat","background-position":"center center","background-size":"auto","background-attachment":"scroll","background-type":"","background-media":"","overlay-type":"","overlay-color":"","overlay-gradient":""}},"ast-content-background-meta":{"desktop":{"background-color":"var(--ast-global-color-5)","background-image":"","background-repeat":"repeat","background-position":"center center","background-size":"auto","background-attachment":"scroll","background-type":"","background-media":"","overlay-type":"","overlay-color":"","overlay-gradient":""},"tablet":{"background-color":"var(--ast-global-color-5)","background-image":"","background-repeat":"repeat","background-position":"center center","background-size":"auto","background-attachment":"scroll","background-type":"","background-media":"","overlay-type":"","overlay-color":"","overlay-gradient":""},"mobile":{"background-color":"var(--ast-global-color-5)","background-image":"","background-repeat":"repeat","background-position":"center center","background-size":"auto","background-attachment":"scroll","background-type":"","background-media":"","overlay-type":"","overlay-color":"","overlay-gradient":""}},"footnotes":""},"categories":[15977,4510,1014,37169,5052],"tags":[208626,31373,212535,125625,207684,16970],"class_list":["post-105364","post","type-post","status-publish","format-standard","hentry","category-diseno-con-ayuda-de-ordenador","category-estetica-de-las-bellas-artes","category-historia-del-arte","category-miguel-hernandez-de-elche","category-television","tag-elpidio-del-campo-canizares","tag-emilio-rosello-tormo","tag-filiberto-siscar-sendra","tag-german-llorca-abad","tag-juan-a-maria-balsalobre-garcia","tag-maria-eulalia-adelantado-mateu"],"_links":{"self":[{"href":"https:\/\/www.deberes.net\/tesis\/wp-json\/wp\/v2\/posts\/105364","targetHints":{"allow":["GET"]}}],"collection":[{"href":"https:\/\/www.deberes.net\/tesis\/wp-json\/wp\/v2\/posts"}],"about":[{"href":"https:\/\/www.deberes.net\/tesis\/wp-json\/wp\/v2\/types\/post"}],"author":[{"embeddable":true,"href":"https:\/\/www.deberes.net\/tesis\/wp-json\/wp\/v2\/users\/1"}],"replies":[{"embeddable":true,"href":"https:\/\/www.deberes.net\/tesis\/wp-json\/wp\/v2\/comments?post=105364"}],"version-history":[{"count":0,"href":"https:\/\/www.deberes.net\/tesis\/wp-json\/wp\/v2\/posts\/105364\/revisions"}],"wp:attachment":[{"href":"https:\/\/www.deberes.net\/tesis\/wp-json\/wp\/v2\/media?parent=105364"}],"wp:term":[{"taxonomy":"category","embeddable":true,"href":"https:\/\/www.deberes.net\/tesis\/wp-json\/wp\/v2\/categories?post=105364"},{"taxonomy":"post_tag","embeddable":true,"href":"https:\/\/www.deberes.net\/tesis\/wp-json\/wp\/v2\/tags?post=105364"}],"curies":[{"name":"wp","href":"https:\/\/api.w.org\/{rel}","templated":true}]}}