{"id":105421,"date":"2010-03-12T00:00:00","date_gmt":"2010-03-12T00:00:00","guid":{"rendered":"https:\/\/www.deberes.net\/tesis\/sin-categoria\/dinamica-del-polvo-cometario-aplicacion-a-los-cometas-46p-wirtanen-1p-halley-y-29p-schwassmann-wachmann\/"},"modified":"2010-03-12T00:00:00","modified_gmt":"2010-03-12T00:00:00","slug":"dinamica-del-polvo-cometario-aplicacion-a-los-cometas-46p-wirtanen-1p-halley-y-29p-schwassmann-wachmann","status":"publish","type":"post","link":"https:\/\/www.deberes.net\/tesis\/astronomia-y-astrofisica\/dinamica-del-polvo-cometario-aplicacion-a-los-cometas-46p-wirtanen-1p-halley-y-29p-schwassmann-wachmann\/","title":{"rendered":"Din\u00e1mica del polvo cometario: aplicaci\u00f3n a los cometas 46p\/wirtanen, 1p\/ halley y 29p\/schwassmann-wachmann"},"content":{"rendered":"<h2>Tesis doctoral de <strong> Francisco Javier Jim\u00e9nez Fern\u00e1ndez <\/strong><\/h2>\n<p>Isbn:? 9788469402177<\/p>\n<p>&nbsp;<\/p>\n<h3>Datos acad\u00e9micos de la tesis doctoral \u00ab<strong>Din\u00e1mica del polvo cometario: aplicaci\u00f3n a los cometas 46p\/wirtanen, 1p\/ halley y 29p\/schwassmann-wachmann<\/strong>\u00ab<\/h3>\n<ul>\n<li><strong>T\u00edtulo de la tesis:<\/strong>\u00a0 Din\u00e1mica del polvo cometario: aplicaci\u00f3n a los cometas 46p\/wirtanen, 1p\/ halley y 29p\/schwassmann-wachmann <\/li>\n<li><strong>Autor:<\/strong>\u00a0 Francisco Javier Jim\u00e9nez Fern\u00e1ndez <\/li>\n<li><strong>Universidad:<\/strong>\u00a0 Granada<\/li>\n<li><strong>Fecha de lectura de la tesis:<\/strong>\u00a0 03\/12\/2010<\/li>\n<\/ul>\n<p>&nbsp;<\/p>\n<h3>Direcci\u00f3n y tribunal<\/h3>\n<ul>\n<li><strong>Director de la tesis<\/strong>\n<ul>\n<li>Fernando Moreno Danvila<\/li>\n<\/ul>\n<\/li>\n<li><strong>Tribunal<\/strong>\n<ul>\n<li>Presidente del tribunal: Francisco jos\u00e9 Olmo reyes <\/li>\n<li>Miguel angel Satorre aznar (vocal)<\/li>\n<li>adriano Campo bagat\u00edn (vocal)<\/li>\n<li>Jos\u00e9 Juan Lopez moreno (vocal)<\/li>\n<\/ul>\n<\/li>\n<\/ul>\n<p>&nbsp;<\/p>\n","protected":false},"excerpt":{"rendered":"<p>Tesis doctoral de Francisco Javier Jim\u00e9nez Fern\u00e1ndez Isbn:? 9788469402177 &nbsp; Datos acad\u00e9micos de la tesis doctoral \u00abDin\u00e1mica del polvo cometario: [&hellip;]<\/p>\n","protected":false},"author":1,"featured_media":0,"comment_status":"open","ping_status":"open","sticky":false,"template":"","format":"standard","meta":{"site-sidebar-layout":"default","site-content-layout":"","ast-site-content-layout":"","site-content-style":"default","site-sidebar-style":"default","ast-global-header-display":"","ast-banner-title-visibility":"","ast-main-header-display":"","ast-hfb-above-header-display":"","ast-hfb-below-header-display":"","ast-hfb-mobile-header-display":"","site-post-title":"","ast-breadcrumbs-content":"","ast-featured-img":"","footer-sml-layout":"","theme-transparent-header-meta":"","adv-header-id-meta":"","stick-header-meta":"","header-above-stick-meta":"","header-main-stick-meta":"","header-below-stick-meta":"","astra-migrate-meta-layouts":"default","ast-page-background-enabled":"default","ast-page-background-meta":{"desktop":{"background-color":"var(--ast-global-color-4)","background-image":"","background-repeat":"repeat","background-position":"center center","background-size":"auto","background-attachment":"scroll","background-type":"","background-media":"","overlay-type":"","overlay-color":"","overlay-gradient":""},"tablet":{"background-color":"","background-image":"","background-repeat":"repeat","background-position":"center center","background-size":"auto","background-attachment":"scroll","background-type":"","background-media":"","overlay-type":"","overlay-color":"","overlay-gradient":""},"mobile":{"background-color":"","background-image":"","background-repeat":"repeat","background-position":"center center","background-size":"auto","background-attachment":"scroll","background-type":"","background-media":"","overlay-type":"","overlay-color":"","overlay-gradient":""}},"ast-content-background-meta":{"desktop":{"background-color":"var(--ast-global-color-5)","background-image":"","background-repeat":"repeat","background-position":"center center","background-size":"auto","background-attachment":"scroll","background-type":"","background-media":"","overlay-type":"","overlay-color":"","overlay-gradient":""},"tablet":{"background-color":"var(--ast-global-color-5)","background-image":"","background-repeat":"repeat","background-position":"center center","background-size":"auto","background-attachment":"scroll","background-type":"","background-media":"","overlay-type":"","overlay-color":"","overlay-gradient":""},"mobile":{"background-color":"var(--ast-global-color-5)","background-image":"","background-repeat":"repeat","background-position":"center center","background-size":"auto","background-attachment":"scroll","background-type":"","background-media":"","overlay-type":"","overlay-color":"","overlay-gradient":""}},"footnotes":""},"categories":[1050,46633],"tags":[148674,46635,212622,149087,92200,66819],"class_list":["post-105421","post","type-post","status-publish","format-standard","hentry","category-astronomia-y-astrofisica","category-cometas","tag-adriano-campo-bagatin","tag-fernando-moreno-danvila","tag-francisco-javier-jimenez-fernandez","tag-francisco-jose-olmo-reyes","tag-jose-juan-lopez-moreno","tag-miguel-angel-satorre-aznar"],"_links":{"self":[{"href":"https:\/\/www.deberes.net\/tesis\/wp-json\/wp\/v2\/posts\/105421","targetHints":{"allow":["GET"]}}],"collection":[{"href":"https:\/\/www.deberes.net\/tesis\/wp-json\/wp\/v2\/posts"}],"about":[{"href":"https:\/\/www.deberes.net\/tesis\/wp-json\/wp\/v2\/types\/post"}],"author":[{"embeddable":true,"href":"https:\/\/www.deberes.net\/tesis\/wp-json\/wp\/v2\/users\/1"}],"replies":[{"embeddable":true,"href":"https:\/\/www.deberes.net\/tesis\/wp-json\/wp\/v2\/comments?post=105421"}],"version-history":[{"count":0,"href":"https:\/\/www.deberes.net\/tesis\/wp-json\/wp\/v2\/posts\/105421\/revisions"}],"wp:attachment":[{"href":"https:\/\/www.deberes.net\/tesis\/wp-json\/wp\/v2\/media?parent=105421"}],"wp:term":[{"taxonomy":"category","embeddable":true,"href":"https:\/\/www.deberes.net\/tesis\/wp-json\/wp\/v2\/categories?post=105421"},{"taxonomy":"post_tag","embeddable":true,"href":"https:\/\/www.deberes.net\/tesis\/wp-json\/wp\/v2\/tags?post=105421"}],"curies":[{"name":"wp","href":"https:\/\/api.w.org\/{rel}","templated":true}]}}