{"id":105428,"date":"2010-03-12T00:00:00","date_gmt":"2010-03-12T00:00:00","guid":{"rendered":"https:\/\/www.deberes.net\/tesis\/sin-categoria\/propuesta-de-un-modelo-cartografico-para-la-gestion-ambiental-en-chile\/"},"modified":"2010-03-12T00:00:00","modified_gmt":"2010-03-12T00:00:00","slug":"propuesta-de-un-modelo-cartografico-para-la-gestion-ambiental-en-chile","status":"publish","type":"post","link":"https:\/\/www.deberes.net\/tesis\/barcelona\/propuesta-de-un-modelo-cartografico-para-la-gestion-ambiental-en-chile\/","title":{"rendered":"Propuesta de un modelo cartografico para la gesti\u00f3n ambiental en chile"},"content":{"rendered":"<h2>Tesis doctoral de <strong> Rodrigo Barriga  Vargas <\/strong><\/h2>\n<p>El tema central de investigaci\u00f3n de esta tesis doctoral es la propuesta de un modelo cartogr\u00e1fico ambiental para chile, el cual esta articulado en torno a materias relacionadas con unos aspectos ambientales espec\u00edficos, considerando en todo caso la realidad tanto en sus aspectos naturales como los culturales, para dise\u00f1ar una herramienta cartogr\u00e1fica que permita articular los fundamentos territoriales de la  gesti\u00f3n ambiental del pa\u00eds. el modelo propuesto se basa en diversos elementos geoambientales te\u00f3ricos de car\u00e1cter general, asociados a las defi niciones que proporcionan las infraestructuras de datos espaciales, como tambi\u00e9n en sus aspectos internacionales y nacionales. Esto fue enmarcado a nivel te\u00f3rico conceptual con algunos conceptos b\u00e1sicos de la teor\u00eda general de sistemas, lo que asociado a las caracter\u00edsticas propias del modelo y combinado con la opini\u00f3n de especialistas, permiti\u00f3 generar tanto una proposici\u00f3n te\u00f3rica como la respectiva pre-evaluaci\u00f3n del modelo. \u00e9l cual al combinar datos cartogr\u00e1ficos fundamentales, tem\u00e1ticos y ambientales adecuadamente procesados permitir\u00edan medir a trav\u00e9s de indicadores la situaci\u00f3n ambiental que representan los rasgos b\u00e1sicos del paisaje o medio ambiente; estos al estar debidamente geolocalizados sirven de enlaces ante las posibles aplicaciones tem\u00e1ticas relacionadas con la gesti\u00f3n ambiental. A partir de esta aproximaci\u00f3n, se realiz\u00f3 un an\u00e1lisis que permiti\u00f3 definir, entre otros aspectos, variables ambientales significativas para su aplicaci\u00f3n cartogr\u00e1fica de acuerdo a la realidad nacional. A partir de dichas variables, la propuesta del modelo fue aplicada de manera concreta en valpara\u00edso, lota e isla de pascua, considerando en cada zona una base com\u00fan de datos fundamentales, sobre los cuales se integraron los respectivos antecedentes que permitieron desarrollar un n\u00famero importante de indicadores ambientales. Estos se expresaron, adem\u00e1s de sus resultados alfanum\u00e9ricos, en diecisiete mapas espec\u00edficos para cada una de las zonas geogr\u00e1ficas estudiadas, con ellos se construyo un peque\u00f1o atlas ambiental articulado en secciones para las tres \u00e1reas de estudio. de esta manera, se establece el grado de relevancia para la cartograf\u00eda y su respectiva modelaci\u00f3n en el proceso de an\u00e1lisis para la ordenaci\u00f3n y planifi caci\u00f3n ambiental de un territorio, constituy\u00e9ndose de este en una herramienta tecnol\u00f3gica necesaria para la gesti\u00f3n ambiental, lo que har\u00eda necesario contar con la defi nici\u00f3n de un modelo cartogr\u00e1fico espec\u00edfico para chile. Sin embargo, es necesario seguir avanzando en futuros desarrollos que permitan incorporar nuevas tem\u00e1ticas de aplicaci\u00f3n, ya que en este caso solamente se consideraron aspectos relacionados con la evaluaci\u00f3n de la vulnerabilidad social que afectan la calidad de vida de los ciudadanos, estim\u00e1ndose que son m\u00faltiples los estudios donde este modelo puede ser potencialmente aplicado. a partir del desarrollo, definici\u00f3n, aplicaci\u00f3n y pre-evaluaci\u00f3n del modelo cartogr\u00e1fico para la gesti\u00f3n ambiental en chile, es posible hacer una serie de reflexiones para facilitar la compresi\u00f3n territorial nacional, lo que podr\u00eda servir en el futuro como base para la formulaci\u00f3n de nuevas propuestas que optimicen la gesti\u00f3n ambiental en chile.<\/p>\n<p>&nbsp;<\/p>\n<h3>Datos acad\u00e9micos de la tesis doctoral \u00ab<strong>Propuesta de un modelo cartografico para la gesti\u00f3n ambiental en chile<\/strong>\u00ab<\/h3>\n<ul>\n<li><strong>T\u00edtulo de la tesis:<\/strong>\u00a0 Propuesta de un modelo cartografico para la gesti\u00f3n ambiental en chile <\/li>\n<li><strong>Autor:<\/strong>\u00a0 Rodrigo Barriga  Vargas <\/li>\n<li><strong>Universidad:<\/strong>\u00a0 Barcelona<\/li>\n<li><strong>Fecha de lectura de la tesis:<\/strong>\u00a0 03\/12\/2010<\/li>\n<\/ul>\n<p>&nbsp;<\/p>\n<h3>Direcci\u00f3n y tribunal<\/h3>\n<ul>\n<li><strong>Director de la tesis<\/strong>\n<ul>\n<li>Patricio Rubio Romero<\/li>\n<\/ul>\n<\/li>\n<li><strong>Tribunal<\/strong>\n<ul>\n<li>Presidente del tribunal: javier Martin vide <\/li>\n<li>carmelo Conesa garcia (vocal)<\/li>\n<li>  (vocal)<\/li>\n<li>  (vocal)<\/li>\n<\/ul>\n<\/li>\n<\/ul>\n<p>&nbsp;<\/p>\n","protected":false},"excerpt":{"rendered":"<p>Tesis doctoral de Rodrigo Barriga Vargas El tema central de investigaci\u00f3n de esta tesis doctoral es la propuesta de un [&hellip;]<\/p>\n","protected":false},"author":1,"featured_media":0,"comment_status":"open","ping_status":"open","sticky":false,"template":"","format":"standard","meta":{"site-sidebar-layout":"default","site-content-layout":"","ast-site-content-layout":"","site-content-style":"default","site-sidebar-style":"default","ast-global-header-display":"","ast-banner-title-visibility":"","ast-main-header-display":"","ast-hfb-above-header-display":"","ast-hfb-below-header-display":"","ast-hfb-mobile-header-display":"","site-post-title":"","ast-breadcrumbs-content":"","ast-featured-img":"","footer-sml-layout":"","theme-transparent-header-meta":"","adv-header-id-meta":"","stick-header-meta":"","header-above-stick-meta":"","header-main-stick-meta":"","header-below-stick-meta":"","astra-migrate-meta-layouts":"default","ast-page-background-enabled":"default","ast-page-background-meta":{"desktop":{"background-color":"var(--ast-global-color-4)","background-image":"","background-repeat":"repeat","background-position":"center center","background-size":"auto","background-attachment":"scroll","background-type":"","background-media":"","overlay-type":"","overlay-color":"","overlay-gradient":""},"tablet":{"background-color":"","background-image":"","background-repeat":"repeat","background-position":"center center","background-size":"auto","background-attachment":"scroll","background-type":"","background-media":"","overlay-type":"","overlay-color":"","overlay-gradient":""},"mobile":{"background-color":"","background-image":"","background-repeat":"repeat","background-position":"center center","background-size":"auto","background-attachment":"scroll","background-type":"","background-media":"","overlay-type":"","overlay-color":"","overlay-gradient":""}},"ast-content-background-meta":{"desktop":{"background-color":"var(--ast-global-color-5)","background-image":"","background-repeat":"repeat","background-position":"center center","background-size":"auto","background-attachment":"scroll","background-type":"","background-media":"","overlay-type":"","overlay-color":"","overlay-gradient":""},"tablet":{"background-color":"var(--ast-global-color-5)","background-image":"","background-repeat":"repeat","background-position":"center center","background-size":"auto","background-attachment":"scroll","background-type":"","background-media":"","overlay-type":"","overlay-color":"","overlay-gradient":""},"mobile":{"background-color":"var(--ast-global-color-5)","background-image":"","background-repeat":"repeat","background-position":"center center","background-size":"auto","background-attachment":"scroll","background-type":"","background-media":"","overlay-type":"","overlay-color":"","overlay-gradient":""}},"footnotes":""},"categories":[951,17508,35924,1333,37684],"tags":[62481,4331,20359,212633],"class_list":["post-105428","post","type-post","status-publish","format-standard","hentry","category-barcelona","category-cartografia-geografica","category-geografia-topografica","category-ingenieria-y-tecnologia-del-medio-ambiente","category-politica-del-medio-ambiente","tag-carmelo-conesa-garcia","tag-javier-martin-vide","tag-patricio-rubio-romero","tag-rodrigo-barriga-vargas"],"_links":{"self":[{"href":"https:\/\/www.deberes.net\/tesis\/wp-json\/wp\/v2\/posts\/105428","targetHints":{"allow":["GET"]}}],"collection":[{"href":"https:\/\/www.deberes.net\/tesis\/wp-json\/wp\/v2\/posts"}],"about":[{"href":"https:\/\/www.deberes.net\/tesis\/wp-json\/wp\/v2\/types\/post"}],"author":[{"embeddable":true,"href":"https:\/\/www.deberes.net\/tesis\/wp-json\/wp\/v2\/users\/1"}],"replies":[{"embeddable":true,"href":"https:\/\/www.deberes.net\/tesis\/wp-json\/wp\/v2\/comments?post=105428"}],"version-history":[{"count":0,"href":"https:\/\/www.deberes.net\/tesis\/wp-json\/wp\/v2\/posts\/105428\/revisions"}],"wp:attachment":[{"href":"https:\/\/www.deberes.net\/tesis\/wp-json\/wp\/v2\/media?parent=105428"}],"wp:term":[{"taxonomy":"category","embeddable":true,"href":"https:\/\/www.deberes.net\/tesis\/wp-json\/wp\/v2\/categories?post=105428"},{"taxonomy":"post_tag","embeddable":true,"href":"https:\/\/www.deberes.net\/tesis\/wp-json\/wp\/v2\/tags?post=105428"}],"curies":[{"name":"wp","href":"https:\/\/api.w.org\/{rel}","templated":true}]}}