{"id":105457,"date":"2010-07-12T00:00:00","date_gmt":"2010-07-12T00:00:00","guid":{"rendered":"https:\/\/www.deberes.net\/tesis\/sin-categoria\/ala-retirada-del-estado-central-en-democracias-descentralizadas-y-federalizadas-los-casos-del-brasil-espana-y-sudafrica-democraticos\/"},"modified":"2010-07-12T00:00:00","modified_gmt":"2010-07-12T00:00:00","slug":"ala-retirada-del-estado-central-en-democracias-descentralizadas-y-federalizadas-los-casos-del-brasil-espana-y-sudafrica-democraticos","status":"publish","type":"post","link":"https:\/\/www.deberes.net\/tesis\/instituciones-regionales\/ala-retirada-del-estado-central-en-democracias-descentralizadas-y-federalizadas-los-casos-del-brasil-espana-y-sudafrica-democraticos\/","title":{"rendered":"\u00c2\u00bfla retirada del estado central en democracias  descentralizadas y federalizadas? los casos del brasil, espa\u00f1a y sud\u00e1frica democr\u00e1ticos"},"content":{"rendered":"<h2>Tesis doctoral de <strong> Helder Ferreira Do Vale <\/strong><\/h2>\n<p>La tesis analiza la evoluci\u00f3n de las relaciones intergubernamentales en brasil, espa\u00f1a y sud\u00e1frica a la luz de sus respectivas transiciones a la democracia. El an\u00e1lisis se basa en la interacci\u00f3n negociada entre las \u00e9lites pol\u00edticas nacionales y subnacionales en los procesos de descentralizaci\u00f3n y federalizaci\u00f3n de los tres pa\u00edses. As\u00ed pues, la tesis identifica y explica el mecanismo por lo cual los gobiernos subnacionales en brasil, espa\u00f1a, y sud\u00e1frica han adquirido autonom\u00eda fiscal y administrativa como resultado de los procesos de descentralizaci\u00f3n y federalizaci\u00f3n. A trav\u00e9s de la comparaci\u00f3n de estos procesos entre los tres casos, la tesis detalla c\u00f3mo y porqu\u00e9 el locus de autoridad ha cambiado verticalmente. Asimismo, la tesis ofrece una explicaci\u00f3n sobre la aparici\u00f3n de nuevos patrones de relaciones intergubernamentales en cada uno de los casos como resultado de un pacto constitucional democr\u00e1tico alcanzado entre las \u00e9lites pol\u00edticas centrales y subnacionales.<\/p>\n<p>&nbsp;<\/p>\n<h3>Datos acad\u00e9micos de la tesis doctoral \u00ab<strong>\u00c2\u00bfla retirada del estado central en democracias  descentralizadas y federalizadas? los casos del brasil, espa\u00f1a y sud\u00e1frica democr\u00e1ticos<\/strong>\u00ab<\/h3>\n<ul>\n<li><strong>T\u00edtulo de la tesis:<\/strong>\u00a0 \u00c2\u00bfla retirada del estado central en democracias  descentralizadas y federalizadas? los casos del brasil, espa\u00f1a y sud\u00e1frica democr\u00e1ticos <\/li>\n<li><strong>Autor:<\/strong>\u00a0 Helder Ferreira Do Vale <\/li>\n<li><strong>Universidad:<\/strong>\u00a0 Pompeu fabra<\/li>\n<li><strong>Fecha de lectura de la tesis:<\/strong>\u00a0 07\/12\/2010<\/li>\n<\/ul>\n<p>&nbsp;<\/p>\n<h3>Direcci\u00f3n y tribunal<\/h3>\n<ul>\n<li><strong>Director de la tesis<\/strong>\n<ul>\n<li>Ferran Requejo Coll<\/li>\n<\/ul>\n<\/li>\n<li><strong>Tribunal<\/strong>\n<ul>\n<li>Presidente del tribunal: nagel Klaus-jurgen <\/li>\n<li>michael Burgess (vocal)<\/li>\n<li>  (vocal)<\/li>\n<li>  (vocal)<\/li>\n<\/ul>\n<\/li>\n<\/ul>\n<p>&nbsp;<\/p>\n","protected":false},"excerpt":{"rendered":"<p>Tesis doctoral de Helder Ferreira Do Vale La tesis analiza la evoluci\u00f3n de las relaciones intergubernamentales en brasil, espa\u00f1a y [&hellip;]<\/p>\n","protected":false},"author":1,"featured_media":0,"comment_status":"open","ping_status":"open","sticky":false,"template":"","format":"standard","meta":{"site-sidebar-layout":"default","site-content-layout":"","ast-site-content-layout":"","site-content-style":"default","site-sidebar-style":"default","ast-global-header-display":"","ast-banner-title-visibility":"","ast-main-header-display":"","ast-hfb-above-header-display":"","ast-hfb-below-header-display":"","ast-hfb-mobile-header-display":"","site-post-title":"","ast-breadcrumbs-content":"","ast-featured-img":"","footer-sml-layout":"","theme-transparent-header-meta":"","adv-header-id-meta":"","stick-header-meta":"","header-above-stick-meta":"","header-main-stick-meta":"","header-below-stick-meta":"","astra-migrate-meta-layouts":"default","ast-page-background-enabled":"default","ast-page-background-meta":{"desktop":{"background-color":"var(--ast-global-color-4)","background-image":"","background-repeat":"repeat","background-position":"center center","background-size":"auto","background-attachment":"scroll","background-type":"","background-media":"","overlay-type":"","overlay-color":"","overlay-gradient":""},"tablet":{"background-color":"","background-image":"","background-repeat":"repeat","background-position":"center center","background-size":"auto","background-attachment":"scroll","background-type":"","background-media":"","overlay-type":"","overlay-color":"","overlay-gradient":""},"mobile":{"background-color":"","background-image":"","background-repeat":"repeat","background-position":"center center","background-size":"auto","background-attachment":"scroll","background-type":"","background-media":"","overlay-type":"","overlay-color":"","overlay-gradient":""}},"ast-content-background-meta":{"desktop":{"background-color":"var(--ast-global-color-5)","background-image":"","background-repeat":"repeat","background-position":"center center","background-size":"auto","background-attachment":"scroll","background-type":"","background-media":"","overlay-type":"","overlay-color":"","overlay-gradient":""},"tablet":{"background-color":"var(--ast-global-color-5)","background-image":"","background-repeat":"repeat","background-position":"center center","background-size":"auto","background-attachment":"scroll","background-type":"","background-media":"","overlay-type":"","overlay-color":"","overlay-gradient":""},"mobile":{"background-color":"var(--ast-global-color-5)","background-image":"","background-repeat":"repeat","background-position":"center center","background-size":"auto","background-attachment":"scroll","background-type":"","background-media":"","overlay-type":"","overlay-color":"","overlay-gradient":""}},"footnotes":""},"categories":[59060,11803,6324,18712,6917],"tags":[47369,212682,212684,212683],"class_list":["post-105457","post","type-post","status-publish","format-standard","hentry","category-instituciones-centrales","category-instituciones-politicas","category-instituciones-regionales","category-pompeu-fabra","category-teoria-politica","tag-ferran-requejo-coll","tag-helder-ferreira-do-vale","tag-michael-burgess","tag-nagel-klaus-jurgen"],"_links":{"self":[{"href":"https:\/\/www.deberes.net\/tesis\/wp-json\/wp\/v2\/posts\/105457","targetHints":{"allow":["GET"]}}],"collection":[{"href":"https:\/\/www.deberes.net\/tesis\/wp-json\/wp\/v2\/posts"}],"about":[{"href":"https:\/\/www.deberes.net\/tesis\/wp-json\/wp\/v2\/types\/post"}],"author":[{"embeddable":true,"href":"https:\/\/www.deberes.net\/tesis\/wp-json\/wp\/v2\/users\/1"}],"replies":[{"embeddable":true,"href":"https:\/\/www.deberes.net\/tesis\/wp-json\/wp\/v2\/comments?post=105457"}],"version-history":[{"count":0,"href":"https:\/\/www.deberes.net\/tesis\/wp-json\/wp\/v2\/posts\/105457\/revisions"}],"wp:attachment":[{"href":"https:\/\/www.deberes.net\/tesis\/wp-json\/wp\/v2\/media?parent=105457"}],"wp:term":[{"taxonomy":"category","embeddable":true,"href":"https:\/\/www.deberes.net\/tesis\/wp-json\/wp\/v2\/categories?post=105457"},{"taxonomy":"post_tag","embeddable":true,"href":"https:\/\/www.deberes.net\/tesis\/wp-json\/wp\/v2\/tags?post=105457"}],"curies":[{"name":"wp","href":"https:\/\/api.w.org\/{rel}","templated":true}]}}