{"id":105464,"date":"2010-09-12T00:00:00","date_gmt":"2010-09-12T00:00:00","guid":{"rendered":"https:\/\/www.deberes.net\/tesis\/sin-categoria\/estructura-y-programacion-de-los-canales-multimedia-de-los-transportes-publicos-el-caso-espanol-2000-2007\/"},"modified":"2010-09-12T00:00:00","modified_gmt":"2010-09-12T00:00:00","slug":"estructura-y-programacion-de-los-canales-multimedia-de-los-transportes-publicos-el-caso-espanol-2000-2007","status":"publish","type":"post","link":"https:\/\/www.deberes.net\/tesis\/sociologia\/estructura-y-programacion-de-los-canales-multimedia-de-los-transportes-publicos-el-caso-espanol-2000-2007\/","title":{"rendered":"Estructura y programaci\u00f3n  de los canales multimedia de los transportes p\u00fablicos : el caso espa\u00f1ol (2000-2007)."},"content":{"rendered":"<h2>Tesis doctoral de <strong> Sergio Mena Mu\u00f1oz <\/strong><\/h2>\n<p>Este trabajo de tesis doctoral consigue, por un lado, hacer una presentaci\u00f3n de la g\u00e9nesis y evoluci\u00f3n de los canales multimedia que operan en los transportes p\u00fablicos de espa\u00f1a entre 2000 y 2007, haciendo hincapi\u00e9 en aquellos que presentan una progr amaci\u00f3n continuada en el \u00e1mbito urbano. Por otro lado, presenta un modelo comunicacional creado ex profeso para este tipo de medios de comunicaci\u00f3n. Para la realizaci\u00f3n de este trabajo se han realizado seis investigaciones de tipo cuantitativo: dos s obre programaci\u00f3n, uno sobre elementos gr\u00e1ficos, otro sobre el efecto de conformidad en los ferrocarriles metropolitanos, uno sobre los niveles sonoros en los ferrocarriles metropolitanos y uno \u00faltimo sobre la respuesta de la audiencia. Adem\u00e1s, se ha  entrevistado a siete personalidades del mundo de la publicidad, del dise\u00f1o, de los discapacitados, del m\u00e1rketing y del transporte, as\u00ed como a los responsables de una de las emisoras analizadas.<\/p>\n<p>&nbsp;<\/p>\n<h3>Datos acad\u00e9micos de la tesis doctoral \u00ab<strong>Estructura y programaci\u00f3n  de los canales multimedia de los transportes p\u00fablicos : el caso espa\u00f1ol (2000-2007).<\/strong>\u00ab<\/h3>\n<ul>\n<li><strong>T\u00edtulo de la tesis:<\/strong>\u00a0 Estructura y programaci\u00f3n  de los canales multimedia de los transportes p\u00fablicos : el caso espa\u00f1ol (2000-2007). <\/li>\n<li><strong>Autor:<\/strong>\u00a0 Sergio Mena Mu\u00f1oz <\/li>\n<li><strong>Universidad:<\/strong>\u00a0 Complutense de Madrid<\/li>\n<li><strong>Fecha de lectura de la tesis:<\/strong>\u00a0 09\/12\/2010<\/li>\n<\/ul>\n<p>&nbsp;<\/p>\n<h3>Direcci\u00f3n y tribunal<\/h3>\n<ul>\n<li><strong>Director de la tesis<\/strong>\n<ul>\n<li>Luis Miguel Mart\u00ednez Fern\u00e1ndez<\/li>\n<\/ul>\n<\/li>\n<li><strong>Tribunal<\/strong>\n<ul>\n<li>Presidente del tribunal: Mar\u00eda no Cebrian herreros <\/li>\n<li>agust\u00edn Garc\u00eda matilla (vocal)<\/li>\n<li>Jos\u00e9 Manuel P\u00e9rez tornero (vocal)<\/li>\n<li>Manuel Chaparro escudero (vocal)<\/li>\n<\/ul>\n<\/li>\n<\/ul>\n<p>&nbsp;<\/p>\n","protected":false},"excerpt":{"rendered":"<p>Tesis doctoral de Sergio Mena Mu\u00f1oz Este trabajo de tesis doctoral consigue, por un lado, hacer una presentaci\u00f3n de la [&hellip;]<\/p>\n","protected":false},"author":1,"featured_media":0,"comment_status":"open","ping_status":"open","sticky":false,"template":"","format":"standard","meta":{"site-sidebar-layout":"default","site-content-layout":"","ast-site-content-layout":"","site-content-style":"default","site-sidebar-style":"default","ast-global-header-display":"","ast-banner-title-visibility":"","ast-main-header-display":"","ast-hfb-above-header-display":"","ast-hfb-below-header-display":"","ast-hfb-mobile-header-display":"","site-post-title":"","ast-breadcrumbs-content":"","ast-featured-img":"","footer-sml-layout":"","theme-transparent-header-meta":"","adv-header-id-meta":"","stick-header-meta":"","header-above-stick-meta":"","header-main-stick-meta":"","header-below-stick-meta":"","astra-migrate-meta-layouts":"default","ast-page-background-enabled":"default","ast-page-background-meta":{"desktop":{"background-color":"var(--ast-global-color-4)","background-image":"","background-repeat":"repeat","background-position":"center center","background-size":"auto","background-attachment":"scroll","background-type":"","background-media":"","overlay-type":"","overlay-color":"","overlay-gradient":""},"tablet":{"background-color":"","background-image":"","background-repeat":"repeat","background-position":"center center","background-size":"auto","background-attachment":"scroll","background-type":"","background-media":"","overlay-type":"","overlay-color":"","overlay-gradient":""},"mobile":{"background-color":"","background-image":"","background-repeat":"repeat","background-position":"center center","background-size":"auto","background-attachment":"scroll","background-type":"","background-media":"","overlay-type":"","overlay-color":"","overlay-gradient":""}},"ast-content-background-meta":{"desktop":{"background-color":"var(--ast-global-color-5)","background-image":"","background-repeat":"repeat","background-position":"center center","background-size":"auto","background-attachment":"scroll","background-type":"","background-media":"","overlay-type":"","overlay-color":"","overlay-gradient":""},"tablet":{"background-color":"var(--ast-global-color-5)","background-image":"","background-repeat":"repeat","background-position":"center center","background-size":"auto","background-attachment":"scroll","background-type":"","background-media":"","overlay-type":"","overlay-color":"","overlay-gradient":""},"mobile":{"background-color":"var(--ast-global-color-5)","background-image":"","background-repeat":"repeat","background-position":"center center","background-size":"auto","background-attachment":"scroll","background-type":"","background-media":"","overlay-type":"","overlay-color":"","overlay-gradient":""}},"footnotes":""},"categories":[986,269],"tags":[44582,4913,77216,45333,4909,212696],"class_list":["post-105464","post","type-post","status-publish","format-standard","hentry","category-complutense-de-madrid","category-sociologia","tag-agustin-garcia-matilla","tag-jose-manuel-perez-tornero","tag-luis-miguel-Martinez-fernandez","tag-manuel-chaparro-escudero","tag-maria-no-cebrian-herreros","tag-sergio-mena-munoz"],"_links":{"self":[{"href":"https:\/\/www.deberes.net\/tesis\/wp-json\/wp\/v2\/posts\/105464","targetHints":{"allow":["GET"]}}],"collection":[{"href":"https:\/\/www.deberes.net\/tesis\/wp-json\/wp\/v2\/posts"}],"about":[{"href":"https:\/\/www.deberes.net\/tesis\/wp-json\/wp\/v2\/types\/post"}],"author":[{"embeddable":true,"href":"https:\/\/www.deberes.net\/tesis\/wp-json\/wp\/v2\/users\/1"}],"replies":[{"embeddable":true,"href":"https:\/\/www.deberes.net\/tesis\/wp-json\/wp\/v2\/comments?post=105464"}],"version-history":[{"count":0,"href":"https:\/\/www.deberes.net\/tesis\/wp-json\/wp\/v2\/posts\/105464\/revisions"}],"wp:attachment":[{"href":"https:\/\/www.deberes.net\/tesis\/wp-json\/wp\/v2\/media?parent=105464"}],"wp:term":[{"taxonomy":"category","embeddable":true,"href":"https:\/\/www.deberes.net\/tesis\/wp-json\/wp\/v2\/categories?post=105464"},{"taxonomy":"post_tag","embeddable":true,"href":"https:\/\/www.deberes.net\/tesis\/wp-json\/wp\/v2\/tags?post=105464"}],"curies":[{"name":"wp","href":"https:\/\/api.w.org\/{rel}","templated":true}]}}