{"id":105496,"date":"2010-10-12T00:00:00","date_gmt":"2010-10-12T00:00:00","guid":{"rendered":"https:\/\/www.deberes.net\/tesis\/sin-categoria\/las-va%c2%adctimas-invisibles-afectacion-psicologica-en-menores-expuestos-a-violencia-de-genero\/"},"modified":"2010-10-12T00:00:00","modified_gmt":"2010-10-12T00:00:00","slug":"las-va%c2%adctimas-invisibles-afectacion-psicologica-en-menores-expuestos-a-violencia-de-genero","status":"publish","type":"post","link":"https:\/\/www.deberes.net\/tesis\/psicopatologia\/las-va%c2%adctimas-invisibles-afectacion-psicologica-en-menores-expuestos-a-violencia-de-genero\/","title":{"rendered":"Las v\u00edctimas invisibles. afectaci\u00f3n psicol\u00f3gica en menores expuestos a violencia de g\u00e9nero."},"content":{"rendered":"<h2>Tesis doctoral de <strong> Mar\u00eda  Vicenta Alcantara Lopez <\/strong><\/h2>\n<p>La violencia de g\u00e9nero, entendida como cualquier acto violento por raz\u00f3n  del sexo que resulta, o podr\u00eda resultar, en da\u00f1o f\u00edsico, sexual o psicol\u00f3gico o en el sufrimiento de la mujer, incluyendo las amenazas de realizar tales actos, coacci\u00f3n o la privaci\u00f3n arbitraria de libertad, produci\u00e9ndose \u00e9stos en la vida p\u00fablica o privada, es una de las formas de violencia que m\u00e1s atenci\u00f3n social e institucional ha recibido en espa\u00f1a en los \u00faltimos a\u00f1os, debido al impacto que ha producido en la sociedad. Numerosos informes publicados por distintos organismos destacan el aumento continuado de este tipo de violencia. Esta problem\u00e1tica social ha culminado entre otros con la aprobaci\u00f3n de diversas leyes y medidas que son contempladas dentro de un marco general de lucha por la protecci\u00f3n de las v\u00edctimas. pero, la violencia de g\u00e9nero no solo afecta a las mujeres que son victimas directas de ella, sino que adem\u00e1s tiene una repercusi\u00f3n sobre los ni\u00f1os\/as hijos\/as de estas mujeres que conviven diariamente con este tipo de violencia.  en la exposici\u00f3n de motivos de la ley org\u00e1nica 1\/2004 se habla del &quot;s\u00edndrome de mujer maltratada&quot;, reconoci\u00e9ndose, como se cita en el segundo apartado, que las situaciones de maltrato &quot;afectan tambi\u00e9n a los\/as menores que se encuentran dentro de su  entorno familiar\u00c2\u00bf&quot;. Si bien,  como indica save the children (2006), la ley no reconoce a los hijos e hijas que se desarrollan en este ambiente de violencia como lo que son: v\u00edctimas de la violencia de g\u00e9nero o como indica osofsky (2003) las victimas invisibles.  este trabajo abarca a lo largo de la parte te\u00f3rica la definici\u00f3n, tipos, preValencia e incidencia de la exposici\u00f3n de ni\u00f1os\/as a violencia de g\u00e9nero, las consecuencias derivadas de esta exposici\u00f3n, y los factores protectores que median en las respuestas ante la misma; los modelos explicativos sobre las consecuencias en los ni\u00f1os\/as expuestos y las t\u00e9cnicas de evaluaci\u00f3n mas apropiadas para la valoraci\u00f3n psicol\u00f3gica. En la parte emp\u00edrica se plantea el estudio de 140 menores derivados al servicio de atenci\u00f3n psicol\u00f3gica para hijos\/as de mujeres maltratadas con los resultados obtenidos en la evaluaci\u00f3n psicol\u00f3gica de diferentes \u00e1reas.<\/p>\n<p>&nbsp;<\/p>\n<h3>Datos acad\u00e9micos de la tesis doctoral \u00ab<strong>Las v\u00edctimas invisibles. afectaci\u00f3n psicol\u00f3gica en menores expuestos a violencia de g\u00e9nero.<\/strong>\u00ab<\/h3>\n<ul>\n<li><strong>T\u00edtulo de la tesis:<\/strong>\u00a0 Las v\u00edctimas invisibles. afectaci\u00f3n psicol\u00f3gica en menores expuestos a violencia de g\u00e9nero. <\/li>\n<li><strong>Autor:<\/strong>\u00a0 Mar\u00eda  Vicenta Alcantara Lopez <\/li>\n<li><strong>Universidad:<\/strong>\u00a0 Murcia<\/li>\n<li><strong>Fecha de lectura de la tesis:<\/strong>\u00a0 10\/12\/2010<\/li>\n<\/ul>\n<p>&nbsp;<\/p>\n<h3>Direcci\u00f3n y tribunal<\/h3>\n<ul>\n<li><strong>Director de la tesis<\/strong>\n<ul>\n<li>Carmen Mar\u00eda Garcia Montalvo<\/li>\n<\/ul>\n<\/li>\n<li><strong>Tribunal<\/strong>\n<ul>\n<li>Presidente del tribunal: amparo Belloch fuster <\/li>\n<li>rosa Mar\u00eda Limi\u00f1ana gras (vocal)<\/li>\n<li>immaculada G\u00f3mez becerra (vocal)<\/li>\n<li>azucena Garc\u00eda palacios (vocal)<\/li>\n<\/ul>\n<\/li>\n<\/ul>\n<p>&nbsp;<\/p>\n","protected":false},"excerpt":{"rendered":"<p>Tesis doctoral de Mar\u00eda Vicenta Alcantara Lopez La violencia de g\u00e9nero, entendida como cualquier acto violento por raz\u00f3n del sexo [&hellip;]<\/p>\n","protected":false},"author":1,"featured_media":0,"comment_status":"open","ping_status":"open","sticky":false,"template":"","format":"standard","meta":{"site-sidebar-layout":"default","site-content-layout":"","ast-site-content-layout":"","site-content-style":"default","site-sidebar-style":"default","ast-global-header-display":"","ast-banner-title-visibility":"","ast-main-header-display":"","ast-hfb-above-header-display":"","ast-hfb-below-header-display":"","ast-hfb-mobile-header-display":"","site-post-title":"","ast-breadcrumbs-content":"","ast-featured-img":"","footer-sml-layout":"","theme-transparent-header-meta":"","adv-header-id-meta":"","stick-header-meta":"","header-above-stick-meta":"","header-main-stick-meta":"","header-below-stick-meta":"","astra-migrate-meta-layouts":"default","ast-page-background-enabled":"default","ast-page-background-meta":{"desktop":{"background-color":"var(--ast-global-color-4)","background-image":"","background-repeat":"repeat","background-position":"center center","background-size":"auto","background-attachment":"scroll","background-type":"","background-media":"","overlay-type":"","overlay-color":"","overlay-gradient":""},"tablet":{"background-color":"","background-image":"","background-repeat":"repeat","background-position":"center center","background-size":"auto","background-attachment":"scroll","background-type":"","background-media":"","overlay-type":"","overlay-color":"","overlay-gradient":""},"mobile":{"background-color":"","background-image":"","background-repeat":"repeat","background-position":"center center","background-size":"auto","background-attachment":"scroll","background-type":"","background-media":"","overlay-type":"","overlay-color":"","overlay-gradient":""}},"ast-content-background-meta":{"desktop":{"background-color":"var(--ast-global-color-5)","background-image":"","background-repeat":"repeat","background-position":"center center","background-size":"auto","background-attachment":"scroll","background-type":"","background-media":"","overlay-type":"","overlay-color":"","overlay-gradient":""},"tablet":{"background-color":"var(--ast-global-color-5)","background-image":"","background-repeat":"repeat","background-position":"center center","background-size":"auto","background-attachment":"scroll","background-type":"","background-media":"","overlay-type":"","overlay-color":"","overlay-gradient":""},"mobile":{"background-color":"var(--ast-global-color-5)","background-image":"","background-repeat":"repeat","background-position":"center center","background-size":"auto","background-attachment":"scroll","background-type":"","background-media":"","overlay-type":"","overlay-color":"","overlay-gradient":""}},"footnotes":""},"categories":[1175,8235,487,970,325],"tags":[13480,89930,167118,212750,212749,124712],"class_list":["post-105496","post","type-post","status-publish","format-standard","hentry","category-evaluacion-y-diagnostico-en-psicologia","category-murcia","category-psicologia-clinica","category-psicologia-del-nino-y-del-adolescente","category-psicopatologia","tag-amparo-belloch-fuster","tag-azucena-garcia-palacios","tag-carmen-maria-garcia-montalvo","tag-immaculada-gomez-becerra","tag-maria-vicenta-alcantara-lopez","tag-rosa-maria-liminana-gras"],"_links":{"self":[{"href":"https:\/\/www.deberes.net\/tesis\/wp-json\/wp\/v2\/posts\/105496","targetHints":{"allow":["GET"]}}],"collection":[{"href":"https:\/\/www.deberes.net\/tesis\/wp-json\/wp\/v2\/posts"}],"about":[{"href":"https:\/\/www.deberes.net\/tesis\/wp-json\/wp\/v2\/types\/post"}],"author":[{"embeddable":true,"href":"https:\/\/www.deberes.net\/tesis\/wp-json\/wp\/v2\/users\/1"}],"replies":[{"embeddable":true,"href":"https:\/\/www.deberes.net\/tesis\/wp-json\/wp\/v2\/comments?post=105496"}],"version-history":[{"count":0,"href":"https:\/\/www.deberes.net\/tesis\/wp-json\/wp\/v2\/posts\/105496\/revisions"}],"wp:attachment":[{"href":"https:\/\/www.deberes.net\/tesis\/wp-json\/wp\/v2\/media?parent=105496"}],"wp:term":[{"taxonomy":"category","embeddable":true,"href":"https:\/\/www.deberes.net\/tesis\/wp-json\/wp\/v2\/categories?post=105496"},{"taxonomy":"post_tag","embeddable":true,"href":"https:\/\/www.deberes.net\/tesis\/wp-json\/wp\/v2\/tags?post=105496"}],"curies":[{"name":"wp","href":"https:\/\/api.w.org\/{rel}","templated":true}]}}