{"id":105521,"date":"2010-10-12T00:00:00","date_gmt":"2010-10-12T00:00:00","guid":{"rendered":"https:\/\/www.deberes.net\/tesis\/sin-categoria\/cine-sociologa%c2%ada-y-antropologa%c2%ada-la-ilusion-de-crear-la-ilusion-de-creer\/"},"modified":"2010-10-12T00:00:00","modified_gmt":"2010-10-12T00:00:00","slug":"cine-sociologa%c2%ada-y-antropologa%c2%ada-la-ilusion-de-crear-la-ilusion-de-creer","status":"publish","type":"post","link":"https:\/\/www.deberes.net\/tesis\/antropologia-cultural\/cine-sociologa%c2%ada-y-antropologa%c2%ada-la-ilusion-de-crear-la-ilusion-de-creer\/","title":{"rendered":"\u00abcine, sociolog\u00eda y antropolog\u00eda: la ilusi\u00f3n de crear, la ilusi\u00f3n de creer\u00bb"},"content":{"rendered":"<h2>Tesis doctoral de <strong> Virginia Rodr\u00edguez  Herrero <\/strong><\/h2>\n<p>La tesis se plantea conocer el modo en que los directores y directoras de cine espa\u00f1ol construyen socialmente tres ideas: la direcci\u00f3n cinematogr\u00e1fica (como parte del proceso de socializaci\u00f3n), el resultado de la creaci\u00f3n cinematogr\u00e1fica (vinculada a los conceptos de realidad, verdad, ficci\u00f3n y mentira), as\u00ed como el valor del p\u00fablico y del pacto de ficci\u00f3n que se establece entre \u00e9ste y la pel\u00edcula. Para ello, se lleva a cabo un an\u00e1lisis pormenorizado de las bases te\u00f3ricas que justifican todos los conteptos comentados (siguiendo los principios de la sociolog\u00eda del cine de las mediaciones, de la sociolog\u00eda del conocimientos en las figuras de berger y luckmann, as\u00ed como de la antropolog\u00eda de las sociedades complejas, de c. Geertz), as\u00ed como un amplio trabajo de campo basado en historias de vida y entrevistas en profundidad, hechas a algunos de los principales representantes del panorama cinematogr\u00e1fico espa\u00f1ol.<\/p>\n<p>&nbsp;<\/p>\n<h3>Datos acad\u00e9micos de la tesis doctoral \u00ab<strong>\u00abcine, sociolog\u00eda y antropolog\u00eda: la ilusi\u00f3n de crear, la ilusi\u00f3n de creer\u00bb<\/strong>\u00ab<\/h3>\n<ul>\n<li><strong>T\u00edtulo de la tesis:<\/strong>\u00a0 \u00abcine, sociolog\u00eda y antropolog\u00eda: la ilusi\u00f3n de crear, la ilusi\u00f3n de creer\u00bb <\/li>\n<li><strong>Autor:<\/strong>\u00a0 Virginia Rodr\u00edguez  Herrero <\/li>\n<li><strong>Universidad:<\/strong>\u00a0 Alicante<\/li>\n<li><strong>Fecha de lectura de la tesis:<\/strong>\u00a0 10\/12\/2010<\/li>\n<\/ul>\n<p>&nbsp;<\/p>\n<h3>Direcci\u00f3n y tribunal<\/h3>\n<ul>\n<li><strong>Director de la tesis<\/strong>\n<ul>\n<li>Juan  Antonio Roche C\u00e1rcel<\/li>\n<\/ul>\n<\/li>\n<li><strong>Tribunal<\/strong>\n<ul>\n<li>Presidente del tribunal: Luis enrique Alonso benito <\/li>\n<li>ra\u00fal Rodr\u00edguez ferrandiz (vocal)<\/li>\n<li>Luis pablo Francescutti perez (vocal)<\/li>\n<li>eduardo Bericat alastuey (vocal)<\/li>\n<\/ul>\n<\/li>\n<\/ul>\n<p>&nbsp;<\/p>\n","protected":false},"excerpt":{"rendered":"<p>Tesis doctoral de Virginia Rodr\u00edguez Herrero La tesis se plantea conocer el modo en que los directores y directoras de [&hellip;]<\/p>\n","protected":false},"author":1,"featured_media":0,"comment_status":"open","ping_status":"open","sticky":false,"template":"","format":"standard","meta":{"site-sidebar-layout":"default","site-content-layout":"","ast-site-content-layout":"","site-content-style":"default","site-sidebar-style":"default","ast-global-header-display":"","ast-banner-title-visibility":"","ast-main-header-display":"","ast-hfb-above-header-display":"","ast-hfb-below-header-display":"","ast-hfb-mobile-header-display":"","site-post-title":"","ast-breadcrumbs-content":"","ast-featured-img":"","footer-sml-layout":"","theme-transparent-header-meta":"","adv-header-id-meta":"","stick-header-meta":"","header-above-stick-meta":"","header-main-stick-meta":"","header-below-stick-meta":"","astra-migrate-meta-layouts":"default","ast-page-background-enabled":"default","ast-page-background-meta":{"desktop":{"background-color":"var(--ast-global-color-4)","background-image":"","background-repeat":"repeat","background-position":"center center","background-size":"auto","background-attachment":"scroll","background-type":"","background-media":"","overlay-type":"","overlay-color":"","overlay-gradient":""},"tablet":{"background-color":"","background-image":"","background-repeat":"repeat","background-position":"center center","background-size":"auto","background-attachment":"scroll","background-type":"","background-media":"","overlay-type":"","overlay-color":"","overlay-gradient":""},"mobile":{"background-color":"","background-image":"","background-repeat":"repeat","background-position":"center center","background-size":"auto","background-attachment":"scroll","background-type":"","background-media":"","overlay-type":"","overlay-color":"","overlay-gradient":""}},"ast-content-background-meta":{"desktop":{"background-color":"var(--ast-global-color-5)","background-image":"","background-repeat":"repeat","background-position":"center center","background-size":"auto","background-attachment":"scroll","background-type":"","background-media":"","overlay-type":"","overlay-color":"","overlay-gradient":""},"tablet":{"background-color":"var(--ast-global-color-5)","background-image":"","background-repeat":"repeat","background-position":"center center","background-size":"auto","background-attachment":"scroll","background-type":"","background-media":"","overlay-type":"","overlay-color":"","overlay-gradient":""},"mobile":{"background-color":"var(--ast-global-color-5)","background-image":"","background-repeat":"repeat","background-position":"center center","background-size":"auto","background-attachment":"scroll","background-type":"","background-media":"","overlay-type":"","overlay-color":"","overlay-gradient":""}},"footnotes":""},"categories":[19166,983,5547,2232],"tags":[75705,84536,4645,183347,61313,212787],"class_list":["post-105521","post","type-post","status-publish","format-standard","hentry","category-alicante","category-antropologia-cultural","category-cinematografia","category-sociologia-cultural","tag-eduardo-bericat-alastuey","tag-juan-antonio-roche-carcel","tag-luis-enrique-alonso-benito","tag-luis-pablo-francescutti-perez","tag-raul-rodriguez-ferrandiz","tag-virginia-rodriguez-herrero"],"_links":{"self":[{"href":"https:\/\/www.deberes.net\/tesis\/wp-json\/wp\/v2\/posts\/105521","targetHints":{"allow":["GET"]}}],"collection":[{"href":"https:\/\/www.deberes.net\/tesis\/wp-json\/wp\/v2\/posts"}],"about":[{"href":"https:\/\/www.deberes.net\/tesis\/wp-json\/wp\/v2\/types\/post"}],"author":[{"embeddable":true,"href":"https:\/\/www.deberes.net\/tesis\/wp-json\/wp\/v2\/users\/1"}],"replies":[{"embeddable":true,"href":"https:\/\/www.deberes.net\/tesis\/wp-json\/wp\/v2\/comments?post=105521"}],"version-history":[{"count":0,"href":"https:\/\/www.deberes.net\/tesis\/wp-json\/wp\/v2\/posts\/105521\/revisions"}],"wp:attachment":[{"href":"https:\/\/www.deberes.net\/tesis\/wp-json\/wp\/v2\/media?parent=105521"}],"wp:term":[{"taxonomy":"category","embeddable":true,"href":"https:\/\/www.deberes.net\/tesis\/wp-json\/wp\/v2\/categories?post=105521"},{"taxonomy":"post_tag","embeddable":true,"href":"https:\/\/www.deberes.net\/tesis\/wp-json\/wp\/v2\/tags?post=105521"}],"curies":[{"name":"wp","href":"https:\/\/api.w.org\/{rel}","templated":true}]}}