{"id":105585,"date":"2018-03-11T10:29:14","date_gmt":"2018-03-11T10:29:14","guid":{"rendered":"https:\/\/www.deberes.net\/tesis\/sin-categoria\/claudio-sanchez-albornoz-1893-1984-historiador-intelectual-y-pola%c2%adtico\/"},"modified":"2018-03-11T10:29:14","modified_gmt":"2018-03-11T10:29:14","slug":"claudio-sanchez-albornoz-1893-1984-historiador-intelectual-y-pola%c2%adtico","status":"publish","type":"post","link":"https:\/\/www.deberes.net\/tesis\/biografias\/claudio-sanchez-albornoz-1893-1984-historiador-intelectual-y-pola%c2%adtico\/","title":{"rendered":"\u00abclaudio s\u00e1nchez-albornoz (1893-1984). historiador, intelectual y pol\u00edtico.\u00bb"},"content":{"rendered":"<h2>Tesis doctoral de <strong> Juan  Pablo Dom\u00ednguez Fern\u00e1ndez <\/strong><\/h2>\n<p>Claudio s\u00e1nchez-albornoz fue uno de los m\u00e1s destacados historiadores espa\u00f1oles del siglo xx. Desde su juventud, se dedic\u00f3 a estudiar diversos aspectos de la historia espa\u00f1ola-especialmente las instituciones y la pol\u00edtica castellana altomedieval-tratando de encontrar en ella las causas de las diferencias entre espa\u00f1a y el resto de la europa occidental. como fundador de la m\u00e1s importante escuela de medievalistas espa\u00f1oles del primer tercio del siglo xx, s\u00e1nchez-albornoz fue uno de los principales responsables de la profesionalizaci\u00f3n de la historia en espa\u00f1a. Pero, al mismo tiempo, permaneci\u00f3 fiel a las tradiciones historiogr\u00e1ficas decimon\u00f3nicas. Sus obras, yendo m\u00e1s all\u00e1 de la mera erudici\u00f3n, buscaron formar la conciencia nacional de sus compatriotas destacando la antig\u00ed\u00bcedad, la perduraci\u00f3n, la unidad y la brillantez de su identidad colectiva. adem\u00e1s de historiador e intelectual, s\u00e1nchez-albornoz fue un destacado pol\u00edtico. En los a\u00f1os treinta perteneci\u00f3 a acci\u00f3n republicana, un partido izquierdista liderado por manuel aza\u00f1a,, y represent\u00f3 a la provincia de \u00e1vila en las cortes. La guerra civil le oblig\u00f3 a exiliarse. En los sesenta fue nombrado presidente del gobierno de la segunda rep\u00fablica en el exilio. En 1976, cuando al fin regres\u00f3 a espa\u00f1a, se convirti\u00f3 en uno de los m\u00e1s populares voceros de la reconciliaci\u00f3n entre las dos espa\u00f1as. la presente tesis doctoral analiza la vida y la obra de s\u00e1nchez-albornoz y demuestra que sus ideas y sus acciones pol\u00edticas estuvieron muy influidas por su pensamiento hist\u00f3rico.<\/p>\n<p>&nbsp;<\/p>\n<h3>Datos acad\u00e9micos de la tesis doctoral \u00ab<strong>\u00abclaudio s\u00e1nchez-albornoz (1893-1984). historiador, intelectual y pol\u00edtico.\u00bb<\/strong>\u00ab<\/h3>\n<ul>\n<li><strong>T\u00edtulo de la tesis:<\/strong>\u00a0 \u00abclaudio s\u00e1nchez-albornoz (1893-1984). historiador, intelectual y pol\u00edtico.\u00bb <\/li>\n<li><strong>Autor:<\/strong>\u00a0 Juan  Pablo Dom\u00ednguez Fern\u00e1ndez <\/li>\n<li><strong>Universidad:<\/strong>\u00a0 Navarra<\/li>\n<li><strong>Fecha de lectura de la tesis:<\/strong>\u00a0 13\/12\/2010<\/li>\n<\/ul>\n<p>&nbsp;<\/p>\n<h3>Direcci\u00f3n y tribunal<\/h3>\n<ul>\n<li><strong>Director de la tesis<\/strong>\n<ul>\n<li>Jaume Aurell Cardona<\/li>\n<\/ul>\n<\/li>\n<li><strong>Tribunal<\/strong>\n<ul>\n<li>Presidente del tribunal: elena Hernandez sadoica <\/li>\n<li>ignacio Peiro martin (vocal)<\/li>\n<li>\u00e1lvaro Ferrary ojeda (vocal)<\/li>\n<li>Jos\u00e9 enrique Ruiz dom\u00e9nec (vocal)<\/li>\n<\/ul>\n<\/li>\n<\/ul>\n<p>&nbsp;<\/p>\n","protected":false},"excerpt":{"rendered":"<p>Tesis doctoral de Juan Pablo Dom\u00ednguez Fern\u00e1ndez Claudio s\u00e1nchez-albornoz fue uno de los m\u00e1s destacados historiadores espa\u00f1oles del siglo xx. [&hellip;]<\/p>\n","protected":false},"author":1,"featured_media":0,"comment_status":"open","ping_status":"open","sticky":false,"template":"","format":"standard","meta":{"site-sidebar-layout":"default","site-content-layout":"","ast-site-content-layout":"","site-content-style":"default","site-sidebar-style":"default","ast-global-header-display":"","ast-banner-title-visibility":"","ast-main-header-display":"","ast-hfb-above-header-display":"","ast-hfb-below-header-display":"","ast-hfb-mobile-header-display":"","site-post-title":"","ast-breadcrumbs-content":"","ast-featured-img":"","footer-sml-layout":"","theme-transparent-header-meta":"","adv-header-id-meta":"","stick-header-meta":"","header-above-stick-meta":"","header-main-stick-meta":"","header-below-stick-meta":"","astra-migrate-meta-layouts":"default","ast-page-background-enabled":"default","ast-page-background-meta":{"desktop":{"background-color":"var(--ast-global-color-4)","background-image":"","background-repeat":"repeat","background-position":"center center","background-size":"auto","background-attachment":"scroll","background-type":"","background-media":"","overlay-type":"","overlay-color":"","overlay-gradient":""},"tablet":{"background-color":"","background-image":"","background-repeat":"repeat","background-position":"center center","background-size":"auto","background-attachment":"scroll","background-type":"","background-media":"","overlay-type":"","overlay-color":"","overlay-gradient":""},"mobile":{"background-color":"","background-image":"","background-repeat":"repeat","background-position":"center center","background-size":"auto","background-attachment":"scroll","background-type":"","background-media":"","overlay-type":"","overlay-color":"","overlay-gradient":""}},"ast-content-background-meta":{"desktop":{"background-color":"var(--ast-global-color-5)","background-image":"","background-repeat":"repeat","background-position":"center center","background-size":"auto","background-attachment":"scroll","background-type":"","background-media":"","overlay-type":"","overlay-color":"","overlay-gradient":""},"tablet":{"background-color":"var(--ast-global-color-5)","background-image":"","background-repeat":"repeat","background-position":"center center","background-size":"auto","background-attachment":"scroll","background-type":"","background-media":"","overlay-type":"","overlay-color":"","overlay-gradient":""},"mobile":{"background-color":"var(--ast-global-color-5)","background-image":"","background-repeat":"repeat","background-position":"center center","background-size":"auto","background-attachment":"scroll","background-type":"","background-media":"","overlay-type":"","overlay-color":"","overlay-gradient":""}},"footnotes":""},"categories":[954,1816,3538,5914,17749],"tags":[49793,147842,84128,19699,193611,212876],"class_list":["post-105585","post","type-post","status-publish","format-standard","hentry","category-biografias","category-historia-contemporanea","category-historia-de-las-ideas-politicas","category-historiografia","category-navarra","tag-alvaro-ferrary-ojeda","tag-elena-hernandez-sadoica","tag-ignacio-peiro-martin","tag-jaume-aurell-cardona","tag-jose-enrique-ruiz-domenec","tag-juan-pablo-dominguez-fernandez"],"_links":{"self":[{"href":"https:\/\/www.deberes.net\/tesis\/wp-json\/wp\/v2\/posts\/105585","targetHints":{"allow":["GET"]}}],"collection":[{"href":"https:\/\/www.deberes.net\/tesis\/wp-json\/wp\/v2\/posts"}],"about":[{"href":"https:\/\/www.deberes.net\/tesis\/wp-json\/wp\/v2\/types\/post"}],"author":[{"embeddable":true,"href":"https:\/\/www.deberes.net\/tesis\/wp-json\/wp\/v2\/users\/1"}],"replies":[{"embeddable":true,"href":"https:\/\/www.deberes.net\/tesis\/wp-json\/wp\/v2\/comments?post=105585"}],"version-history":[{"count":0,"href":"https:\/\/www.deberes.net\/tesis\/wp-json\/wp\/v2\/posts\/105585\/revisions"}],"wp:attachment":[{"href":"https:\/\/www.deberes.net\/tesis\/wp-json\/wp\/v2\/media?parent=105585"}],"wp:term":[{"taxonomy":"category","embeddable":true,"href":"https:\/\/www.deberes.net\/tesis\/wp-json\/wp\/v2\/categories?post=105585"},{"taxonomy":"post_tag","embeddable":true,"href":"https:\/\/www.deberes.net\/tesis\/wp-json\/wp\/v2\/tags?post=105585"}],"curies":[{"name":"wp","href":"https:\/\/api.w.org\/{rel}","templated":true}]}}