{"id":105641,"date":"2018-03-11T10:29:14","date_gmt":"2018-03-11T10:29:14","guid":{"rendered":"https:\/\/www.deberes.net\/tesis\/sin-categoria\/la-inderterminacion-del-concepto-de-arte-en-la-sociedad\/"},"modified":"2018-03-11T10:29:14","modified_gmt":"2018-03-11T10:29:14","slug":"la-inderterminacion-del-concepto-de-arte-en-la-sociedad","status":"publish","type":"post","link":"https:\/\/www.deberes.net\/tesis\/ciencias-de-las-artes-y-las-letras\/la-inderterminacion-del-concepto-de-arte-en-la-sociedad\/","title":{"rendered":"La inderterminaci\u00f3n del concepto de arte en la sociedad."},"content":{"rendered":"<h2>Tesis doctoral de <strong> Juan  Gabriel Morales Quesada <\/strong><\/h2>\n<p>Comienza cualquier forma de expresi\u00f3n amparada por la libertad creadora e igualmente ahogada por el peso de la innovaci\u00f3n. En la \u00e9poca de la muerte de las est\u00e9ticas no existe un arte m\u00e1s verdadero que otro, no podemos considerar como m\u00e1s art\u00edstico aq uel tipo de obras que navegan por las estructuras ling\u00ed\u00bc\u00edsticas del arte, es decir, el arte intelectual, ni tampoco aquel que nace de pasiones o reflexiones de lo humano, es decir, el arte emocional. para \u00abcalzarse\u00bb de excelencia se busca la diferenci a, aunque la originalidad como consecuencia de lo nuevo y distinto ha dejado de estar asociada a la calidad art\u00edstica. Ahora la innovaci\u00f3n es la obsesi\u00f3n por lo ins\u00f3lito intelectual o est\u00e9tico pero alejado de aquello que reflexiona sobre los elemento s estructurales de la expresi\u00f3n art\u00edstica. Novedad que pretende funcionar sin m\u00e1s profundidad que la particularidad que cada ser humano posee. as\u00ed que el hecho art\u00edstico m\u00e1s concreto es la transformaci\u00f3n material de la obra en concepto vac\u00edo olvid\u00e1nd ose de la coherencia entre el contenido y la expresi\u00f3n, haciendo de una originalidad vacua el estandarte de una creatividad ecl\u00e9ctica y est\u00e9tica que se llena con los v\u00ednculos \u00abemp\u00e1ticos\u00bb establecidos con el p\u00fablico com\u00fan.  finalmente, en un mundo del  arte con pocas sorpresas art\u00edsticas, las obras m\u00e1s conocidas se presentan como s\u00edmbolos paradigm\u00e1ticos, lejos de aquellas menos conocidas que quedan definidas por la amplitud de los contextos donde se \u00abdesarrollan\u00bb.<\/p>\n<p>&nbsp;<\/p>\n<h3>Datos acad\u00e9micos de la tesis doctoral \u00ab<strong>La inderterminaci\u00f3n del concepto de arte en la sociedad.<\/strong>\u00ab<\/h3>\n<ul>\n<li><strong>T\u00edtulo de la tesis:<\/strong>\u00a0 La inderterminaci\u00f3n del concepto de arte en la sociedad. <\/li>\n<li><strong>Autor:<\/strong>\u00a0 Juan  Gabriel Morales Quesada <\/li>\n<li><strong>Universidad:<\/strong>\u00a0 Complutense de Madrid<\/li>\n<li><strong>Fecha de lectura de la tesis:<\/strong>\u00a0 14\/12\/2010<\/li>\n<\/ul>\n<p>&nbsp;<\/p>\n<h3>Direcci\u00f3n y tribunal<\/h3>\n<ul>\n<li><strong>Director de la tesis<\/strong>\n<ul>\n<li>Francisco Garc\u00eda Garc\u00eda<\/li>\n<\/ul>\n<\/li>\n<li><strong>Tribunal<\/strong>\n<ul>\n<li>Presidente del tribunal: manuel Hern\u00e1ndez belver <\/li>\n<li>Juan  Jos\u00e9 Perona p\u00e1ez (vocal)<\/li>\n<li>sergio \u00e1lvarez Garc\u00eda (vocal)<\/li>\n<li>Manuel Gertrudix barrio (vocal)<\/li>\n<\/ul>\n<\/li>\n<\/ul>\n<p>&nbsp;<\/p>\n","protected":false},"excerpt":{"rendered":"<p>Tesis doctoral de Juan Gabriel Morales Quesada Comienza cualquier forma de expresi\u00f3n amparada por la libertad creadora e igualmente ahogada [&hellip;]<\/p>\n","protected":false},"author":1,"featured_media":0,"comment_status":"open","ping_status":"open","sticky":false,"template":"","format":"standard","meta":{"site-sidebar-layout":"default","site-content-layout":"","ast-site-content-layout":"","site-content-style":"default","site-sidebar-style":"default","ast-global-header-display":"","ast-banner-title-visibility":"","ast-main-header-display":"","ast-hfb-above-header-display":"","ast-hfb-below-header-display":"","ast-hfb-mobile-header-display":"","site-post-title":"","ast-breadcrumbs-content":"","ast-featured-img":"","footer-sml-layout":"","theme-transparent-header-meta":"","adv-header-id-meta":"","stick-header-meta":"","header-above-stick-meta":"","header-main-stick-meta":"","header-below-stick-meta":"","astra-migrate-meta-layouts":"default","ast-page-background-enabled":"default","ast-page-background-meta":{"desktop":{"background-color":"var(--ast-global-color-4)","background-image":"","background-repeat":"repeat","background-position":"center center","background-size":"auto","background-attachment":"scroll","background-type":"","background-media":"","overlay-type":"","overlay-color":"","overlay-gradient":""},"tablet":{"background-color":"","background-image":"","background-repeat":"repeat","background-position":"center center","background-size":"auto","background-attachment":"scroll","background-type":"","background-media":"","overlay-type":"","overlay-color":"","overlay-gradient":""},"mobile":{"background-color":"","background-image":"","background-repeat":"repeat","background-position":"center center","background-size":"auto","background-attachment":"scroll","background-type":"","background-media":"","overlay-type":"","overlay-color":"","overlay-gradient":""}},"ast-content-background-meta":{"desktop":{"background-color":"var(--ast-global-color-5)","background-image":"","background-repeat":"repeat","background-position":"center center","background-size":"auto","background-attachment":"scroll","background-type":"","background-media":"","overlay-type":"","overlay-color":"","overlay-gradient":""},"tablet":{"background-color":"var(--ast-global-color-5)","background-image":"","background-repeat":"repeat","background-position":"center center","background-size":"auto","background-attachment":"scroll","background-type":"","background-media":"","overlay-type":"","overlay-color":"","overlay-gradient":""},"mobile":{"background-color":"var(--ast-global-color-5)","background-image":"","background-repeat":"repeat","background-position":"center center","background-size":"auto","background-attachment":"scroll","background-type":"","background-media":"","overlay-type":"","overlay-color":"","overlay-gradient":""}},"footnotes":""},"categories":[147,986],"tags":[7470,212973,48806,128161,35316,208510],"class_list":["post-105641","post","type-post","status-publish","format-standard","hentry","category-ciencias-de-las-artes-y-las-letras","category-complutense-de-madrid","tag-francisco-garcia-garcia","tag-juan-gabriel-morales-quesada","tag-juan-jose-perona-paez","tag-manuel-gertrudix-barrio","tag-manuel-hernandez-belver","tag-sergio-alvarez-garcia"],"_links":{"self":[{"href":"https:\/\/www.deberes.net\/tesis\/wp-json\/wp\/v2\/posts\/105641","targetHints":{"allow":["GET"]}}],"collection":[{"href":"https:\/\/www.deberes.net\/tesis\/wp-json\/wp\/v2\/posts"}],"about":[{"href":"https:\/\/www.deberes.net\/tesis\/wp-json\/wp\/v2\/types\/post"}],"author":[{"embeddable":true,"href":"https:\/\/www.deberes.net\/tesis\/wp-json\/wp\/v2\/users\/1"}],"replies":[{"embeddable":true,"href":"https:\/\/www.deberes.net\/tesis\/wp-json\/wp\/v2\/comments?post=105641"}],"version-history":[{"count":0,"href":"https:\/\/www.deberes.net\/tesis\/wp-json\/wp\/v2\/posts\/105641\/revisions"}],"wp:attachment":[{"href":"https:\/\/www.deberes.net\/tesis\/wp-json\/wp\/v2\/media?parent=105641"}],"wp:term":[{"taxonomy":"category","embeddable":true,"href":"https:\/\/www.deberes.net\/tesis\/wp-json\/wp\/v2\/categories?post=105641"},{"taxonomy":"post_tag","embeddable":true,"href":"https:\/\/www.deberes.net\/tesis\/wp-json\/wp\/v2\/tags?post=105641"}],"curies":[{"name":"wp","href":"https:\/\/api.w.org\/{rel}","templated":true}]}}