{"id":105652,"date":"2018-03-11T10:29:19","date_gmt":"2018-03-11T10:29:19","guid":{"rendered":"https:\/\/www.deberes.net\/tesis\/sin-categoria\/la-representacion-pola%c2%adtica-en-el-antiguo-regimen-las-cortes-de-castilla-1655-1834\/"},"modified":"2018-03-11T10:29:19","modified_gmt":"2018-03-11T10:29:19","slug":"la-representacion-pola%c2%adtica-en-el-antiguo-regimen-las-cortes-de-castilla-1655-1834","status":"publish","type":"post","link":"https:\/\/www.deberes.net\/tesis\/extremadura\/la-representacion-pola%c2%adtica-en-el-antiguo-regimen-las-cortes-de-castilla-1655-1834\/","title":{"rendered":"La representaci\u00f3n pol\u00edtica en el antiguo r\u00e9gimen. las cortes de castilla, 1655-1834"},"content":{"rendered":"<h2>Tesis doctoral de <strong> Felipe Lorenzana De La Puente <\/strong><\/h2>\n<p>1. El camino recorrido. Una representaci\u00f3n imperfecta: evoluci\u00f3n de las cortes castellanas durante la edad moderna hasta 1655, su inserci\u00f3n pol\u00edtica y constitucional en la monarqu\u00eda absouta, descripci\u00f3n de sus funciones y estructuras, su representatividad a trav\u00e9s de los procuradores y las ciudades. An\u00e1lisis de la gesti\u00f3n del voto en cortes de extremadura. 2. El reino en cortes, 1655-1665: a trav\u00e9s de las actas de las cortes y la documentaci\u00f3n de la junta de asistentes, se analizan las convocatorias de 1655-58 y 1660-64, deteni\u00e9ndonos en las relaciones entre las partes (rey y reino) y profundizando en las actuaciones de los representantes. Se reflexiona sobre los hechos que contribuyeron al final de las cortes, desconvocadas en 1665. 3. El reino sin cortes. Las luchas por la representaci\u00f3n, 1665-1700: se describe la trayectoria e interrelaciones de los agentes que reclaman la asunci\u00f3n de las competencias de las cortes: el rey, los consejos, las ciudades, la diputaci\u00f3n y la comisi\u00f3n de millones. An\u00e1lisis de las prorrogaciones de los servicios de millones y de los efectos de los decretos de 1694 para el futuro de la representaci\u00f3n del reino. 4. Las cortes del siglo xviii y primer tercio del xix. La significaci\u00f3n pol\u00edtica del reino: tras describir la situaci\u00f3n del tejido urbano en castilla en el setecientos, analizar las prorrogaciones de los millones y las concesiones de nuevos votos en cortes, se aborda cada una de las convocatorias habidas entre 1701 y 1789, abundando en el perfil sociopol\u00edtico de los procuradores. Se establecen tambi\u00e9n las conexiones habidas entre las cortes tradicionales y las cortes liberales. 5. La diputaci\u00f3n de los reinos: 1698-1834: se dedica un amplio cap\u00edtulo a desmenuzar el significado que tuvo la instituci\u00f3n llamada a sustituir a las cortes: la diputaci\u00f3n, analizando su trayectoria pol\u00edtica, su estructura funcionarial, sus competencias y la trama institucional que le rode\u00f3 (consejos, monarca, ciudades, cortes) hasta su desaparici\u00f3n en 1834 antes de dar paso al r\u00e9gimen del estatuto real.<\/p>\n<p>&nbsp;<\/p>\n<h3>Datos acad\u00e9micos de la tesis doctoral \u00ab<strong>La representaci\u00f3n pol\u00edtica en el antiguo r\u00e9gimen. las cortes de castilla, 1655-1834<\/strong>\u00ab<\/h3>\n<ul>\n<li><strong>T\u00edtulo de la tesis:<\/strong>\u00a0 La representaci\u00f3n pol\u00edtica en el antiguo r\u00e9gimen. las cortes de castilla, 1655-1834 <\/li>\n<li><strong>Autor:<\/strong>\u00a0 Felipe Lorenzana De La Puente <\/li>\n<li><strong>Universidad:<\/strong>\u00a0 Extremadura<\/li>\n<li><strong>Fecha de lectura de la tesis:<\/strong>\u00a0 14\/12\/2010<\/li>\n<\/ul>\n<p>&nbsp;<\/p>\n<h3>Direcci\u00f3n y tribunal<\/h3>\n<ul>\n<li><strong>Director de la tesis<\/strong>\n<ul>\n<li>Alfonso Rodr\u00edguez Grajera<\/li>\n<\/ul>\n<\/li>\n<li><strong>Tribunal<\/strong>\n<ul>\n<li>Presidente del tribunal: irving a.a. Thompson <\/li>\n<li>Juan  Manuel Carretero zamora (vocal)<\/li>\n<li>mguel Rodriguez cancho (vocal)<\/li>\n<li>Jos\u00e9 ignacio Fortea  perez (vocal)<\/li>\n<\/ul>\n<\/li>\n<\/ul>\n<p>&nbsp;<\/p>\n","protected":false},"excerpt":{"rendered":"<p>Tesis doctoral de Felipe Lorenzana De La Puente 1. El camino recorrido. Una representaci\u00f3n imperfecta: evoluci\u00f3n de las cortes castellanas [&hellip;]<\/p>\n","protected":false},"author":1,"featured_media":0,"comment_status":"open","ping_status":"open","sticky":false,"template":"","format":"standard","meta":{"site-sidebar-layout":"default","site-content-layout":"","ast-site-content-layout":"","site-content-style":"default","site-sidebar-style":"default","ast-global-header-display":"","ast-banner-title-visibility":"","ast-main-header-display":"","ast-hfb-above-header-display":"","ast-hfb-below-header-display":"","ast-hfb-mobile-header-display":"","site-post-title":"","ast-breadcrumbs-content":"","ast-featured-img":"","footer-sml-layout":"","theme-transparent-header-meta":"","adv-header-id-meta":"","stick-header-meta":"","header-above-stick-meta":"","header-main-stick-meta":"","header-below-stick-meta":"","astra-migrate-meta-layouts":"default","ast-page-background-enabled":"default","ast-page-background-meta":{"desktop":{"background-color":"var(--ast-global-color-4)","background-image":"","background-repeat":"repeat","background-position":"center center","background-size":"auto","background-attachment":"scroll","background-type":"","background-media":"","overlay-type":"","overlay-color":"","overlay-gradient":""},"tablet":{"background-color":"","background-image":"","background-repeat":"repeat","background-position":"center center","background-size":"auto","background-attachment":"scroll","background-type":"","background-media":"","overlay-type":"","overlay-color":"","overlay-gradient":""},"mobile":{"background-color":"","background-image":"","background-repeat":"repeat","background-position":"center center","background-size":"auto","background-attachment":"scroll","background-type":"","background-media":"","overlay-type":"","overlay-color":"","overlay-gradient":""}},"ast-content-background-meta":{"desktop":{"background-color":"var(--ast-global-color-5)","background-image":"","background-repeat":"repeat","background-position":"center center","background-size":"auto","background-attachment":"scroll","background-type":"","background-media":"","overlay-type":"","overlay-color":"","overlay-gradient":""},"tablet":{"background-color":"var(--ast-global-color-5)","background-image":"","background-repeat":"repeat","background-position":"center center","background-size":"auto","background-attachment":"scroll","background-type":"","background-media":"","overlay-type":"","overlay-color":"","overlay-gradient":""},"mobile":{"background-color":"var(--ast-global-color-5)","background-image":"","background-repeat":"repeat","background-position":"center center","background-size":"auto","background-attachment":"scroll","background-type":"","background-media":"","overlay-type":"","overlay-color":"","overlay-gradient":""}},"footnotes":""},"categories":[949,989],"tags":[212988,212987,212989,199772,207770,18490],"class_list":["post-105652","post","type-post","status-publish","format-standard","hentry","category-extremadura","category-historia-moderna","tag-alfonso-rodriguez-grajera","tag-felipe-lorenzana-de-la-puente","tag-irving-a-a-thompson","tag-jose-ignacio-fortea-perez","tag-juan-manuel-carretero-zamora","tag-mguel-rodriguez-cancho"],"_links":{"self":[{"href":"https:\/\/www.deberes.net\/tesis\/wp-json\/wp\/v2\/posts\/105652","targetHints":{"allow":["GET"]}}],"collection":[{"href":"https:\/\/www.deberes.net\/tesis\/wp-json\/wp\/v2\/posts"}],"about":[{"href":"https:\/\/www.deberes.net\/tesis\/wp-json\/wp\/v2\/types\/post"}],"author":[{"embeddable":true,"href":"https:\/\/www.deberes.net\/tesis\/wp-json\/wp\/v2\/users\/1"}],"replies":[{"embeddable":true,"href":"https:\/\/www.deberes.net\/tesis\/wp-json\/wp\/v2\/comments?post=105652"}],"version-history":[{"count":0,"href":"https:\/\/www.deberes.net\/tesis\/wp-json\/wp\/v2\/posts\/105652\/revisions"}],"wp:attachment":[{"href":"https:\/\/www.deberes.net\/tesis\/wp-json\/wp\/v2\/media?parent=105652"}],"wp:term":[{"taxonomy":"category","embeddable":true,"href":"https:\/\/www.deberes.net\/tesis\/wp-json\/wp\/v2\/categories?post=105652"},{"taxonomy":"post_tag","embeddable":true,"href":"https:\/\/www.deberes.net\/tesis\/wp-json\/wp\/v2\/tags?post=105652"}],"curies":[{"name":"wp","href":"https:\/\/api.w.org\/{rel}","templated":true}]}}