{"id":105659,"date":"2018-03-11T10:29:19","date_gmt":"2018-03-11T10:29:19","guid":{"rendered":"https:\/\/www.deberes.net\/tesis\/sin-categoria\/persona-tiempo-y-dialogo-franz-rosenzweig-y-la-tradicion-dialogica\/"},"modified":"2018-03-11T10:29:19","modified_gmt":"2018-03-11T10:29:19","slug":"persona-tiempo-y-dialogo-franz-rosenzweig-y-la-tradicion-dialogica","status":"publish","type":"post","link":"https:\/\/www.deberes.net\/tesis\/barcelona\/persona-tiempo-y-dialogo-franz-rosenzweig-y-la-tradicion-dialogica\/","title":{"rendered":"Persona, tiempo y di\u00e1logo: franz rosenzweig y la tradici\u00f3n dial\u00f3gica"},"content":{"rendered":"<h2>Tesis doctoral de <strong> Sergio Mas D\u00edaz <\/strong><\/h2>\n<p>El autor presenta la obra de franz rosenzweig en el contexto de su generaci\u00f3n, compar\u00e1ndola con la de sus amigos rosenstock, buber y ehrenberg y la de su maestros cohen y meinecke y la relaciona con la tradici\u00f3n dial\u00f3gica (cuyos or\u00edgenes situa en la b\u00fasqueda de una tercera via entre el idealismo y el nihilismo).  Esta tercera via, consciente de las consecuencias de la finitud,  renuncia a un sistema derivado de un principio. Se trata de una corriente que nace a partir del intento de schleiermacher de construir una raz\u00f3n dial\u00f3gica y tiene en la obra del \u00faltimo schelling otro est\u00edmulo en esta b\u00fasqueda de una ontolog\u00eda alternativa. En la primera parte de la tesis se trata de reconstruir dos etapas de la crisis de la modernidad, en torno a 1800 y 1918 y mostrar las continuidades de ambos momentos para que emerja asi con mayor fuerza la originalidad de la obra de rosenzweig, analizada en la segunda parte de la tesis como principal aportaci\u00f3n al personalismo dial\u00f3gico. Entre las conclusiones, se deriva la necesidad de distinguir en el seno de este movimiento entre la filosof\u00eda del encuentro de buber y ebner y el sistema de rosenzweig, como un sistema tridimensional que construye una teor\u00eda de la racionalidad ling\u00ed\u00bc\u00edstica y temporal, un sistema abierto que engloba una pluralidad de niveles discursivos y de experiencias irreductibles entre s\u00ed.<\/p>\n<p>&nbsp;<\/p>\n<h3>Datos acad\u00e9micos de la tesis doctoral \u00ab<strong>Persona, tiempo y di\u00e1logo: franz rosenzweig y la tradici\u00f3n dial\u00f3gica<\/strong>\u00ab<\/h3>\n<ul>\n<li><strong>T\u00edtulo de la tesis:<\/strong>\u00a0 Persona, tiempo y di\u00e1logo: franz rosenzweig y la tradici\u00f3n dial\u00f3gica <\/li>\n<li><strong>Autor:<\/strong>\u00a0 Sergio Mas D\u00edaz <\/li>\n<li><strong>Universidad:<\/strong>\u00a0 Barcelona<\/li>\n<li><strong>Fecha de lectura de la tesis:<\/strong>\u00a0 14\/12\/2010<\/li>\n<\/ul>\n<p>&nbsp;<\/p>\n<h3>Direcci\u00f3n y tribunal<\/h3>\n<ul>\n<li><strong>Director de la tesis<\/strong>\n<ul>\n<li>Gon\u00c1\u00a7al Mayos Solsona<\/li>\n<\/ul>\n<\/li>\n<li><strong>Tribunal<\/strong>\n<ul>\n<li>Presidente del tribunal: gabriel Amengual coll <\/li>\n<li>Jos\u00e9 Luis Villaca\u00f1as berlanga (vocal)<\/li>\n<li>  (vocal)<\/li>\n<li>  (vocal)<\/li>\n<\/ul>\n<\/li>\n<\/ul>\n<p>&nbsp;<\/p>\n","protected":false},"excerpt":{"rendered":"<p>Tesis doctoral de Sergio Mas D\u00edaz El autor presenta la obra de franz rosenzweig en el contexto de su generaci\u00f3n, [&hellip;]<\/p>\n","protected":false},"author":1,"featured_media":0,"comment_status":"open","ping_status":"open","sticky":false,"template":"","format":"standard","meta":{"site-sidebar-layout":"default","site-content-layout":"","ast-site-content-layout":"","site-content-style":"default","site-sidebar-style":"default","ast-global-header-display":"","ast-banner-title-visibility":"","ast-main-header-display":"","ast-hfb-above-header-display":"","ast-hfb-below-header-display":"","ast-hfb-mobile-header-display":"","site-post-title":"","ast-breadcrumbs-content":"","ast-featured-img":"","footer-sml-layout":"","theme-transparent-header-meta":"","adv-header-id-meta":"","stick-header-meta":"","header-above-stick-meta":"","header-main-stick-meta":"","header-below-stick-meta":"","astra-migrate-meta-layouts":"default","ast-page-background-enabled":"default","ast-page-background-meta":{"desktop":{"background-color":"var(--ast-global-color-4)","background-image":"","background-repeat":"repeat","background-position":"center center","background-size":"auto","background-attachment":"scroll","background-type":"","background-media":"","overlay-type":"","overlay-color":"","overlay-gradient":""},"tablet":{"background-color":"","background-image":"","background-repeat":"repeat","background-position":"center center","background-size":"auto","background-attachment":"scroll","background-type":"","background-media":"","overlay-type":"","overlay-color":"","overlay-gradient":""},"mobile":{"background-color":"","background-image":"","background-repeat":"repeat","background-position":"center center","background-size":"auto","background-attachment":"scroll","background-type":"","background-media":"","overlay-type":"","overlay-color":"","overlay-gradient":""}},"ast-content-background-meta":{"desktop":{"background-color":"var(--ast-global-color-5)","background-image":"","background-repeat":"repeat","background-position":"center center","background-size":"auto","background-attachment":"scroll","background-type":"","background-media":"","overlay-type":"","overlay-color":"","overlay-gradient":""},"tablet":{"background-color":"var(--ast-global-color-5)","background-image":"","background-repeat":"repeat","background-position":"center center","background-size":"auto","background-attachment":"scroll","background-type":"","background-media":"","overlay-type":"","overlay-color":"","overlay-gradient":""},"mobile":{"background-color":"var(--ast-global-color-5)","background-image":"","background-repeat":"repeat","background-position":"center center","background-size":"auto","background-attachment":"scroll","background-type":"","background-media":"","overlay-type":"","overlay-color":"","overlay-gradient":""}},"footnotes":""},"categories":[951,8648,1058,17906,990],"tags":[19632,212998,12149,212997],"class_list":["post-105659","post","type-post","status-publish","format-standard","hentry","category-barcelona","category-filosofia-de-la-intersubjetividad","category-filosofia-moderna","category-hermeneutica","category-sistemas-filosoficos","tag-gabriel-amengual-coll","tag-gonaal-mayos-solsona","tag-jose-luis-villacanas-berlanga","tag-sergio-mas-diaz"],"_links":{"self":[{"href":"https:\/\/www.deberes.net\/tesis\/wp-json\/wp\/v2\/posts\/105659","targetHints":{"allow":["GET"]}}],"collection":[{"href":"https:\/\/www.deberes.net\/tesis\/wp-json\/wp\/v2\/posts"}],"about":[{"href":"https:\/\/www.deberes.net\/tesis\/wp-json\/wp\/v2\/types\/post"}],"author":[{"embeddable":true,"href":"https:\/\/www.deberes.net\/tesis\/wp-json\/wp\/v2\/users\/1"}],"replies":[{"embeddable":true,"href":"https:\/\/www.deberes.net\/tesis\/wp-json\/wp\/v2\/comments?post=105659"}],"version-history":[{"count":0,"href":"https:\/\/www.deberes.net\/tesis\/wp-json\/wp\/v2\/posts\/105659\/revisions"}],"wp:attachment":[{"href":"https:\/\/www.deberes.net\/tesis\/wp-json\/wp\/v2\/media?parent=105659"}],"wp:term":[{"taxonomy":"category","embeddable":true,"href":"https:\/\/www.deberes.net\/tesis\/wp-json\/wp\/v2\/categories?post=105659"},{"taxonomy":"post_tag","embeddable":true,"href":"https:\/\/www.deberes.net\/tesis\/wp-json\/wp\/v2\/tags?post=105659"}],"curies":[{"name":"wp","href":"https:\/\/api.w.org\/{rel}","templated":true}]}}