{"id":105701,"date":"2018-03-11T10:29:19","date_gmt":"2018-03-11T10:29:19","guid":{"rendered":"https:\/\/www.deberes.net\/tesis\/sin-categoria\/a-literatura-galega-dos-seculos-escuros-e-do-prerrexurdimento\/"},"modified":"2018-03-11T10:29:19","modified_gmt":"2018-03-11T10:29:19","slug":"a-literatura-galega-dos-seculos-escuros-e-do-prerrexurdimento","status":"publish","type":"post","link":"https:\/\/www.deberes.net\/tesis\/analisis-literario\/a-literatura-galega-dos-seculos-escuros-e-do-prerrexurdimento\/","title":{"rendered":"A literatura galega dos s\u00e9culos escuros e do prerrexurdimento"},"content":{"rendered":"<h2>Tesis doctoral de <strong> Juan  Javier Baldomir Cabanas <\/strong><\/h2>\n<p>En m\u00e1is de unha ocasi\u00f3n, tendeu a se dicir que fern\u00ed\u00a3o l\u00f3pes (1380?-1460?) \u00e9 o \u00faltimo representante do per\u00edodo com\u00fan das literaturas galega e portuguesa. Para alg\u00fans estudosos, a partir da obra deste cronista o sistema literario portugu\u00e9s fica independente das representaci\u00f3ns literarias desta banda do mi\u00f1o. Desde ese momento, debido \u00e1s circunstancias hist\u00f3ricas derivadas das mudanzas pol\u00edticas sufridas, galicia non contar\u00e1 cun sistema literario propio at\u00e9 o s\u00e9culo xix. O noso prop\u00f3sito para a realizaci\u00f3n deste traballo non \u00e9 outro que o de analizarmos a literatura desta etapa intermedia, a literatura comprendida entre finais do s\u00e9culo xv e o ano 1840. Estabelecemos este l\u00edmite inferior debido a que con posterioridade relativamente inmediata a 1483 encontramos (a priori) a primeira manifestaci\u00f3n po\u00e9tica non medieval, mentres que fixamos o superior en 1840 porque \u00e9 nesta data onde atopamos os \u00faltimos testemu\u00f1os literarios realizados con anterioridade a 1842, data en que principian a s\u00faa actividade escrita (en lingua galega) os chamados precursores.   noutra orde de cousas, temos que a literatura dos s\u00e9culos escuros e de boa parte do prerrexurdimento foi sempre vista, normalmente, como un material id\u00f3neo para a realizaci\u00f3n de estudos ling\u00ed\u00bc\u00edsticos. A\u00ednda as\u00ed, este instrumental filol\u00f3xico constit\u00fae un conxunto de testemu\u00f1os literarios v\u00e1lidos para confirmar que, durante esta \u00e9poca, a lingua galega non careceu totalmente de creaci\u00f3n escrita. Por esta causa un dos nosos obxectivos reside en realizarmos un estudo cr\u00edtico-literario (que non ecd\u00f3tico) dos textos literarios escritos en galego durante esta etapa. Principalmente, pois, pretendemos elaborar coa realizaci\u00f3n desta tese un estudo cr\u00edtico das creaci\u00f3ns literarias desta \u00e9poca, o cal ser\u00eda feito de xeito individualizado, mais sen perder en ning\u00fan momento a perspectiva conxunta desta fase da literatura. Por tanto, non nos interesa tanto a edici\u00f3n cr\u00edtica dos escritos literarios datados nos s\u00e9culos escuros e no prerrexurdimento como o estudo cr\u00edtico-literario dos mesmos.    este estudo cr\u00edtico, por outra banda, valer\u00edanos para presentar a diversidade tem\u00e1tica existente entre os textos galegos desta \u00e9poca e, por tanto, para tencionar desbotar certos t\u00f3picos sobre a literatura desta fase, creaci\u00f3n que tendeu a ser reducida, como xa arriba dixemos, ao papel de material filol\u00f3xico. Para isto, procederemos ao longo das p\u00e1xinas desta tese \u00e1 realizaci\u00f3n dunha lectura cr\u00edtica e individual de todos os textos que co\u00f1ezamos datados desta etapa, se ben temos que advertir que non trataremos os escritos literarios descubertos no ano 2009 que non foron a\u00ednda publicados antes de marzo de 210.  finalmente, tendo en conta as particularidades peri\u00f3dicas dos diferentes x\u00e9neros, que nos impiden realizarmos unha divisi\u00f3n cronol\u00f3xica linear e\/ou uniforme, trataremos neste noso traballo cada texto en funci\u00f3n da s\u00faa adscrici\u00f3n xen\u00e9rica, de xeito que dedicamos un cap\u00edtulo para a poes\u00eda, outro para o teatro, outro para a prosa, outro para os vilancicos e por fin outro m\u00e1is para os di\u00e1logos e as formas parateatrais profanas. Por\u00e9n, non podemos desprezar a consideraci\u00f3n de que a literatura \u00e9 sempre elaborada no medio dunhas circunstancias hist\u00f3ricas determinadas (e con frecuencia tam\u00e9n  determinantes), motivo polo que dedicamos un cap\u00edtulo \u00e1 explicaci\u00f3n do contexto hist\u00f3rico e socioling\u00ed\u00bc\u00edstico.<\/p>\n<p>&nbsp;<\/p>\n<h3>Datos acad\u00e9micos de la tesis doctoral \u00ab<strong>A literatura galega dos s\u00e9culos escuros e do prerrexurdimento<\/strong>\u00ab<\/h3>\n<ul>\n<li><strong>T\u00edtulo de la tesis:<\/strong>\u00a0 A literatura galega dos s\u00e9culos escuros e do prerrexurdimento <\/li>\n<li><strong>Autor:<\/strong>\u00a0 Juan  Javier Baldomir Cabanas <\/li>\n<li><strong>Universidad:<\/strong>\u00a0 A coru\u00f1a<\/li>\n<li><strong>Fecha de lectura de la tesis:<\/strong>\u00a0 15\/12\/2010<\/li>\n<\/ul>\n<p>&nbsp;<\/p>\n<h3>Direcci\u00f3n y tribunal<\/h3>\n<ul>\n<li><strong>Director de la tesis<\/strong>\n<ul>\n<li>Luciano Rodr\u00edguez  G\u00f3mez<\/li>\n<\/ul>\n<\/li>\n<li><strong>Tribunal<\/strong>\n<ul>\n<li>Presidente del tribunal: xos\u00e9 Mar\u00eda Dobarro  paz <\/li>\n<li>gonzalo Navaza blanco (vocal)<\/li>\n<li>\u00e1ngel lu\u00eds Prieto de paula (vocal)<\/li>\n<li>anxo Tarr\u00edo varela (vocal)<\/li>\n<\/ul>\n<\/li>\n<\/ul>\n<p>&nbsp;<\/p>\n","protected":false},"excerpt":{"rendered":"<p>Tesis doctoral de Juan Javier Baldomir Cabanas En m\u00e1is de unha ocasi\u00f3n, tendeu a se dicir que fern\u00ed\u00a3o l\u00f3pes (1380?-1460?) [&hellip;]<\/p>\n","protected":false},"author":1,"featured_media":0,"comment_status":"open","ping_status":"open","sticky":false,"template":"","format":"standard","meta":{"site-sidebar-layout":"default","site-content-layout":"","ast-site-content-layout":"","site-content-style":"default","site-sidebar-style":"default","ast-global-header-display":"","ast-banner-title-visibility":"","ast-main-header-display":"","ast-hfb-above-header-display":"","ast-hfb-below-header-display":"","ast-hfb-mobile-header-display":"","site-post-title":"","ast-breadcrumbs-content":"","ast-featured-img":"","footer-sml-layout":"","theme-transparent-header-meta":"","adv-header-id-meta":"","stick-header-meta":"","header-above-stick-meta":"","header-main-stick-meta":"","header-below-stick-meta":"","astra-migrate-meta-layouts":"default","ast-page-background-enabled":"default","ast-page-background-meta":{"desktop":{"background-color":"var(--ast-global-color-4)","background-image":"","background-repeat":"repeat","background-position":"center center","background-size":"auto","background-attachment":"scroll","background-type":"","background-media":"","overlay-type":"","overlay-color":"","overlay-gradient":""},"tablet":{"background-color":"","background-image":"","background-repeat":"repeat","background-position":"center center","background-size":"auto","background-attachment":"scroll","background-type":"","background-media":"","overlay-type":"","overlay-color":"","overlay-gradient":""},"mobile":{"background-color":"","background-image":"","background-repeat":"repeat","background-position":"center center","background-size":"auto","background-attachment":"scroll","background-type":"","background-media":"","overlay-type":"","overlay-color":"","overlay-gradient":""}},"ast-content-background-meta":{"desktop":{"background-color":"var(--ast-global-color-5)","background-image":"","background-repeat":"repeat","background-position":"center center","background-size":"auto","background-attachment":"scroll","background-type":"","background-media":"","overlay-type":"","overlay-color":"","overlay-gradient":""},"tablet":{"background-color":"var(--ast-global-color-5)","background-image":"","background-repeat":"repeat","background-position":"center center","background-size":"auto","background-attachment":"scroll","background-type":"","background-media":"","overlay-type":"","overlay-color":"","overlay-gradient":""},"mobile":{"background-color":"var(--ast-global-color-5)","background-image":"","background-repeat":"repeat","background-position":"center center","background-size":"auto","background-attachment":"scroll","background-type":"","background-media":"","overlay-type":"","overlay-color":"","overlay-gradient":""}},"footnotes":""},"categories":[18576,148,149],"tags":[18649,3161,73148,213064,18648,3323],"class_list":["post-105701","post","type-post","status-publish","format-standard","hentry","category-a-coruna","category-analisis-literario","category-critica-de-textos","tag-angel-luis-prieto-de-paula","tag-anxo-tarrio-varela","tag-gonzalo-navaza-blanco","tag-juan-javier-baldomir-cabanas","tag-luciano-rodriguez-gomez","tag-xose-maria-dobarro-paz"],"_links":{"self":[{"href":"https:\/\/www.deberes.net\/tesis\/wp-json\/wp\/v2\/posts\/105701","targetHints":{"allow":["GET"]}}],"collection":[{"href":"https:\/\/www.deberes.net\/tesis\/wp-json\/wp\/v2\/posts"}],"about":[{"href":"https:\/\/www.deberes.net\/tesis\/wp-json\/wp\/v2\/types\/post"}],"author":[{"embeddable":true,"href":"https:\/\/www.deberes.net\/tesis\/wp-json\/wp\/v2\/users\/1"}],"replies":[{"embeddable":true,"href":"https:\/\/www.deberes.net\/tesis\/wp-json\/wp\/v2\/comments?post=105701"}],"version-history":[{"count":0,"href":"https:\/\/www.deberes.net\/tesis\/wp-json\/wp\/v2\/posts\/105701\/revisions"}],"wp:attachment":[{"href":"https:\/\/www.deberes.net\/tesis\/wp-json\/wp\/v2\/media?parent=105701"}],"wp:term":[{"taxonomy":"category","embeddable":true,"href":"https:\/\/www.deberes.net\/tesis\/wp-json\/wp\/v2\/categories?post=105701"},{"taxonomy":"post_tag","embeddable":true,"href":"https:\/\/www.deberes.net\/tesis\/wp-json\/wp\/v2\/tags?post=105701"}],"curies":[{"name":"wp","href":"https:\/\/api.w.org\/{rel}","templated":true}]}}