{"id":105740,"date":"2018-03-11T10:29:24","date_gmt":"2018-03-11T10:29:24","guid":{"rendered":"https:\/\/www.deberes.net\/tesis\/sin-categoria\/hacia-una-etica-de-la-biosfera-para-la-crisis-ambiental\/"},"modified":"2018-03-11T10:29:24","modified_gmt":"2018-03-11T10:29:24","slug":"hacia-una-etica-de-la-biosfera-para-la-crisis-ambiental","status":"publish","type":"post","link":"https:\/\/www.deberes.net\/tesis\/complutense-de-madrid\/hacia-una-etica-de-la-biosfera-para-la-crisis-ambiental\/","title":{"rendered":"Hacia una \u00e9tica de la biosfera para la crisis ambiental."},"content":{"rendered":"<h2>Tesis doctoral de <strong> Cecilio Delfin Diaz Carela <\/strong><\/h2>\n<p>El objetivo general de la tesis doctoral consisti\u00f3 en la indagaci\u00f3n sobre algunos principios \u00e9ticos que permitieran la comprensi\u00f3n y el adecuado tratamiento a la crisis ambiental.  Estos principios est\u00e1n comprometidos con el equilibrio, la frugalidad , la calidad de vida, la subsidiariedad, la existencia y la responsabilidad, as\u00ed como con la formulaci\u00f3n de estrategias de acci\u00f3n. El meollo de la tesis se configura en torno al an\u00e1lisis y reflexi\u00f3n de las perspectivas \u00e9ticas, ambientales y ecol\u00f3gica s, de aplicaci\u00f3n en la valoraci\u00f3n de los problemas ambientales y en la regulaci\u00f3n de la conducta humana en sus relaciones con el medio. en la investigaci\u00f3n se analiza el concepto de medio ambiente, la hip\u00f3tesis de gaia, se consideran los or\u00edgenes del  ambientalismo, pasando por el ecologismo moderno y la conceptualizaci\u00f3n de la ecolog\u00eda humana. Esta perspectiva ha servido para introducirnos en la existencia y la naturaleza de los problemas ambientales y ecol\u00f3gicos, como consecuencia del desarroll o industrial y la contaminaci\u00f3n ambiental. el consumo energ\u00e9tico y el desarrollo tecnol\u00f3gico, factores que inciden en la crisis, han contribuido a sensibilizar una conciencia ecol\u00f3gica mundial, tanto para la b\u00fasqueda de energ\u00edas alternativas para enf rentar las crisis generadas por el sistema de producci\u00f3n y consumo, como para el desarrollo sostenible. En la tesis se considera la huella ecol\u00f3gica y el rol en que interviene la diplomacia internacional y  las nn. Uu. Mediante acuerdos y convencione s pactados por las naciones, as\u00ed como impulsando reuniones internacionales al m\u00e1ximo nivel.  en esta investigaci\u00f3n se destacan las aportaciones relevantes de la econom\u00eda en el campo del desarrollo sostenible y la creaci\u00f3n de instrumentos econ\u00f3micos p ara la producci\u00f3n limpia. En el \u00faltimo cap\u00edtulo se hace una reflexi\u00f3n sobre la problem\u00e1tica ambiental de rep\u00fablica dominicana: la necesidad de desarrollar un plan de gesti\u00f3n ambiental, que permita a esta naci\u00f3n alcanzar el desarrollo sostenible y cum plir con las metas del milenio en materia ambiental, as\u00ed como desarrollar como estrategia la educaci\u00f3n ambiental, el tratamiento de la contaminaci\u00f3n, de los residuos y el reciclaje.<\/p>\n<p>&nbsp;<\/p>\n<h3>Datos acad\u00e9micos de la tesis doctoral \u00ab<strong>Hacia una \u00e9tica de la biosfera para la crisis ambiental.<\/strong>\u00ab<\/h3>\n<ul>\n<li><strong>T\u00edtulo de la tesis:<\/strong>\u00a0 Hacia una \u00e9tica de la biosfera para la crisis ambiental. <\/li>\n<li><strong>Autor:<\/strong>\u00a0 Cecilio Delfin Diaz Carela <\/li>\n<li><strong>Universidad:<\/strong>\u00a0 Complutense de Madrid<\/li>\n<li><strong>Fecha de lectura de la tesis:<\/strong>\u00a0 16\/12\/2010<\/li>\n<\/ul>\n<p>&nbsp;<\/p>\n<h3>Direcci\u00f3n y tribunal<\/h3>\n<ul>\n<li><strong>Director de la tesis<\/strong>\n<ul>\n<li>Marta Vazquez Martin<\/li>\n<\/ul>\n<\/li>\n<li><strong>Tribunal<\/strong>\n<ul>\n<li>Presidente del tribunal: emilio Garcia garcia <\/li>\n<li>eduardo Antonio Fraile gonzalez (vocal)<\/li>\n<li>gonzalo Sampascual maicas (vocal)<\/li>\n<li>Jos\u00e9 Luis Barreiro barreiro (vocal)<\/li>\n<\/ul>\n<\/li>\n<\/ul>\n<p>&nbsp;<\/p>\n","protected":false},"excerpt":{"rendered":"<p>Tesis doctoral de Cecilio Delfin Diaz Carela El objetivo general de la tesis doctoral consisti\u00f3 en la indagaci\u00f3n sobre algunos [&hellip;]<\/p>\n","protected":false},"author":1,"featured_media":0,"comment_status":"open","ping_status":"open","sticky":false,"template":"","format":"standard","meta":{"site-sidebar-layout":"default","site-content-layout":"","ast-site-content-layout":"","site-content-style":"default","site-sidebar-style":"default","ast-global-header-display":"","ast-banner-title-visibility":"","ast-main-header-display":"","ast-hfb-above-header-display":"","ast-hfb-below-header-display":"","ast-hfb-mobile-header-display":"","site-post-title":"","ast-breadcrumbs-content":"","ast-featured-img":"","footer-sml-layout":"","theme-transparent-header-meta":"","adv-header-id-meta":"","stick-header-meta":"","header-above-stick-meta":"","header-main-stick-meta":"","header-below-stick-meta":"","astra-migrate-meta-layouts":"default","ast-page-background-enabled":"default","ast-page-background-meta":{"desktop":{"background-color":"var(--ast-global-color-4)","background-image":"","background-repeat":"repeat","background-position":"center center","background-size":"auto","background-attachment":"scroll","background-type":"","background-media":"","overlay-type":"","overlay-color":"","overlay-gradient":""},"tablet":{"background-color":"","background-image":"","background-repeat":"repeat","background-position":"center center","background-size":"auto","background-attachment":"scroll","background-type":"","background-media":"","overlay-type":"","overlay-color":"","overlay-gradient":""},"mobile":{"background-color":"","background-image":"","background-repeat":"repeat","background-position":"center center","background-size":"auto","background-attachment":"scroll","background-type":"","background-media":"","overlay-type":"","overlay-color":"","overlay-gradient":""}},"ast-content-background-meta":{"desktop":{"background-color":"var(--ast-global-color-5)","background-image":"","background-repeat":"repeat","background-position":"center center","background-size":"auto","background-attachment":"scroll","background-type":"","background-media":"","overlay-type":"","overlay-color":"","overlay-gradient":""},"tablet":{"background-color":"var(--ast-global-color-5)","background-image":"","background-repeat":"repeat","background-position":"center center","background-size":"auto","background-attachment":"scroll","background-type":"","background-media":"","overlay-type":"","overlay-color":"","overlay-gradient":""},"mobile":{"background-color":"var(--ast-global-color-5)","background-image":"","background-repeat":"repeat","background-position":"center center","background-size":"auto","background-attachment":"scroll","background-type":"","background-media":"","overlay-type":"","overlay-color":"","overlay-gradient":""}},"footnotes":""},"categories":[986,8646],"tags":[213125,55472,5137,5138,148578,93427],"class_list":["post-105740","post","type-post","status-publish","format-standard","hentry","category-complutense-de-madrid","category-etica","tag-cecilio-delfin-diaz-carela","tag-eduardo-antonio-fraile-gonzalez","tag-emilio-garcia-garcia","tag-gonzalo-sampascual-maicas","tag-jose-luis-barreiro-barreiro","tag-marta-vazquez-martin"],"_links":{"self":[{"href":"https:\/\/www.deberes.net\/tesis\/wp-json\/wp\/v2\/posts\/105740","targetHints":{"allow":["GET"]}}],"collection":[{"href":"https:\/\/www.deberes.net\/tesis\/wp-json\/wp\/v2\/posts"}],"about":[{"href":"https:\/\/www.deberes.net\/tesis\/wp-json\/wp\/v2\/types\/post"}],"author":[{"embeddable":true,"href":"https:\/\/www.deberes.net\/tesis\/wp-json\/wp\/v2\/users\/1"}],"replies":[{"embeddable":true,"href":"https:\/\/www.deberes.net\/tesis\/wp-json\/wp\/v2\/comments?post=105740"}],"version-history":[{"count":0,"href":"https:\/\/www.deberes.net\/tesis\/wp-json\/wp\/v2\/posts\/105740\/revisions"}],"wp:attachment":[{"href":"https:\/\/www.deberes.net\/tesis\/wp-json\/wp\/v2\/media?parent=105740"}],"wp:term":[{"taxonomy":"category","embeddable":true,"href":"https:\/\/www.deberes.net\/tesis\/wp-json\/wp\/v2\/categories?post=105740"},{"taxonomy":"post_tag","embeddable":true,"href":"https:\/\/www.deberes.net\/tesis\/wp-json\/wp\/v2\/tags?post=105740"}],"curies":[{"name":"wp","href":"https:\/\/api.w.org\/{rel}","templated":true}]}}