{"id":105777,"date":"2018-03-11T10:29:28","date_gmt":"2018-03-11T10:29:28","guid":{"rendered":"https:\/\/www.deberes.net\/tesis\/sin-categoria\/el-modelo-mife-como-instrumento-para-la-formalizacion-del-empresario-una-aplicacion-para-las-microempresas-informales-de-bogota-d-c\/"},"modified":"2018-03-11T10:29:28","modified_gmt":"2018-03-11T10:29:28","slug":"el-modelo-mife-como-instrumento-para-la-formalizacion-del-empresario-una-aplicacion-para-las-microempresas-informales-de-bogota-d-c","status":"publish","type":"post","link":"https:\/\/www.deberes.net\/tesis\/modelos-y-teorias-del-desarrollo-economico\/el-modelo-mife-como-instrumento-para-la-formalizacion-del-empresario-una-aplicacion-para-las-microempresas-informales-de-bogota-d-c\/","title":{"rendered":"El modelo mife como instrumento para la formalizaci\u00f3n del empresario.una aplicaci\u00f3n para las microempresas informales de bogot\u00e1 d.c."},"content":{"rendered":"<h2>Tesis doctoral de <strong> Omar Alonso Pati\u00f1o Castro <\/strong><\/h2>\n<p>El microcr\u00e9dito tal como lo plantea la onu, debe ser un instrumento para la erradicaci\u00f3n de la pobreza; en tal sentido, la informalidad y la pobreza constituyen un circulo vicioso del cual es importante que el microempresario pueda salir. En la b\u00fasqueda de este prop\u00f3sito, es necesario que interact\u00faen gobierno, instituciones otorgantes de microcr\u00e9dito y de educaci\u00f3n superior para que en conjunto brinden las posibilidades financieras y de capacitaci\u00f3n que logren que el microempresario consolide procesos de formalizaci\u00f3n.<\/p>\n<p>&nbsp;<\/p>\n<h3>Datos acad\u00e9micos de la tesis doctoral \u00ab<strong>El modelo mife como instrumento para la formalizaci\u00f3n del empresario.una aplicaci\u00f3n para las microempresas informales de bogot\u00e1 d.c.<\/strong>\u00ab<\/h3>\n<ul>\n<li><strong>T\u00edtulo de la tesis:<\/strong>\u00a0 El modelo mife como instrumento para la formalizaci\u00f3n del empresario.una aplicaci\u00f3n para las microempresas informales de bogot\u00e1 d.c. <\/li>\n<li><strong>Autor:<\/strong>\u00a0 Omar Alonso Pati\u00f1o Castro <\/li>\n<li><strong>Universidad:<\/strong>\u00a0 Antonio de nebrija<\/li>\n<li><strong>Fecha de lectura de la tesis:<\/strong>\u00a0 16\/12\/2010<\/li>\n<\/ul>\n<p>&nbsp;<\/p>\n<h3>Direcci\u00f3n y tribunal<\/h3>\n<ul>\n<li><strong>Director de la tesis<\/strong>\n<ul>\n<li>Jos\u00e9 Manuel Saiz \u00e1lvarez<\/li>\n<\/ul>\n<\/li>\n<li><strong>Tribunal<\/strong>\n<ul>\n<li>Presidente del tribunal: Miguel \u00e1ngel Galindo mart\u00edn <\/li>\n<li>Antonio  Javier Ramos llanos (vocal)<\/li>\n<li>oscar Alfranca burriel (vocal)<\/li>\n<li>teresa M\u00e9ndez picazo (vocal)<\/li>\n<\/ul>\n<\/li>\n<\/ul>\n<p>&nbsp;<\/p>\n","protected":false},"excerpt":{"rendered":"<p>Tesis doctoral de Omar Alonso Pati\u00f1o Castro El microcr\u00e9dito tal como lo plantea la onu, debe ser un instrumento para [&hellip;]<\/p>\n","protected":false},"author":1,"featured_media":0,"comment_status":"open","ping_status":"open","sticky":false,"template":"","format":"standard","meta":{"site-sidebar-layout":"default","site-content-layout":"","ast-site-content-layout":"","site-content-style":"default","site-sidebar-style":"default","ast-global-header-display":"","ast-banner-title-visibility":"","ast-main-header-display":"","ast-hfb-above-header-display":"","ast-hfb-below-header-display":"","ast-hfb-mobile-header-display":"","site-post-title":"","ast-breadcrumbs-content":"","ast-featured-img":"","footer-sml-layout":"","theme-transparent-header-meta":"","adv-header-id-meta":"","stick-header-meta":"","header-above-stick-meta":"","header-main-stick-meta":"","header-below-stick-meta":"","astra-migrate-meta-layouts":"default","ast-page-background-enabled":"default","ast-page-background-meta":{"desktop":{"background-color":"var(--ast-global-color-4)","background-image":"","background-repeat":"repeat","background-position":"center center","background-size":"auto","background-attachment":"scroll","background-type":"","background-media":"","overlay-type":"","overlay-color":"","overlay-gradient":""},"tablet":{"background-color":"","background-image":"","background-repeat":"repeat","background-position":"center center","background-size":"auto","background-attachment":"scroll","background-type":"","background-media":"","overlay-type":"","overlay-color":"","overlay-gradient":""},"mobile":{"background-color":"","background-image":"","background-repeat":"repeat","background-position":"center center","background-size":"auto","background-attachment":"scroll","background-type":"","background-media":"","overlay-type":"","overlay-color":"","overlay-gradient":""}},"ast-content-background-meta":{"desktop":{"background-color":"var(--ast-global-color-5)","background-image":"","background-repeat":"repeat","background-position":"center center","background-size":"auto","background-attachment":"scroll","background-type":"","background-media":"","overlay-type":"","overlay-color":"","overlay-gradient":""},"tablet":{"background-color":"var(--ast-global-color-5)","background-image":"","background-repeat":"repeat","background-position":"center center","background-size":"auto","background-attachment":"scroll","background-type":"","background-media":"","overlay-type":"","overlay-color":"","overlay-gradient":""},"mobile":{"background-color":"var(--ast-global-color-5)","background-image":"","background-repeat":"repeat","background-position":"center center","background-size":"auto","background-attachment":"scroll","background-type":"","background-media":"","overlay-type":"","overlay-color":"","overlay-gradient":""}},"footnotes":""},"categories":[124970,891,829,7236],"tags":[146679,96911,32416,213189,29103,85442],"class_list":["post-105777","post","type-post","status-publish","format-standard","hentry","category-antonio-de-nebrija","category-estudios-de-desarrollo-economico","category-modelos-y-teorias-del-desarrollo-economico","category-niveles-optimos-de-produccion","tag-antonio-javier-ramos-llanos","tag-jose-manuel-saiz-alvarez","tag-miguel-angel-galindo-martin","tag-omar-alonso-patino-castro","tag-oscar-alfranca-burriel","tag-teresa-mendez-picazo"],"_links":{"self":[{"href":"https:\/\/www.deberes.net\/tesis\/wp-json\/wp\/v2\/posts\/105777","targetHints":{"allow":["GET"]}}],"collection":[{"href":"https:\/\/www.deberes.net\/tesis\/wp-json\/wp\/v2\/posts"}],"about":[{"href":"https:\/\/www.deberes.net\/tesis\/wp-json\/wp\/v2\/types\/post"}],"author":[{"embeddable":true,"href":"https:\/\/www.deberes.net\/tesis\/wp-json\/wp\/v2\/users\/1"}],"replies":[{"embeddable":true,"href":"https:\/\/www.deberes.net\/tesis\/wp-json\/wp\/v2\/comments?post=105777"}],"version-history":[{"count":0,"href":"https:\/\/www.deberes.net\/tesis\/wp-json\/wp\/v2\/posts\/105777\/revisions"}],"wp:attachment":[{"href":"https:\/\/www.deberes.net\/tesis\/wp-json\/wp\/v2\/media?parent=105777"}],"wp:term":[{"taxonomy":"category","embeddable":true,"href":"https:\/\/www.deberes.net\/tesis\/wp-json\/wp\/v2\/categories?post=105777"},{"taxonomy":"post_tag","embeddable":true,"href":"https:\/\/www.deberes.net\/tesis\/wp-json\/wp\/v2\/tags?post=105777"}],"curies":[{"name":"wp","href":"https:\/\/api.w.org\/{rel}","templated":true}]}}