{"id":105865,"date":"2018-03-11T10:29:33","date_gmt":"2018-03-11T10:29:33","guid":{"rendered":"https:\/\/www.deberes.net\/tesis\/sin-categoria\/el-personal-laboral-de-las-administraciones-publicas\/"},"modified":"2018-03-11T10:29:33","modified_gmt":"2018-03-11T10:29:33","slug":"el-personal-laboral-de-las-administraciones-publicas","status":"publish","type":"post","link":"https:\/\/www.deberes.net\/tesis\/funcion-publica\/el-personal-laboral-de-las-administraciones-publicas\/","title":{"rendered":"El personal laboral de las administraciones p\u00fablicas"},"content":{"rendered":"<h2>Tesis doctoral de <strong> Francisco Ramos Moragues <\/strong><\/h2>\n<p>Delimitaci\u00f3n objeto de estudio:  el objeto del presente trabajo viene referido al estudio del r\u00e9gimen jur\u00eddico del personal laboral de las administraciones p\u00fablicas tras la aprobaci\u00f3n de la ley 7\/2007, de 12 de abril. La elecci\u00f3n del tema se debe a la importancia que tiene esta ley en la relaci\u00f3n laboral de los empleados p\u00fablicos, pues la misma supone la confecci\u00f3n de un nuevo marco jur\u00eddico, a trav\u00e9s del cual, tratar de dar una respuesta adecuada a las m\u00faltiples especialidades que revisten tal relaci\u00f3n. Especialidades, cuyo origen se encuentra en la singular posici\u00f3n que ocupa la administraci\u00f3n p\u00fablica como empresario y que, en su mayor parte, se contemplaban \u00fanicamente en la doctrina jurisprudencial. Pero adem\u00e1s, dicho inter\u00e9s reside en que el nuevo estatuto b\u00e1sico supone un avance -aunque ni mucho menos definitivo- para la aproximaci\u00f3n del r\u00e9gimen laboral y funcionarial, o lo que es lo mismo, para el establecimiento de un nuevo modelo de empleo p\u00fablico en el que las condiciones generales de empleo sean homog\u00e9neas a los distintos tipos de personal que prestan  servicios en la administraci\u00f3n p\u00fablica.  resaltada la importancia del objeto de estudio, parece conveniente delimitar con mayor precisi\u00f3n los diversos aspectos que van a ser analizados a lo largo de este trabajo. En este sentido, se tendr\u00e1n en cuenta tanto los aspectos individuales como los colectivos de dicha relaci\u00f3n laboral, haciendo especial hincapi\u00e9 en las distintas especialidades previstas en el ebep para este personal, las cuales, les confiere un status singular que los diferencia del resto de trabajadores del sector privado. Debe anticiparse que el an\u00e1lisis propuesto se llevar\u00e1 a cabo con independencia de si se trata de aspectos comunes a funcionarios y laborales, o si \u00e9stos se refieren exclusivamente al personal laboral, cayendo fuera del objeto de estudio, por razones de coherencia, las previsiones del estatuto b\u00e1sico dirigidas a regular exclusivamente el r\u00e9gimen funcionarial.  descendiendo a un plano m\u00e1s concreto, la investigaci\u00f3n realizada se estructura en cuatro grandes bloques o unidades tem\u00e1ticas. El primero de ellos, se dirige al an\u00e1lisis de dos aspectos centrales e imprescindibles para un trabajo de estas caracter\u00edsticas. Me refiero, de un lado, al \u00e1mbito aplicativo del nuevo estatuto b\u00e1sico de empleo p\u00fablico; y, de otro, a las clases de personal que prestan servicios en la administraci\u00f3n p\u00fablica.  sentado lo anterior, la segunda parte o bloque de esta investigaci\u00f3n se destina al estudio del cap\u00edtulo i del t\u00edtulo iv del ebep referido al acceso al empleo p\u00fablico y adquisici\u00f3n de la relaci\u00f3n de servicio, llevando a cabo un an\u00e1lisis cr\u00edtico de las m\u00faltiples e importantes cuestiones que se suscitan en esta materia: principios rectores, requisitos de acceso, establecimiento de medidas de acci\u00f3n positiva, \u00f3rganos de selecci\u00f3n, sistemas selectivos, etc. Como es sabido, se trata de un \u00e1mbito com\u00fan a funcionarios y laborales, por lo que la mayor parte del contenido de esta segunda parte resulta aplicable indistintamente a ambos colectivos, sin perjuicio de algunas diferencias m\u00ednimas, aunque relevantes, que ser\u00e1n oportunamente se\u00f1aladas en el desarrollo de este cap\u00edtulo.   seguidamente, el tercer bloque se centra en el an\u00e1lisis de la contrataci\u00f3n laboral por la administraci\u00f3n p\u00fablica, que ser\u00e1 abordado desde una triple perspectiva: de un lado, se estudiar\u00e1n las exigencias impuestas por el legislador ordinario a la contrataci\u00f3n de personal laboral, al constituir \u00e9stas un presupuesto previo y obligatorio a la contrataci\u00f3n de dicho personal; tras \u00e9stas, se analizar\u00e1n con detalle las principales modalidades de contrataci\u00f3n laboral que vienen siendo utilizadas por la administraci\u00f3n p\u00fablica, incidiendo en las abundantes singularidades existentes en esta materia respecto al sector privado.  finalmente, el cuarto bloque del presente trabajo, en lo que podr\u00edamos decir que constituye el n\u00facleo duro de esta investigaci\u00f3n, me centrar\u00e9 de manera global y completa en el estudio de las vicisitudes de la relaci\u00f3n laboral de los empleados p\u00fablicos, atendiendo, como es l\u00f3gico, al impacto que sobre las mismas ha tenido la aprobaci\u00f3n de la ley 7\/2007, del estatuto b\u00e1sico del empleado p\u00fablico.<\/p>\n<p>&nbsp;<\/p>\n<h3>Datos acad\u00e9micos de la tesis doctoral \u00ab<strong>El personal laboral de las administraciones p\u00fablicas<\/strong>\u00ab<\/h3>\n<ul>\n<li><strong>T\u00edtulo de la tesis:<\/strong>\u00a0 El personal laboral de las administraciones p\u00fablicas <\/li>\n<li><strong>Autor:<\/strong>\u00a0 Francisco Ramos Moragues <\/li>\n<li><strong>Universidad:<\/strong>\u00a0 Universitat de val\u00e9ncia (estudi general)<\/li>\n<li><strong>Fecha de lectura de la tesis:<\/strong>\u00a0 17\/12\/2010<\/li>\n<\/ul>\n<p>&nbsp;<\/p>\n<h3>Direcci\u00f3n y tribunal<\/h3>\n<ul>\n<li><strong>Director de la tesis<\/strong>\n<ul>\n<li>\u00e1ngel Antonio Blasco Pellicer<\/li>\n<\/ul>\n<\/li>\n<li><strong>Tribunal<\/strong>\n<ul>\n<li>Presidente del tribunal: tom\u00e1s Sala franco <\/li>\n<li>Jes\u00fas Cruz villal\u00f3n (vocal)<\/li>\n<li>Jes\u00fas Mercader uguina (vocal)<\/li>\n<li>Miguel Cardenal carro (vocal)<\/li>\n<\/ul>\n<\/li>\n<\/ul>\n<p>&nbsp;<\/p>\n","protected":false},"excerpt":{"rendered":"<p>Tesis doctoral de Francisco Ramos Moragues Delimitaci\u00f3n objeto de estudio: el objeto del presente trabajo viene referido al estudio del [&hellip;]<\/p>\n","protected":false},"author":1,"featured_media":0,"comment_status":"open","ping_status":"open","sticky":false,"template":"","format":"standard","meta":{"site-sidebar-layout":"default","site-content-layout":"","ast-site-content-layout":"","site-content-style":"default","site-sidebar-style":"default","ast-global-header-display":"","ast-banner-title-visibility":"","ast-main-header-display":"","ast-hfb-above-header-display":"","ast-hfb-below-header-display":"","ast-hfb-mobile-header-display":"","site-post-title":"","ast-breadcrumbs-content":"","ast-featured-img":"","footer-sml-layout":"","theme-transparent-header-meta":"","adv-header-id-meta":"","stick-header-meta":"","header-above-stick-meta":"","header-main-stick-meta":"","header-below-stick-meta":"","astra-migrate-meta-layouts":"default","ast-page-background-enabled":"default","ast-page-background-meta":{"desktop":{"background-color":"var(--ast-global-color-4)","background-image":"","background-repeat":"repeat","background-position":"center center","background-size":"auto","background-attachment":"scroll","background-type":"","background-media":"","overlay-type":"","overlay-color":"","overlay-gradient":""},"tablet":{"background-color":"","background-image":"","background-repeat":"repeat","background-position":"center center","background-size":"auto","background-attachment":"scroll","background-type":"","background-media":"","overlay-type":"","overlay-color":"","overlay-gradient":""},"mobile":{"background-color":"","background-image":"","background-repeat":"repeat","background-position":"center center","background-size":"auto","background-attachment":"scroll","background-type":"","background-media":"","overlay-type":"","overlay-color":"","overlay-gradient":""}},"ast-content-background-meta":{"desktop":{"background-color":"var(--ast-global-color-5)","background-image":"","background-repeat":"repeat","background-position":"center center","background-size":"auto","background-attachment":"scroll","background-type":"","background-media":"","overlay-type":"","overlay-color":"","overlay-gradient":""},"tablet":{"background-color":"var(--ast-global-color-5)","background-image":"","background-repeat":"repeat","background-position":"center center","background-size":"auto","background-attachment":"scroll","background-type":"","background-media":"","overlay-type":"","overlay-color":"","overlay-gradient":""},"mobile":{"background-color":"var(--ast-global-color-5)","background-image":"","background-repeat":"repeat","background-position":"center center","background-size":"auto","background-attachment":"scroll","background-type":"","background-media":"","overlay-type":"","overlay-color":"","overlay-gradient":""}},"footnotes":""},"categories":[2169],"tags":[11487,213332,26865,37717,32067,11488],"class_list":["post-105865","post","type-post","status-publish","format-standard","hentry","category-funcion-publica","tag-angel-antonio-blasco-pellicer","tag-francisco-ramos-moragues","tag-jesus-cruz-villalon","tag-jesus-mercader-uguina","tag-miguel-cardenal-carro","tag-tomas-sala-franco"],"_links":{"self":[{"href":"https:\/\/www.deberes.net\/tesis\/wp-json\/wp\/v2\/posts\/105865","targetHints":{"allow":["GET"]}}],"collection":[{"href":"https:\/\/www.deberes.net\/tesis\/wp-json\/wp\/v2\/posts"}],"about":[{"href":"https:\/\/www.deberes.net\/tesis\/wp-json\/wp\/v2\/types\/post"}],"author":[{"embeddable":true,"href":"https:\/\/www.deberes.net\/tesis\/wp-json\/wp\/v2\/users\/1"}],"replies":[{"embeddable":true,"href":"https:\/\/www.deberes.net\/tesis\/wp-json\/wp\/v2\/comments?post=105865"}],"version-history":[{"count":0,"href":"https:\/\/www.deberes.net\/tesis\/wp-json\/wp\/v2\/posts\/105865\/revisions"}],"wp:attachment":[{"href":"https:\/\/www.deberes.net\/tesis\/wp-json\/wp\/v2\/media?parent=105865"}],"wp:term":[{"taxonomy":"category","embeddable":true,"href":"https:\/\/www.deberes.net\/tesis\/wp-json\/wp\/v2\/categories?post=105865"},{"taxonomy":"post_tag","embeddable":true,"href":"https:\/\/www.deberes.net\/tesis\/wp-json\/wp\/v2\/tags?post=105865"}],"curies":[{"name":"wp","href":"https:\/\/api.w.org\/{rel}","templated":true}]}}