{"id":105917,"date":"2018-03-11T10:29:38","date_gmt":"2018-03-11T10:29:38","guid":{"rendered":"https:\/\/www.deberes.net\/tesis\/sin-categoria\/la-prevencion-de-riesgos-laborales-en-el-sector-de-la-mineria-del-carbon\/"},"modified":"2018-03-11T10:29:38","modified_gmt":"2018-03-11T10:29:38","slug":"la-prevencion-de-riesgos-laborales-en-el-sector-de-la-mineria-del-carbon","status":"publish","type":"post","link":"https:\/\/www.deberes.net\/tesis\/derecho-del-trabajo-y-de-la-seguridad-social\/la-prevencion-de-riesgos-laborales-en-el-sector-de-la-mineria-del-carbon\/","title":{"rendered":"La prevenci\u00f3n de riesgos laborales en el sector de la miner\u00eda del carb\u00f3n"},"content":{"rendered":"<h2>Tesis doctoral de <strong> Fernando Fernandez San Elias <\/strong><\/h2>\n<p>Bajo el titulo la prevenci\u00f3n de riesgos laborales en el sector de la miner\u00eda del carb\u00f3n, la tesis presentada por d. Fernando fern\u00e1ndez san el\u00edas proporciona una perspectiva acabada de la seguridad y salud en tal \u00e1mbito.  \tsu primera parte, aborda los elementos estructurales del tema, partiendo de singulares fuentes jur\u00eddicas de regulaci\u00f3n, encargadas de atender a la realidad especifica de la actividad extractiva; un amplio acervo mal sistematizado, construido por aluvi\u00f3n y dif\u00edcil de interpretar. Acto seguido profundiza en la planificaci\u00f3n y organizaci\u00f3n de la prevenci\u00f3n, describiendo el contenido de los proyectos de explotaci\u00f3n, la distribuci\u00f3n de competencias administrativas, las v\u00edas de participaci\u00f3n de los trabajadores y las funciones del director facultativo y de las brigadas de salvamento. Concluye dando cuenta de los deberes de informaci\u00f3n y formaci\u00f3n a cargo del empresario, as\u00ed como sobre el car\u00e1cter obligatorio de los reconocimientos m\u00e9dicos vinculados a las enfermedades profesionales, detallando sus condicionantes y los protocolos sanitarios a seguir.  \tla segunda parte contiene una selecci\u00f3n de cuatro factores de riesgos que sirven como muestrario de la complejidad de la materia. Aborda as\u00ed, las disposiciones m\u00ednimas sobre lugares de trabajo, con una regulaci\u00f3n aut\u00f3noma destinada a atender la realidad viva y cambiante que es una mina; los problemas psicosociales y estrategias de intervenci\u00f3n necesarias en un trabajo caracterizado por su dureza y alto \u00edndice de siniestralidad; el tiempo de trabajo y su incidencia en la seguridad y salud en la miner\u00eda; y, como colof\u00f3n, los riesgos el\u00e9ctricos, con una adenda que incluye las directrices  de aplicaci\u00f3n general para la elaboraci\u00f3n de una instalaci\u00f3n de electrificaci\u00f3n subterr\u00e1nea y el control de motores.  \ttodo ello a trav\u00e9s de m\u00e1s de 500 p\u00e1ginas que precisaron la consulta de m\u00e1s de 400 obras distintas y el consejo de distintos profesionales para tratar de obtener el necesario equilibrio entre la teor\u00eda y la pr\u00e1ctica.<\/p>\n<p>&nbsp;<\/p>\n<h3>Datos acad\u00e9micos de la tesis doctoral \u00ab<strong>La prevenci\u00f3n de riesgos laborales en el sector de la miner\u00eda del carb\u00f3n<\/strong>\u00ab<\/h3>\n<ul>\n<li><strong>T\u00edtulo de la tesis:<\/strong>\u00a0 La prevenci\u00f3n de riesgos laborales en el sector de la miner\u00eda del carb\u00f3n <\/li>\n<li><strong>Autor:<\/strong>\u00a0 Fernando Fernandez San Elias <\/li>\n<li><strong>Universidad:<\/strong>\u00a0 Le\u00f3n<\/li>\n<li><strong>Fecha de lectura de la tesis:<\/strong>\u00a0 17\/12\/2010<\/li>\n<\/ul>\n<p>&nbsp;<\/p>\n<h3>Direcci\u00f3n y tribunal<\/h3>\n<ul>\n<li><strong>Director de la tesis<\/strong>\n<ul>\n<li>Juan  Jos\u00e9 Fern\u00e1ndez Dom\u00ednguez<\/li>\n<\/ul>\n<\/li>\n<li><strong>Tribunal<\/strong>\n<ul>\n<li>Presidente del tribunal: Jos\u00e9 \u00e1ngel Hermida alonso <\/li>\n<li>v\u00edctor Fernando Manrique l\u00f3pez (vocal)<\/li>\n<li>Alberto Arufe varela (vocal)<\/li>\n<li>Jes\u00fas Mart\u00ednez gir\u00f3n (vocal)<\/li>\n<\/ul>\n<\/li>\n<\/ul>\n<p>&nbsp;<\/p>\n","protected":false},"excerpt":{"rendered":"<p>Tesis doctoral de Fernando Fernandez San Elias Bajo el titulo la prevenci\u00f3n de riesgos laborales en el sector de la [&hellip;]<\/p>\n","protected":false},"author":1,"featured_media":0,"comment_status":"open","ping_status":"open","sticky":false,"template":"","format":"standard","meta":{"site-sidebar-layout":"default","site-content-layout":"","ast-site-content-layout":"","site-content-style":"default","site-sidebar-style":"default","ast-global-header-display":"","ast-banner-title-visibility":"","ast-main-header-display":"","ast-hfb-above-header-display":"","ast-hfb-below-header-display":"","ast-hfb-mobile-header-display":"","site-post-title":"","ast-breadcrumbs-content":"","ast-featured-img":"","footer-sml-layout":"","theme-transparent-header-meta":"","adv-header-id-meta":"","stick-header-meta":"","header-above-stick-meta":"","header-main-stick-meta":"","header-below-stick-meta":"","astra-migrate-meta-layouts":"default","ast-page-background-enabled":"default","ast-page-background-meta":{"desktop":{"background-color":"var(--ast-global-color-4)","background-image":"","background-repeat":"repeat","background-position":"center center","background-size":"auto","background-attachment":"scroll","background-type":"","background-media":"","overlay-type":"","overlay-color":"","overlay-gradient":""},"tablet":{"background-color":"","background-image":"","background-repeat":"repeat","background-position":"center center","background-size":"auto","background-attachment":"scroll","background-type":"","background-media":"","overlay-type":"","overlay-color":"","overlay-gradient":""},"mobile":{"background-color":"","background-image":"","background-repeat":"repeat","background-position":"center center","background-size":"auto","background-attachment":"scroll","background-type":"","background-media":"","overlay-type":"","overlay-color":"","overlay-gradient":""}},"ast-content-background-meta":{"desktop":{"background-color":"var(--ast-global-color-5)","background-image":"","background-repeat":"repeat","background-position":"center center","background-size":"auto","background-attachment":"scroll","background-type":"","background-media":"","overlay-type":"","overlay-color":"","overlay-gradient":""},"tablet":{"background-color":"var(--ast-global-color-5)","background-image":"","background-repeat":"repeat","background-position":"center center","background-size":"auto","background-attachment":"scroll","background-type":"","background-media":"","overlay-type":"","overlay-color":"","overlay-gradient":""},"mobile":{"background-color":"var(--ast-global-color-5)","background-image":"","background-repeat":"repeat","background-position":"center center","background-size":"auto","background-attachment":"scroll","background-type":"","background-media":"","overlay-type":"","overlay-color":"","overlay-gradient":""}},"footnotes":""},"categories":[2170,4430,12013],"tags":[136176,213414,5170,149848,37202,168497],"class_list":["post-105917","post","type-post","status-publish","format-standard","hentry","category-derecho-del-trabajo-y-de-la-seguridad-social","category-leon","category-prevencion-de-accidentes","tag-alberto-arufe-varela","tag-fernando-fernandez-san-elias","tag-jesus-Martinez-giron","tag-jose-angel-hermida-alonso","tag-juan-jose-fernandez-dominguez","tag-victor-fernando-manrique-lopez"],"_links":{"self":[{"href":"https:\/\/www.deberes.net\/tesis\/wp-json\/wp\/v2\/posts\/105917","targetHints":{"allow":["GET"]}}],"collection":[{"href":"https:\/\/www.deberes.net\/tesis\/wp-json\/wp\/v2\/posts"}],"about":[{"href":"https:\/\/www.deberes.net\/tesis\/wp-json\/wp\/v2\/types\/post"}],"author":[{"embeddable":true,"href":"https:\/\/www.deberes.net\/tesis\/wp-json\/wp\/v2\/users\/1"}],"replies":[{"embeddable":true,"href":"https:\/\/www.deberes.net\/tesis\/wp-json\/wp\/v2\/comments?post=105917"}],"version-history":[{"count":0,"href":"https:\/\/www.deberes.net\/tesis\/wp-json\/wp\/v2\/posts\/105917\/revisions"}],"wp:attachment":[{"href":"https:\/\/www.deberes.net\/tesis\/wp-json\/wp\/v2\/media?parent=105917"}],"wp:term":[{"taxonomy":"category","embeddable":true,"href":"https:\/\/www.deberes.net\/tesis\/wp-json\/wp\/v2\/categories?post=105917"},{"taxonomy":"post_tag","embeddable":true,"href":"https:\/\/www.deberes.net\/tesis\/wp-json\/wp\/v2\/tags?post=105917"}],"curies":[{"name":"wp","href":"https:\/\/api.w.org\/{rel}","templated":true}]}}