{"id":105948,"date":"2018-03-11T10:29:43","date_gmt":"2018-03-11T10:29:43","guid":{"rendered":"https:\/\/www.deberes.net\/tesis\/sin-categoria\/el-problema-de-la-fundamentacion-filosofica-de-los-derechos-humanos-bases-ontologicas\/"},"modified":"2018-03-11T10:29:43","modified_gmt":"2018-03-11T10:29:43","slug":"el-problema-de-la-fundamentacion-filosofica-de-los-derechos-humanos-bases-ontologicas","status":"publish","type":"post","link":"https:\/\/www.deberes.net\/tesis\/derecho-natural\/el-problema-de-la-fundamentacion-filosofica-de-los-derechos-humanos-bases-ontologicas\/","title":{"rendered":"El problema de la fundamentaci\u00f3n filos\u00f3fica de los derechos humanos. bases ontol\u00f3gicas"},"content":{"rendered":"<h2>Tesis doctoral de <strong> Jorge  Martin Agudelo Ramirez <\/strong><\/h2>\n<p>La idea de los derechos humanos se ha consolidado en medio de un discurso humanista que no puede negar su antecedente metaf\u00edsico. Cuando se configura su descripci\u00f3n, a partir de conceptos como los de dignidad del ser personal y de defensa de la integridad de la conciencia, se confrontan fuentes influenciadas por ese pasado. Los procesos revolucionarios de los siglos xvii y xviii, por los que se conformaron varias declaraciones de derechos, son expresi\u00f3n de una comprensi\u00f3n especial sobre ser humano que se entiende como individuo.   la modernidad, al reivindicar su opci\u00f3n por el sujeto, proclam\u00f3 la paternidad del discurso de los derechos humanos. La necesidad de sustituir el deber por el derecho  surge como prioridad. El individuo -como parte- es el punto de partida de una sociedad que da paso al ser humano como sujeto. Se advierte una rebeld\u00eda frente al imperio del objeto configurado en un cosmos ordenado y conducido por dios. Sin embargo esa revoluci\u00f3n del individuo, a partir de una perspectiva protestante, no implic\u00f3 una emancipaci\u00f3n absoluta de los argumentos te\u00edstas que hab\u00edan penetrado en occidente.  se conforma un discurso que en cierto sentido prolonga la antigua pol\u00e9mica escol\u00e1stica sobre los universales, entre realismo y nominalismo, aunque haya insistido en fracturar de manera definitiva la concepci\u00f3n organicista de sociedad que sobre deberes se extendi\u00f3 por la europa medieval y haya buscado una ruptura con los v\u00ednculos de un pasado teoc\u00e9ntrico.  Puede preguntarse, en este escenario, hasta d\u00f3nde la modernidad ilustrada sustituy\u00f3 de manera definitiva el trascendente cristiano y la f\u00f3rmula de imago dei, dando cabida a una idea religiosa sobre los derechos humanos.  si bien la protecci\u00f3n y la consagraci\u00f3n de garant\u00edas jur\u00eddicas y pol\u00edticas, para la vigencia y efectividad de los derechos humanos, son aspectos importantes en la configuraci\u00f3n de sociedades que  prioricen el respeto por sus individuos, no puede obviarse el problema del fundamento.  el concepto de persona puede considerarse como un criterio decisivo para evaluar el fundamento de los derechos humanos, permitiendo el reconocimiento de un sustrato esencial u ontol\u00f3gico, de car\u00e1cter universal, no afectado por las particularidades de los accidentes, aspira a tener continuidad en medio del debate que se presenta en torno a la problem\u00e1tica.<\/p>\n<p>&nbsp;<\/p>\n<h3>Datos acad\u00e9micos de la tesis doctoral \u00ab<strong>El problema de la fundamentaci\u00f3n filos\u00f3fica de los derechos humanos. bases ontol\u00f3gicas<\/strong>\u00ab<\/h3>\n<ul>\n<li><strong>T\u00edtulo de la tesis:<\/strong>\u00a0 El problema de la fundamentaci\u00f3n filos\u00f3fica de los derechos humanos. bases ontol\u00f3gicas <\/li>\n<li><strong>Autor:<\/strong>\u00a0 Jorge  Martin Agudelo Ramirez <\/li>\n<li><strong>Universidad:<\/strong>\u00a0 Salamanca<\/li>\n<li><strong>Fecha de lectura de la tesis:<\/strong>\u00a0 17\/12\/2010<\/li>\n<\/ul>\n<p>&nbsp;<\/p>\n<h3>Direcci\u00f3n y tribunal<\/h3>\n<ul>\n<li><strong>Director de la tesis<\/strong>\n<ul>\n<li>Mar\u00eda no Eugenio Alvarez Gomez<\/li>\n<\/ul>\n<\/li>\n<li><strong>Tribunal<\/strong>\n<ul>\n<li>Presidente del tribunal: juli\u00e1n Velarde lombra\u00f1a <\/li>\n<li>diego S\u00e1nchez meca (vocal)<\/li>\n<li>Juan  Jos\u00e9 Garcia norro (vocal)<\/li>\n<li>gregorio Robles morchon (vocal)<\/li>\n<\/ul>\n<\/li>\n<\/ul>\n<p>&nbsp;<\/p>\n","protected":false},"excerpt":{"rendered":"<p>Tesis doctoral de Jorge Martin Agudelo Ramirez La idea de los derechos humanos se ha consolidado en medio de un [&hellip;]<\/p>\n","protected":false},"author":1,"featured_media":0,"comment_status":"open","ping_status":"open","sticky":false,"template":"","format":"standard","meta":{"site-sidebar-layout":"default","site-content-layout":"","ast-site-content-layout":"","site-content-style":"default","site-sidebar-style":"default","ast-global-header-display":"","ast-banner-title-visibility":"","ast-main-header-display":"","ast-hfb-above-header-display":"","ast-hfb-below-header-display":"","ast-hfb-mobile-header-display":"","site-post-title":"","ast-breadcrumbs-content":"","ast-featured-img":"","footer-sml-layout":"","theme-transparent-header-meta":"","adv-header-id-meta":"","stick-header-meta":"","header-above-stick-meta":"","header-main-stick-meta":"","header-below-stick-meta":"","astra-migrate-meta-layouts":"default","ast-page-background-enabled":"default","ast-page-background-meta":{"desktop":{"background-color":"var(--ast-global-color-4)","background-image":"","background-repeat":"repeat","background-position":"center center","background-size":"auto","background-attachment":"scroll","background-type":"","background-media":"","overlay-type":"","overlay-color":"","overlay-gradient":""},"tablet":{"background-color":"","background-image":"","background-repeat":"repeat","background-position":"center center","background-size":"auto","background-attachment":"scroll","background-type":"","background-media":"","overlay-type":"","overlay-color":"","overlay-gradient":""},"mobile":{"background-color":"","background-image":"","background-repeat":"repeat","background-position":"center center","background-size":"auto","background-attachment":"scroll","background-type":"","background-media":"","overlay-type":"","overlay-color":"","overlay-gradient":""}},"ast-content-background-meta":{"desktop":{"background-color":"var(--ast-global-color-5)","background-image":"","background-repeat":"repeat","background-position":"center center","background-size":"auto","background-attachment":"scroll","background-type":"","background-media":"","overlay-type":"","overlay-color":"","overlay-gradient":""},"tablet":{"background-color":"var(--ast-global-color-5)","background-image":"","background-repeat":"repeat","background-position":"center center","background-size":"auto","background-attachment":"scroll","background-type":"","background-media":"","overlay-type":"","overlay-color":"","overlay-gradient":""},"mobile":{"background-color":"var(--ast-global-color-5)","background-image":"","background-repeat":"repeat","background-position":"center center","background-size":"auto","background-attachment":"scroll","background-type":"","background-media":"","overlay-type":"","overlay-color":"","overlay-gradient":""}},"footnotes":""},"categories":[3192,6008,6428,9386,32239],"tags":[17243,10357,213464,58973,8930,9811],"class_list":["post-105948","post","type-post","status-publish","format-standard","hentry","category-derecho-natural","category-filosofia-politica","category-metafisica-y-ontologia","category-salamanca","category-teoria-de-las-ideologias","tag-diego-sanchez-meca","tag-gregorio-robles-morchon","tag-jorge-martin-agudelo-ramirez","tag-juan-jose-garcia-norro","tag-julian-velarde-lombrana","tag-maria-no-eugenio-alvarez-gomez"],"_links":{"self":[{"href":"https:\/\/www.deberes.net\/tesis\/wp-json\/wp\/v2\/posts\/105948","targetHints":{"allow":["GET"]}}],"collection":[{"href":"https:\/\/www.deberes.net\/tesis\/wp-json\/wp\/v2\/posts"}],"about":[{"href":"https:\/\/www.deberes.net\/tesis\/wp-json\/wp\/v2\/types\/post"}],"author":[{"embeddable":true,"href":"https:\/\/www.deberes.net\/tesis\/wp-json\/wp\/v2\/users\/1"}],"replies":[{"embeddable":true,"href":"https:\/\/www.deberes.net\/tesis\/wp-json\/wp\/v2\/comments?post=105948"}],"version-history":[{"count":0,"href":"https:\/\/www.deberes.net\/tesis\/wp-json\/wp\/v2\/posts\/105948\/revisions"}],"wp:attachment":[{"href":"https:\/\/www.deberes.net\/tesis\/wp-json\/wp\/v2\/media?parent=105948"}],"wp:term":[{"taxonomy":"category","embeddable":true,"href":"https:\/\/www.deberes.net\/tesis\/wp-json\/wp\/v2\/categories?post=105948"},{"taxonomy":"post_tag","embeddable":true,"href":"https:\/\/www.deberes.net\/tesis\/wp-json\/wp\/v2\/tags?post=105948"}],"curies":[{"name":"wp","href":"https:\/\/api.w.org\/{rel}","templated":true}]}}