{"id":105961,"date":"2018-03-11T10:29:43","date_gmt":"2018-03-11T10:29:43","guid":{"rendered":"https:\/\/www.deberes.net\/tesis\/sin-categoria\/descentralizaa%c2%a7ao-produtiva-redes-de-cooperaa%c2%a7ao-empresarial-e-negociaa%c2%a7ao-colectiva-reflexa%c2%b5es-a-partir-da-experiaancia-portuguesa\/"},"modified":"2018-03-11T10:29:43","modified_gmt":"2018-03-11T10:29:43","slug":"descentralizaa%c2%a7ao-produtiva-redes-de-cooperaa%c2%a7ao-empresarial-e-negociaa%c2%a7ao-colectiva-reflexa%c2%b5es-a-partir-da-experiaancia-portuguesa","status":"publish","type":"post","link":"https:\/\/www.deberes.net\/tesis\/derecho-del-trabajo-y-de-la-seguridad-social\/descentralizaa%c2%a7ao-produtiva-redes-de-cooperaa%c2%a7ao-empresarial-e-negociaa%c2%a7ao-colectiva-reflexa%c2%b5es-a-partir-da-experiaancia-portuguesa\/","title":{"rendered":"Descentraliza\u00c1\u00a7\u00c1\u00a3o produtiva, redes de coopera\u00c1\u00a7\u00c1\u00a3o empresarial e negocia\u00c1\u00a7\u00c1\u00a3o colectiva. reflex\u00c1\u00b5es a partir da experi\u00c1\u00aancia portuguesa."},"content":{"rendered":"<h2>Tesis doctoral de <strong> Ana Isabel Lambelho Costa <\/strong><\/h2>\n<p>Determinar los conceptos de externalizaci\u00f3n de actividades, descentralizaci\u00f3n productiva y redes empresariales. Identificar las principales formas de cooperaci\u00f3n empresarial en portugal. Identificar y analizar los principales impactos de la descentralizaci\u00f3n productiva y de las redes de empresas en las relaciones individuales de trabajo.<\/p>\n<p>&nbsp;<\/p>\n<h3>Datos acad\u00e9micos de la tesis doctoral \u00ab<strong>Descentraliza\u00c1\u00a7\u00c1\u00a3o produtiva, redes de coopera\u00c1\u00a7\u00c1\u00a3o empresarial e negocia\u00c1\u00a7\u00c1\u00a3o colectiva. reflex\u00c1\u00b5es a partir da experi\u00c1\u00aancia portuguesa.<\/strong>\u00ab<\/h3>\n<ul>\n<li><strong>T\u00edtulo de la tesis:<\/strong>\u00a0 Descentraliza\u00c1\u00a7\u00c1\u00a3o produtiva, redes de coopera\u00c1\u00a7\u00c1\u00a3o empresarial e negocia\u00c1\u00a7\u00c1\u00a3o colectiva. reflex\u00c1\u00b5es a partir da experi\u00c1\u00aancia portuguesa. <\/li>\n<li><strong>Autor:<\/strong>\u00a0 Ana Isabel Lambelho Costa <\/li>\n<li><strong>Universidad:<\/strong>\u00a0 Salamanca<\/li>\n<li><strong>Fecha de lectura de la tesis:<\/strong>\u00a0 17\/12\/2010<\/li>\n<\/ul>\n<p>&nbsp;<\/p>\n<h3>Direcci\u00f3n y tribunal<\/h3>\n<ul>\n<li><strong>Director de la tesis<\/strong>\n<ul>\n<li>Wilfredo Sanguineti Raymon<\/li>\n<\/ul>\n<\/li>\n<li><strong>Tribunal<\/strong>\n<ul>\n<li>Presidente del tribunal: Manuel Carlos Palomeque l\u00f3pez <\/li>\n<li>Antonio Monteiro fernandes (vocal)<\/li>\n<li>catarina Oliveira carvalho (vocal)<\/li>\n<li>margarita isabel Ramos  quintana (vocal)<\/li>\n<\/ul>\n<\/li>\n<\/ul>\n<p>&nbsp;<\/p>\n","protected":false},"excerpt":{"rendered":"<p>Tesis doctoral de Ana Isabel Lambelho Costa Determinar los conceptos de externalizaci\u00f3n de actividades, descentralizaci\u00f3n productiva y redes empresariales. Identificar [&hellip;]<\/p>\n","protected":false},"author":1,"featured_media":0,"comment_status":"open","ping_status":"open","sticky":false,"template":"","format":"standard","meta":{"site-sidebar-layout":"default","site-content-layout":"","ast-site-content-layout":"","site-content-style":"default","site-sidebar-style":"default","ast-global-header-display":"","ast-banner-title-visibility":"","ast-main-header-display":"","ast-hfb-above-header-display":"","ast-hfb-below-header-display":"","ast-hfb-mobile-header-display":"","site-post-title":"","ast-breadcrumbs-content":"","ast-featured-img":"","footer-sml-layout":"","theme-transparent-header-meta":"","adv-header-id-meta":"","stick-header-meta":"","header-above-stick-meta":"","header-main-stick-meta":"","header-below-stick-meta":"","astra-migrate-meta-layouts":"default","ast-page-background-enabled":"default","ast-page-background-meta":{"desktop":{"background-color":"var(--ast-global-color-4)","background-image":"","background-repeat":"repeat","background-position":"center center","background-size":"auto","background-attachment":"scroll","background-type":"","background-media":"","overlay-type":"","overlay-color":"","overlay-gradient":""},"tablet":{"background-color":"","background-image":"","background-repeat":"repeat","background-position":"center center","background-size":"auto","background-attachment":"scroll","background-type":"","background-media":"","overlay-type":"","overlay-color":"","overlay-gradient":""},"mobile":{"background-color":"","background-image":"","background-repeat":"repeat","background-position":"center center","background-size":"auto","background-attachment":"scroll","background-type":"","background-media":"","overlay-type":"","overlay-color":"","overlay-gradient":""}},"ast-content-background-meta":{"desktop":{"background-color":"var(--ast-global-color-5)","background-image":"","background-repeat":"repeat","background-position":"center center","background-size":"auto","background-attachment":"scroll","background-type":"","background-media":"","overlay-type":"","overlay-color":"","overlay-gradient":""},"tablet":{"background-color":"var(--ast-global-color-5)","background-image":"","background-repeat":"repeat","background-position":"center center","background-size":"auto","background-attachment":"scroll","background-type":"","background-media":"","overlay-type":"","overlay-color":"","overlay-gradient":""},"mobile":{"background-color":"var(--ast-global-color-5)","background-image":"","background-repeat":"repeat","background-position":"center center","background-size":"auto","background-attachment":"scroll","background-type":"","background-media":"","overlay-type":"","overlay-color":"","overlay-gradient":""}},"footnotes":""},"categories":[2170,9386],"tags":[213478,213479,213480,9454,213481,145306],"class_list":["post-105961","post","type-post","status-publish","format-standard","hentry","category-derecho-del-trabajo-y-de-la-seguridad-social","category-salamanca","tag-ana-isabel-lambelho-costa","tag-antonio-monteiro-fernandes","tag-catarina-oliveira-carvalho","tag-manuel-carlos-palomeque-lopez","tag-margarita-isabel-ramos-quintana","tag-wilfredo-sanguineti-raymon"],"_links":{"self":[{"href":"https:\/\/www.deberes.net\/tesis\/wp-json\/wp\/v2\/posts\/105961","targetHints":{"allow":["GET"]}}],"collection":[{"href":"https:\/\/www.deberes.net\/tesis\/wp-json\/wp\/v2\/posts"}],"about":[{"href":"https:\/\/www.deberes.net\/tesis\/wp-json\/wp\/v2\/types\/post"}],"author":[{"embeddable":true,"href":"https:\/\/www.deberes.net\/tesis\/wp-json\/wp\/v2\/users\/1"}],"replies":[{"embeddable":true,"href":"https:\/\/www.deberes.net\/tesis\/wp-json\/wp\/v2\/comments?post=105961"}],"version-history":[{"count":0,"href":"https:\/\/www.deberes.net\/tesis\/wp-json\/wp\/v2\/posts\/105961\/revisions"}],"wp:attachment":[{"href":"https:\/\/www.deberes.net\/tesis\/wp-json\/wp\/v2\/media?parent=105961"}],"wp:term":[{"taxonomy":"category","embeddable":true,"href":"https:\/\/www.deberes.net\/tesis\/wp-json\/wp\/v2\/categories?post=105961"},{"taxonomy":"post_tag","embeddable":true,"href":"https:\/\/www.deberes.net\/tesis\/wp-json\/wp\/v2\/tags?post=105961"}],"curies":[{"name":"wp","href":"https:\/\/api.w.org\/{rel}","templated":true}]}}