{"id":106051,"date":"2018-03-11T10:29:48","date_gmt":"2018-03-11T10:29:48","guid":{"rendered":"https:\/\/www.deberes.net\/tesis\/sin-categoria\/las-herramientas-web-en-la-ensenanza-y-aprendizaje-del-ciberperiodismo-en-las-universidades-de-la-comunidad-valenciana\/"},"modified":"2018-03-11T10:29:48","modified_gmt":"2018-03-11T10:29:48","slug":"las-herramientas-web-en-la-ensenanza-y-aprendizaje-del-ciberperiodismo-en-las-universidades-de-la-comunidad-valenciana","status":"publish","type":"post","link":"https:\/\/www.deberes.net\/tesis\/planes-de-estudios\/las-herramientas-web-en-la-ensenanza-y-aprendizaje-del-ciberperiodismo-en-las-universidades-de-la-comunidad-valenciana\/","title":{"rendered":"Las herramientas web en la ense\u00f1anza y aprendizaje del ciberperiodismo en las universidades de la comunidad Valenciana"},"content":{"rendered":"<h2>Tesis doctoral de <strong> Bego\u00f1a Ivars Nicol\u00e1s <\/strong><\/h2>\n<p>La irrupci\u00f3n de internet y las nuevas tecnolog\u00edas de la informaci\u00f3n y la comunicaci\u00f3n repercute en diversos \u00e1mbitos, entre ellos la pr\u00e1ctica de la profesi\u00f3n period\u00edstica y los estudios de periodismo. Concretamente, en las materias que abarcan el ciberperiodismo, los profesores utilizan herramientas web como recurso docente. Estas herramientas en l\u00ednea son, a menudo, las mismas que los egresados utilizar\u00e1n como ciberperiodistas para comunicarse entre ellos mismos y para transmitir la informaci\u00f3n al resto de la sociedad. Sin embargo \u00c2\u00bfcu\u00e1les son estas herramientas? \u00c2\u00bfexiste relaci\u00f3n entre el modo de trabajar con estos instrumentos web en los estudios de ciberperiodismo de las universidades de la comunidad Valenciana y el modo en el que se emplean estas mismas herramientas en el desarrollo de la profesi\u00f3n ciberperiod\u00edstica? \u00c2\u00bfen qu\u00e9 medida? \u00c2\u00bfresultan beneficiosos para los alumnos estos recursos docentes en vistas de una profesionalizaci\u00f3n? \u00c2\u00bflas herramientas web son puros instrumentos o constituyen un nuevo acceso al conocimiento? \u00c2\u00bfeste acceso al conocimiento se produce desde una elaboraci\u00f3n de la memoria y de la comunicaci\u00f3n? \u00c2\u00bfest\u00e1 dicho acceso al conocimiento dirigido a conseguir nuevos sistemas de percepci\u00f3n e interpretaci\u00f3n de la realidad social y cultural? esta tesis responde a estas cuestiones y otras preguntas m\u00e1s que han ido surgiendo durante la investigaci\u00f3n. El objetivo final es valorar la eficacia del uso de las herramientas web empleadas en la docencia del ciberperiodismo y el modo en que estas nuevas formas de trabajo, similares a las de la profesi\u00f3n ciberperiod\u00edstica, mejoran la formaci\u00f3n de los estudiantes y les aportan una preparaci\u00f3n te\u00f3rico-pr\u00e1ctica \u00fatil para las nuevas profesiones emergentes nacidas de internet y relacionadas con los cibermedios.<\/p>\n<p>&nbsp;<\/p>\n<h3>Datos acad\u00e9micos de la tesis doctoral \u00ab<strong>Las herramientas web en la ense\u00f1anza y aprendizaje del ciberperiodismo en las universidades de la comunidad Valenciana<\/strong>\u00ab<\/h3>\n<ul>\n<li><strong>T\u00edtulo de la tesis:<\/strong>\u00a0 Las herramientas web en la ense\u00f1anza y aprendizaje del ciberperiodismo en las universidades de la comunidad Valenciana <\/li>\n<li><strong>Autor:<\/strong>\u00a0 Bego\u00f1a Ivars Nicol\u00e1s <\/li>\n<li><strong>Universidad:<\/strong>\u00a0 Miguel hern\u00e1ndez de elche<\/li>\n<li><strong>Fecha de lectura de la tesis:<\/strong>\u00a0 20\/12\/2010<\/li>\n<\/ul>\n<p>&nbsp;<\/p>\n<h3>Direcci\u00f3n y tribunal<\/h3>\n<ul>\n<li><strong>Director de la tesis<\/strong>\n<ul>\n<li>Teresa Magal Royo<\/li>\n<\/ul>\n<\/li>\n<li><strong>Tribunal<\/strong>\n<ul>\n<li>Presidente del tribunal: Francisco Esteve ramirez <\/li>\n<li>ignacio Lara jornet (vocal)<\/li>\n<li>german Llorca abad (vocal)<\/li>\n<li>Juan Tom\u00e1s frutos (vocal)<\/li>\n<\/ul>\n<\/li>\n<\/ul>\n<p>&nbsp;<\/p>\n","protected":false},"excerpt":{"rendered":"<p>Tesis doctoral de Bego\u00f1a Ivars Nicol\u00e1s La irrupci\u00f3n de internet y las nuevas tecnolog\u00edas de la informaci\u00f3n y la comunicaci\u00f3n [&hellip;]<\/p>\n","protected":false},"author":1,"featured_media":0,"comment_status":"open","ping_status":"open","sticky":false,"template":"","format":"standard","meta":{"site-sidebar-layout":"default","site-content-layout":"","ast-site-content-layout":"","site-content-style":"default","site-sidebar-style":"default","ast-global-header-display":"","ast-banner-title-visibility":"","ast-main-header-display":"","ast-hfb-above-header-display":"","ast-hfb-below-header-display":"","ast-hfb-mobile-header-display":"","site-post-title":"","ast-breadcrumbs-content":"","ast-featured-img":"","footer-sml-layout":"","theme-transparent-header-meta":"","adv-header-id-meta":"","stick-header-meta":"","header-above-stick-meta":"","header-main-stick-meta":"","header-below-stick-meta":"","astra-migrate-meta-layouts":"default","ast-page-background-enabled":"default","ast-page-background-meta":{"desktop":{"background-color":"var(--ast-global-color-4)","background-image":"","background-repeat":"repeat","background-position":"center center","background-size":"auto","background-attachment":"scroll","background-type":"","background-media":"","overlay-type":"","overlay-color":"","overlay-gradient":""},"tablet":{"background-color":"","background-image":"","background-repeat":"repeat","background-position":"center center","background-size":"auto","background-attachment":"scroll","background-type":"","background-media":"","overlay-type":"","overlay-color":"","overlay-gradient":""},"mobile":{"background-color":"","background-image":"","background-repeat":"repeat","background-position":"center center","background-size":"auto","background-attachment":"scroll","background-type":"","background-media":"","overlay-type":"","overlay-color":"","overlay-gradient":""}},"ast-content-background-meta":{"desktop":{"background-color":"var(--ast-global-color-5)","background-image":"","background-repeat":"repeat","background-position":"center center","background-size":"auto","background-attachment":"scroll","background-type":"","background-media":"","overlay-type":"","overlay-color":"","overlay-gradient":""},"tablet":{"background-color":"var(--ast-global-color-5)","background-image":"","background-repeat":"repeat","background-position":"center center","background-size":"auto","background-attachment":"scroll","background-type":"","background-media":"","overlay-type":"","overlay-color":"","overlay-gradient":""},"mobile":{"background-color":"var(--ast-global-color-5)","background-image":"","background-repeat":"repeat","background-position":"center center","background-size":"auto","background-attachment":"scroll","background-type":"","background-media":"","overlay-type":"","overlay-color":"","overlay-gradient":""}},"footnotes":""},"categories":[4394,1892,37169,1340,14126],"tags":[213609,5231,125625,213611,7682,213610],"class_list":["post-106051","post","type-post","status-publish","format-standard","hentry","category-educacion-superior","category-ensenanza-con-ayuda-de-ordenador","category-miguel-hernandez-de-elche","category-planes-de-estudios","category-tecnologia-y-cambio-social","tag-begona-ivars-nicolas","tag-francisco-esteve-ramirez","tag-german-llorca-abad","tag-ignacio-lara-jornet","tag-juan-tomas-frutos","tag-teresa-magal-royo"],"_links":{"self":[{"href":"https:\/\/www.deberes.net\/tesis\/wp-json\/wp\/v2\/posts\/106051","targetHints":{"allow":["GET"]}}],"collection":[{"href":"https:\/\/www.deberes.net\/tesis\/wp-json\/wp\/v2\/posts"}],"about":[{"href":"https:\/\/www.deberes.net\/tesis\/wp-json\/wp\/v2\/types\/post"}],"author":[{"embeddable":true,"href":"https:\/\/www.deberes.net\/tesis\/wp-json\/wp\/v2\/users\/1"}],"replies":[{"embeddable":true,"href":"https:\/\/www.deberes.net\/tesis\/wp-json\/wp\/v2\/comments?post=106051"}],"version-history":[{"count":0,"href":"https:\/\/www.deberes.net\/tesis\/wp-json\/wp\/v2\/posts\/106051\/revisions"}],"wp:attachment":[{"href":"https:\/\/www.deberes.net\/tesis\/wp-json\/wp\/v2\/media?parent=106051"}],"wp:term":[{"taxonomy":"category","embeddable":true,"href":"https:\/\/www.deberes.net\/tesis\/wp-json\/wp\/v2\/categories?post=106051"},{"taxonomy":"post_tag","embeddable":true,"href":"https:\/\/www.deberes.net\/tesis\/wp-json\/wp\/v2\/tags?post=106051"}],"curies":[{"name":"wp","href":"https:\/\/api.w.org\/{rel}","templated":true}]}}