{"id":106066,"date":"2018-03-11T10:29:54","date_gmt":"2018-03-11T10:29:54","guid":{"rendered":"https:\/\/www.deberes.net\/tesis\/sin-categoria\/sa%c2%adntesis-de-nanoparta%c2%adculas-de-plata-a-traves-de-un-metodo-organometalico\/"},"modified":"2018-03-11T10:29:54","modified_gmt":"2018-03-11T10:29:54","slug":"sa%c2%adntesis-de-nanoparta%c2%adculas-de-plata-a-traves-de-un-metodo-organometalico","status":"publish","type":"post","link":"https:\/\/www.deberes.net\/tesis\/compuestos-organometalicos\/sa%c2%adntesis-de-nanoparta%c2%adculas-de-plata-a-traves-de-un-metodo-organometalico\/","title":{"rendered":"S\u00edntesis de nanopart\u00edculas de plata a trav\u00e9s de un m\u00e9todo organomet\u00e1lico"},"content":{"rendered":"<h2>Tesis doctoral de <strong> Jorge Garc\u00eda Barrasa <\/strong><\/h2>\n<p>El presente trabajo trata sobre la s\u00edntesis de nanopart\u00edculas de plata a partir de compuestos organomet\u00e1licos de este metal, que son susceptibles de ser descompuestos empleando condiciones de reacci\u00f3n muy suaves. Este hecho, unido al empleo de agentes estabilizantes como ligandos alqu\u00edlicos de cadena larga, pol\u00edmeros o sustratos inorg\u00e1nicos, da lugar a la formaci\u00f3n de nanopart\u00edculas de plata con un elevado control sobre su forma y tama\u00f1o, de manera que, en determinadas condiciones, estas nanopart\u00edculas se auto-organizan en superredes nanocristalinas tridimensionales. En este trabajo tambi\u00e9n se describe un estudio sobre la s\u00edntesis de nanopart\u00edculas bimet\u00e1licas de oro y plata y sus propiedades \u00f3pticas en funci\u00f3n de su composici\u00f3n y tama\u00f1o.  por \u00faltimo, se han estudiado las propiedades antimicrobianas de las nanopart\u00edculas de plata sintetizadas frente a diferentes tipos de bacterias que tienen especial relevancia en medicina cl\u00ednica, dando lugar a resultados muy buenos en comparaci\u00f3n con estudios anteriores.<\/p>\n<p>&nbsp;<\/p>\n<h3>Datos acad\u00e9micos de la tesis doctoral \u00ab<strong>S\u00edntesis de nanopart\u00edculas de plata a trav\u00e9s de un m\u00e9todo organomet\u00e1lico<\/strong>\u00ab<\/h3>\n<ul>\n<li><strong>T\u00edtulo de la tesis:<\/strong>\u00a0 S\u00edntesis de nanopart\u00edculas de plata a trav\u00e9s de un m\u00e9todo organomet\u00e1lico <\/li>\n<li><strong>Autor:<\/strong>\u00a0 Jorge Garc\u00eda Barrasa <\/li>\n<li><strong>Universidad:<\/strong>\u00a0 Rioja<\/li>\n<li><strong>Fecha de lectura de la tesis:<\/strong>\u00a0 20\/12\/2010<\/li>\n<\/ul>\n<p>&nbsp;<\/p>\n<h3>Direcci\u00f3n y tribunal<\/h3>\n<ul>\n<li><strong>Director de la tesis<\/strong>\n<ul>\n<li>Jos\u00e9 Mar\u00eda L\u00f3pez De Luzuriaga Fern\u00e1ndez<\/li>\n<\/ul>\n<\/li>\n<li><strong>Tribunal<\/strong>\n<ul>\n<li>Presidente del tribunal: Antonio Laguna castrillo <\/li>\n<li>carmen Torres manrique (vocal)<\/li>\n<li>Manuel Bardaji luna (vocal)<\/li>\n<li>M\u00aa concepci\u00f3n Gimeno flor\u00eda (vocal)<\/li>\n<\/ul>\n<\/li>\n<\/ul>\n<p>&nbsp;<\/p>\n","protected":false},"excerpt":{"rendered":"<p>Tesis doctoral de Jorge Garc\u00eda Barrasa El presente trabajo trata sobre la s\u00edntesis de nanopart\u00edculas de plata a partir de [&hellip;]<\/p>\n","protected":false},"author":1,"featured_media":0,"comment_status":"open","ping_status":"open","sticky":false,"template":"","format":"standard","meta":{"site-sidebar-layout":"default","site-content-layout":"","ast-site-content-layout":"","site-content-style":"default","site-sidebar-style":"default","ast-global-header-display":"","ast-banner-title-visibility":"","ast-main-header-display":"","ast-hfb-above-header-display":"","ast-hfb-below-header-display":"","ast-hfb-mobile-header-display":"","site-post-title":"","ast-breadcrumbs-content":"","ast-featured-img":"","footer-sml-layout":"","theme-transparent-header-meta":"","adv-header-id-meta":"","stick-header-meta":"","header-above-stick-meta":"","header-main-stick-meta":"","header-below-stick-meta":"","astra-migrate-meta-layouts":"default","ast-page-background-enabled":"default","ast-page-background-meta":{"desktop":{"background-color":"var(--ast-global-color-4)","background-image":"","background-repeat":"repeat","background-position":"center center","background-size":"auto","background-attachment":"scroll","background-type":"","background-media":"","overlay-type":"","overlay-color":"","overlay-gradient":""},"tablet":{"background-color":"","background-image":"","background-repeat":"repeat","background-position":"center center","background-size":"auto","background-attachment":"scroll","background-type":"","background-media":"","overlay-type":"","overlay-color":"","overlay-gradient":""},"mobile":{"background-color":"","background-image":"","background-repeat":"repeat","background-position":"center center","background-size":"auto","background-attachment":"scroll","background-type":"","background-media":"","overlay-type":"","overlay-color":"","overlay-gradient":""}},"ast-content-background-meta":{"desktop":{"background-color":"var(--ast-global-color-5)","background-image":"","background-repeat":"repeat","background-position":"center center","background-size":"auto","background-attachment":"scroll","background-type":"","background-media":"","overlay-type":"","overlay-color":"","overlay-gradient":""},"tablet":{"background-color":"var(--ast-global-color-5)","background-image":"","background-repeat":"repeat","background-position":"center center","background-size":"auto","background-attachment":"scroll","background-type":"","background-media":"","overlay-type":"","overlay-color":"","overlay-gradient":""},"mobile":{"background-color":"var(--ast-global-color-5)","background-image":"","background-repeat":"repeat","background-position":"center center","background-size":"auto","background-attachment":"scroll","background-type":"","background-media":"","overlay-type":"","overlay-color":"","overlay-gradient":""}},"footnotes":""},"categories":[863,18890],"tags":[18895,24216,213640,18894,213641,18898],"class_list":["post-106066","post","type-post","status-publish","format-standard","hentry","category-compuestos-organometalicos","category-rioja","tag-antonio-laguna-castrillo","tag-carmen-torres-manrique","tag-jorge-garcia-barrasa","tag-jose-maria-lopez-de-luzuriaga-fernandez","tag-manuel-bardaji-luna","tag-ma-concepcion-gimeno-floria"],"_links":{"self":[{"href":"https:\/\/www.deberes.net\/tesis\/wp-json\/wp\/v2\/posts\/106066","targetHints":{"allow":["GET"]}}],"collection":[{"href":"https:\/\/www.deberes.net\/tesis\/wp-json\/wp\/v2\/posts"}],"about":[{"href":"https:\/\/www.deberes.net\/tesis\/wp-json\/wp\/v2\/types\/post"}],"author":[{"embeddable":true,"href":"https:\/\/www.deberes.net\/tesis\/wp-json\/wp\/v2\/users\/1"}],"replies":[{"embeddable":true,"href":"https:\/\/www.deberes.net\/tesis\/wp-json\/wp\/v2\/comments?post=106066"}],"version-history":[{"count":0,"href":"https:\/\/www.deberes.net\/tesis\/wp-json\/wp\/v2\/posts\/106066\/revisions"}],"wp:attachment":[{"href":"https:\/\/www.deberes.net\/tesis\/wp-json\/wp\/v2\/media?parent=106066"}],"wp:term":[{"taxonomy":"category","embeddable":true,"href":"https:\/\/www.deberes.net\/tesis\/wp-json\/wp\/v2\/categories?post=106066"},{"taxonomy":"post_tag","embeddable":true,"href":"https:\/\/www.deberes.net\/tesis\/wp-json\/wp\/v2\/tags?post=106066"}],"curies":[{"name":"wp","href":"https:\/\/api.w.org\/{rel}","templated":true}]}}