{"id":106121,"date":"2018-03-11T10:29:54","date_gmt":"2018-03-11T10:29:54","guid":{"rendered":"https:\/\/www.deberes.net\/tesis\/sin-categoria\/evolucion-temporal-de-las-aberraciones-del-ojo-tras-ciruga%c2%ada-refractiva-lasik\/"},"modified":"2018-03-11T10:29:54","modified_gmt":"2018-03-11T10:29:54","slug":"evolucion-temporal-de-las-aberraciones-del-ojo-tras-ciruga%c2%ada-refractiva-lasik","status":"publish","type":"post","link":"https:\/\/www.deberes.net\/tesis\/oftalmologia\/evolucion-temporal-de-las-aberraciones-del-ojo-tras-ciruga%c2%ada-refractiva-lasik\/","title":{"rendered":"Evoluci\u00f3n temporal de las aberraciones del ojo tras cirugia refractiva lasik."},"content":{"rendered":"<h2>Tesis doctoral de <strong> Antonio Benito Galindo <\/strong><\/h2>\n<p>Los errores refractivos sin corregir son la principal causa de p\u00e9rdida de calidad en la visi\u00f3n. Aunque su correcci\u00f3n es sencilla mediante el uso de gafas o lentes de contacto, estos m\u00e9todos no suponen una correcci\u00f3n permanente del problema. Las diversas t\u00e9cnicas de cirug\u00eda refractiva buscan corregir de forma permanente el error refractivo.  \tlos m\u00e9todos utilizados inicialmente no eran ni precisos ni predecibles, por lo que hubo que esperar al desarrollo de la ablaci\u00f3n corneal l\u00e1ser para que se generalizase su aplicaci\u00f3n. Pero la cirug\u00eda queratorefractiva l\u00e1ser tambi\u00e9n sufre sus propios inconvenientes, como la aparici\u00f3n de aberraciones que limitan la calidad visual, especialmente para tama\u00f1os grandes de pupila. Durante los \u00faltimos a\u00f1os, las diversas t\u00e9cnicas e instrumentaci\u00f3n utilizadas han permitido reducir los problemas posoperatorios. Uno de los avances ha sido la medida y correcci\u00f3n de las aberraciones oculares, aunque con los l\u00edmites que impone la din\u00e1mica ocular, as\u00ed como los cambios \u00f3pticos imprevistos tras la cirug\u00eda.  \tsabemos que el ojo es un sistema \u00f3ptico aplan\u00e1tico, pues las aberraciones de c\u00f3rnea y cristalino se compensan de forma pasiva. Esto explica por qu\u00e9 las diferencias en cuanto a dimensiones del ojo entre la poblaci\u00f3n, no suponen aberraciones oculares diferentes. Sin embargo, se desconoce si el ojo posee alg\u00fan tipo de mecanismo activo que permita reducir las aberraciones inducidas por la cirug\u00eda refractiva. el principal inter\u00e9s de esta tesis doctoral fue explorar c\u00f3mo cambian las aberraciones del ojo y de sus medios tras cirug\u00eda refractiva lasik est\u00e1ndar, y si existe alguna modificaci\u00f3n posterior que puedan relacionarse con la presencia de un mecanismo activo de compensaci\u00f3n de las aberraciones generadas por la cirug\u00eda.\t en el primer cap\u00edtulo, se hace una breve descripci\u00f3n de las caracter\u00edsticas del ojo humano, en especial sus propiedades \u00f3pticas, as\u00ed como un breve repaso de las diferentes t\u00e9cnicas de cirug\u00eda refractiva. Incluye un breve resumen sobre estad\u00edstica de aberraciones de ojo y c\u00f3rnea, mecanismo de compensaci\u00f3n y las consecuencias del lasik. en el segundo cap\u00edtulo, se describen los m\u00e9todos aplicados. Primero se muestra el proceso de dise\u00f1o, montaje y calibrado de un sensor de frente de onda de tipo hartmann-shack (hs), desarrollado para ser utilizado en un entorno cl\u00ednico. Tambi\u00e9n se muestran los resultados del testeo del top\u00f3grafo corneal utilizado. Por \u00faltimo, se detalla el protocolo de medidas, el proceso de selecci\u00f3n de sujetos y el procedimiento quir\u00fargico utilizado. \tel tercer cap\u00edtulo muestra, en primer lugar, una estad\u00edstica de las aberraciones oculares, corneales e internas, obtenidas en dos poblaciones separadas de miopes e hiperm\u00e9tropes, para medir la eficacia del mecanismo de compensaci\u00f3n de aberraciones. A continuaci\u00f3n, se comparan los resultados obtenidos antes y a los seis meses del lasik. En los miopes el lasik provoc\u00f3 un aumento en la aberraci\u00f3n esf\u00e9rica (ae) positiva y en el coma, tanto para el ojo como para la c\u00f3rnea. Los cambios  en las aberraciones corneales despu\u00e9s del lasik hipermetr\u00f3pico, con aumento de la ae negativa y reducci\u00f3n del coma, provocaron un desacople con las aberraciones internas, lo que caus\u00f3 un aumento de las aberraciones oculares mayor que tras el lasik mi\u00f3pico. \tel cuarto cap\u00edtulo refleja los resultados del estudio de las aberraciones antes y durante los nueve meses posteriores al lasik para miop\u00eda. Los resultados obtenidos al mes de la cirug\u00eda mostraron un aumento de las aberraciones oculares y corneales, lo que provoc\u00f3 una disminuci\u00f3n de la calidad \u00f3ptica ocular. Durante los siguientes ocho meses, los resultados medios fueron estables, aunque con una gran variabilidad entre sujetos. \u00fanicamente se registr\u00f3 un aumento peque\u00f1o pero significativo de la ae ocular, vinculado a los cambios registrados en los sujetos en los actuales se corrigi\u00f3 m\u00e1s miop\u00eda. Pero estos cambios, registrados fundamentalmente durante los primeros seis meses despu\u00e9s de la cirug\u00eda, fueron peque\u00f1os y no causaron una reducci\u00f3n de la calidad \u00f3ptica ocular.<\/p>\n<p>&nbsp;<\/p>\n<h3>Datos acad\u00e9micos de la tesis doctoral \u00ab<strong>Evoluci\u00f3n temporal de las aberraciones del ojo tras cirugia refractiva lasik.<\/strong>\u00ab<\/h3>\n<ul>\n<li><strong>T\u00edtulo de la tesis:<\/strong>\u00a0 Evoluci\u00f3n temporal de las aberraciones del ojo tras cirugia refractiva lasik. <\/li>\n<li><strong>Autor:<\/strong>\u00a0 Antonio Benito Galindo <\/li>\n<li><strong>Universidad:<\/strong>\u00a0 Murcia<\/li>\n<li><strong>Fecha de lectura de la tesis:<\/strong>\u00a0 21\/12\/2010<\/li>\n<\/ul>\n<p>&nbsp;<\/p>\n<h3>Direcci\u00f3n y tribunal<\/h3>\n<ul>\n<li><strong>Director de la tesis<\/strong>\n<ul>\n<li>Pablo Artal Soriano<\/li>\n<\/ul>\n<\/li>\n<li><strong>Tribunal<\/strong>\n<ul>\n<li>Presidente del tribunal: Santiago Mar sarda\u00f1a <\/li>\n<li>Jos\u00e9 ram\u00f3n Jim\u00e9nez cuesta (vocal)<\/li>\n<li>celia Sanchez ramos (vocal)<\/li>\n<li>Jorge  luciano Ali\u00f3 sanz (vocal)<\/li>\n<\/ul>\n<\/li>\n<\/ul>\n<p>&nbsp;<\/p>\n","protected":false},"excerpt":{"rendered":"<p>Tesis doctoral de Antonio Benito Galindo Los errores refractivos sin corregir son la principal causa de p\u00e9rdida de calidad en [&hellip;]<\/p>\n","protected":false},"author":1,"featured_media":0,"comment_status":"open","ping_status":"open","sticky":false,"template":"","format":"standard","meta":{"site-sidebar-layout":"default","site-content-layout":"","ast-site-content-layout":"","site-content-style":"default","site-sidebar-style":"default","ast-global-header-display":"","ast-banner-title-visibility":"","ast-main-header-display":"","ast-hfb-above-header-display":"","ast-hfb-below-header-display":"","ast-hfb-mobile-header-display":"","site-post-title":"","ast-breadcrumbs-content":"","ast-featured-img":"","footer-sml-layout":"","theme-transparent-header-meta":"","adv-header-id-meta":"","stick-header-meta":"","header-above-stick-meta":"","header-main-stick-meta":"","header-below-stick-meta":"","astra-migrate-meta-layouts":"default","ast-page-background-enabled":"default","ast-page-background-meta":{"desktop":{"background-color":"var(--ast-global-color-4)","background-image":"","background-repeat":"repeat","background-position":"center center","background-size":"auto","background-attachment":"scroll","background-type":"","background-media":"","overlay-type":"","overlay-color":"","overlay-gradient":""},"tablet":{"background-color":"","background-image":"","background-repeat":"repeat","background-position":"center center","background-size":"auto","background-attachment":"scroll","background-type":"","background-media":"","overlay-type":"","overlay-color":"","overlay-gradient":""},"mobile":{"background-color":"","background-image":"","background-repeat":"repeat","background-position":"center center","background-size":"auto","background-attachment":"scroll","background-type":"","background-media":"","overlay-type":"","overlay-color":"","overlay-gradient":""}},"ast-content-background-meta":{"desktop":{"background-color":"var(--ast-global-color-5)","background-image":"","background-repeat":"repeat","background-position":"center center","background-size":"auto","background-attachment":"scroll","background-type":"","background-media":"","overlay-type":"","overlay-color":"","overlay-gradient":""},"tablet":{"background-color":"var(--ast-global-color-5)","background-image":"","background-repeat":"repeat","background-position":"center center","background-size":"auto","background-attachment":"scroll","background-type":"","background-media":"","overlay-type":"","overlay-color":"","overlay-gradient":""},"mobile":{"background-color":"var(--ast-global-color-5)","background-image":"","background-repeat":"repeat","background-position":"center center","background-size":"auto","background-attachment":"scroll","background-type":"","background-media":"","overlay-type":"","overlay-color":"","overlay-gradient":""}},"footnotes":""},"categories":[8235,988,17468],"tags":[213723,7527,33214,22052,86058,10846],"class_list":["post-106121","post","type-post","status-publish","format-standard","hentry","category-murcia","category-oftalmologia","category-optica-fisiologica","tag-antonio-benito-galindo","tag-celia-sanchez-ramos","tag-jorge-luciano-alio-sanz","tag-jose-ramon-jimenez-cuesta","tag-pablo-artal-soriano","tag-santiago-mar-sardana"],"_links":{"self":[{"href":"https:\/\/www.deberes.net\/tesis\/wp-json\/wp\/v2\/posts\/106121","targetHints":{"allow":["GET"]}}],"collection":[{"href":"https:\/\/www.deberes.net\/tesis\/wp-json\/wp\/v2\/posts"}],"about":[{"href":"https:\/\/www.deberes.net\/tesis\/wp-json\/wp\/v2\/types\/post"}],"author":[{"embeddable":true,"href":"https:\/\/www.deberes.net\/tesis\/wp-json\/wp\/v2\/users\/1"}],"replies":[{"embeddable":true,"href":"https:\/\/www.deberes.net\/tesis\/wp-json\/wp\/v2\/comments?post=106121"}],"version-history":[{"count":0,"href":"https:\/\/www.deberes.net\/tesis\/wp-json\/wp\/v2\/posts\/106121\/revisions"}],"wp:attachment":[{"href":"https:\/\/www.deberes.net\/tesis\/wp-json\/wp\/v2\/media?parent=106121"}],"wp:term":[{"taxonomy":"category","embeddable":true,"href":"https:\/\/www.deberes.net\/tesis\/wp-json\/wp\/v2\/categories?post=106121"},{"taxonomy":"post_tag","embeddable":true,"href":"https:\/\/www.deberes.net\/tesis\/wp-json\/wp\/v2\/tags?post=106121"}],"curies":[{"name":"wp","href":"https:\/\/api.w.org\/{rel}","templated":true}]}}