{"id":106192,"date":"2018-03-11T10:30:05","date_gmt":"2018-03-11T10:30:05","guid":{"rendered":"https:\/\/www.deberes.net\/tesis\/sin-categoria\/a-participacion-pola%c2%adtica-dos-emigrantes-galegos-1905-2010\/"},"modified":"2018-03-11T10:30:05","modified_gmt":"2018-03-11T10:30:05","slug":"a-participacion-pola%c2%adtica-dos-emigrantes-galegos-1905-2010","status":"publish","type":"post","link":"https:\/\/www.deberes.net\/tesis\/santiago-de-compostela\/a-participacion-pola%c2%adtica-dos-emigrantes-galegos-1905-2010\/","title":{"rendered":"A participaci\u00f3n pol\u00edtica dos emigrantes galegos (1905-2010)"},"content":{"rendered":"<h2>Tesis doctoral de <strong> Anxo Lugilde Pardo <\/strong><\/h2>\n<p>O obxecto da investigaci\u00f3n \u00e9 o xurdimento do debate sobre os dereitos pol\u00edticos dos emigrantes galegos e espa\u00f1ois no primeiro terzo do s\u00e9culo xx, a autorizaci\u00f3n do voto desde o estranxeiro polo goberno de adolfo su\u00e1rez desde 1976 e a posterior evoluci\u00f3n das din\u00e1micas socio-pol\u00edticas que xurdiron ao seu redor, tanto no estado de orixe como nos de acollida. A investigaci\u00f3n responde a relevancia acadada polos emigrantes na vida pol\u00edtica galega, resumida no 6% dos votos totais que achegaron estes nas elecci\u00f3ns auton\u00f3micas de 2005, proporci\u00f3n cinco veces maior \u00e1 media espa\u00f1ola e da que s\u00f3 se co\u00f1ece un caso comparable no mundo, o de cabo verde. Ao tratarse dunha cuesti\u00f3n de competencia do goberno central, que historicamente se discutiu no \u00e1mbito espa\u00f1ol, \u00e9 preciso analizar a s\u00faa evoluci\u00f3n no conxunto de espa\u00f1a. A tese \u00e9 a continuaci\u00f3n do meu traballo de investigaci\u00f3n tutelado (tit) \u00ed\u00a2\u00c2\u00bf\u00c2\u00bforixes do voto emigrante: 1900-1936\u00ed\u00a2\u00c2\u00bf\u00c2\u00bf, centrado no xurdimento da reivindicaci\u00f3n dos dereitos pol\u00edticos para os expatriados espa\u00f1ois de am\u00e9rica. Para desenvolver a investigaci\u00f3n c\u00f3mpre afondar en aspectos como o da relaci\u00f3n entre as demandas das colectividades espa\u00f1olas e italianas, simult\u00e1neas no tempo; as resistencias existentes no sistema pol\u00edtico da restauraci\u00f3n fronte a unha reivindicaci\u00f3n que, grazas ao apoio do hispanoamericanismo, tivo un significativo espallamento no abano ideol\u00f3xico espa\u00f1ol; os c\u00e1lculos pol\u00edticos que fixo a ditadura de primo de rivera para estender o chamado plebiscito nacional de setembro 1926 aos consulados e embaixadas no estranxeiro, no que constit\u00fae o primeiro precedente de participaci\u00f3n pol\u00edtica dos emigrantes espa\u00f1ois; as posici\u00f3ns das elites republicanas do interior de espa\u00f1a e da emigraci\u00f3n que no momento de elaborar a constituci\u00f3n de 1931 viran respecto \u00e1s s\u00faas posici\u00f3ns nas d\u00e9cadas anteriores sobre os dereitos pol\u00edticos dos expatriados e as reviravoltas desta cuesti\u00f3n ao longo da elaboraci\u00f3n do estatuto de autonom\u00eda de galicia de 1936. No referente ao franquismo os principais obxectivos da investigaci\u00f3n consisten en estudar o discurso pol\u00edtico do r\u00e9xime ante a emigraci\u00f3n e os emigrantes e comprobar se houbo alg\u00fan intento de abrir canles para a participaci\u00f3n dos expatriados no sistema corporativo como os houbera na ditadura de primo de rivera. Na transici\u00f3n tr\u00e1tase de verificar a hip\u00f3tese de que, baixo o influxo dos exemplos franc\u00e9s e portugu\u00e9s e coa idea de acometer unha reparaci\u00f3n aos exiliados, o goberno de su\u00e1rez actuou a partir de c\u00e1lculos electorais para asegurarse o apoio no exterior no referendo do 76 e limitar o voto nas lexislativas de 1977 porque \u00eda ser favorable a esquerda. A hip\u00f3tese \u00e9 que este m\u00f3bil da manipulaci\u00f3n electoral dos emigrantes, como reserva de votos, \u00e9 o eixe central das decisi\u00f3ns tomadas polos posteriores gobernos espa\u00f1ois neste eido, que supuxo a multiplicaci\u00f3n do censo d\u00faas d\u00e9cadas despois da desaparici\u00f3n do \u00e9xodo espa\u00f1ol ao exterior e cando espa\u00f1a xa se convertera nun pa\u00eds receptor de inmigraci\u00f3n. A investigaci\u00f3n completarase coa an\u00e1lise das din\u00e1micas socio-pol\u00edticas ao redor do voto emigrante a escala local e auton\u00f3mica, baixo ese mesmo hipot\u00e9tico principio do uso instrumental por parte dos poderes p\u00fablicos de cada intre.<\/p>\n<p>&nbsp;<\/p>\n<h3>Datos acad\u00e9micos de la tesis doctoral \u00ab<strong>A participaci\u00f3n pol\u00edtica dos emigrantes galegos (1905-2010)<\/strong>\u00ab<\/h3>\n<ul>\n<li><strong>T\u00edtulo de la tesis:<\/strong>\u00a0 A participaci\u00f3n pol\u00edtica dos emigrantes galegos (1905-2010) <\/li>\n<li><strong>Autor:<\/strong>\u00a0 Anxo Lugilde Pardo <\/li>\n<li><strong>Universidad:<\/strong>\u00a0 Santiago de compostela<\/li>\n<li><strong>Fecha de lectura de la tesis:<\/strong>\u00a0 22\/12\/2010<\/li>\n<\/ul>\n<p>&nbsp;<\/p>\n<h3>Direcci\u00f3n y tribunal<\/h3>\n<ul>\n<li><strong>Director de la tesis<\/strong>\n<ul>\n<li>Xose Manoel Nu\u00f1ez Seixas<\/li>\n<\/ul>\n<\/li>\n<li><strong>Tribunal<\/strong>\n<ul>\n<li>Presidente del tribunal: ramon Villares paz <\/li>\n<li>marcela Garc\u00eda sebastiani (vocal)<\/li>\n<li>Ana isabel Fern\u00e1ndez asperilla (vocal)<\/li>\n<li>angel Duarte montserrat (vocal)<\/li>\n<\/ul>\n<\/li>\n<\/ul>\n<p>&nbsp;<\/p>\n","protected":false},"excerpt":{"rendered":"<p>Tesis doctoral de Anxo Lugilde Pardo O obxecto da investigaci\u00f3n \u00e9 o xurdimento do debate sobre os dereitos pol\u00edticos dos [&hellip;]<\/p>\n","protected":false},"author":1,"featured_media":0,"comment_status":"open","ping_status":"open","sticky":false,"template":"","format":"standard","meta":{"site-sidebar-layout":"default","site-content-layout":"","ast-site-content-layout":"","site-content-style":"default","site-sidebar-style":"default","ast-global-header-display":"","ast-banner-title-visibility":"","ast-main-header-display":"","ast-hfb-above-header-display":"","ast-hfb-below-header-display":"","ast-hfb-mobile-header-display":"","site-post-title":"","ast-breadcrumbs-content":"","ast-featured-img":"","footer-sml-layout":"","theme-transparent-header-meta":"","adv-header-id-meta":"","stick-header-meta":"","header-above-stick-meta":"","header-main-stick-meta":"","header-below-stick-meta":"","astra-migrate-meta-layouts":"default","ast-page-background-enabled":"default","ast-page-background-meta":{"desktop":{"background-color":"var(--ast-global-color-4)","background-image":"","background-repeat":"repeat","background-position":"center center","background-size":"auto","background-attachment":"scroll","background-type":"","background-media":"","overlay-type":"","overlay-color":"","overlay-gradient":""},"tablet":{"background-color":"","background-image":"","background-repeat":"repeat","background-position":"center center","background-size":"auto","background-attachment":"scroll","background-type":"","background-media":"","overlay-type":"","overlay-color":"","overlay-gradient":""},"mobile":{"background-color":"","background-image":"","background-repeat":"repeat","background-position":"center center","background-size":"auto","background-attachment":"scroll","background-type":"","background-media":"","overlay-type":"","overlay-color":"","overlay-gradient":""}},"ast-content-background-meta":{"desktop":{"background-color":"var(--ast-global-color-5)","background-image":"","background-repeat":"repeat","background-position":"center center","background-size":"auto","background-attachment":"scroll","background-type":"","background-media":"","overlay-type":"","overlay-color":"","overlay-gradient":""},"tablet":{"background-color":"var(--ast-global-color-5)","background-image":"","background-repeat":"repeat","background-position":"center center","background-size":"auto","background-attachment":"scroll","background-type":"","background-media":"","overlay-type":"","overlay-color":"","overlay-gradient":""},"mobile":{"background-color":"var(--ast-global-color-5)","background-image":"","background-repeat":"repeat","background-position":"center center","background-size":"auto","background-attachment":"scroll","background-type":"","background-media":"","overlay-type":"","overlay-color":"","overlay-gradient":""}},"footnotes":""},"categories":[1816,977],"tags":[172764,29108,213839,92729,2911,138651],"class_list":["post-106192","post","type-post","status-publish","format-standard","hentry","category-historia-contemporanea","category-santiago-de-compostela","tag-ana-isabel-fernandez-asperilla","tag-angel-duarte-montserrat","tag-anxo-lugilde-pardo","tag-marcela-garcia-sebastiani","tag-ramon-villares-paz","tag-xose-manoel-nunez-seixas"],"_links":{"self":[{"href":"https:\/\/www.deberes.net\/tesis\/wp-json\/wp\/v2\/posts\/106192","targetHints":{"allow":["GET"]}}],"collection":[{"href":"https:\/\/www.deberes.net\/tesis\/wp-json\/wp\/v2\/posts"}],"about":[{"href":"https:\/\/www.deberes.net\/tesis\/wp-json\/wp\/v2\/types\/post"}],"author":[{"embeddable":true,"href":"https:\/\/www.deberes.net\/tesis\/wp-json\/wp\/v2\/users\/1"}],"replies":[{"embeddable":true,"href":"https:\/\/www.deberes.net\/tesis\/wp-json\/wp\/v2\/comments?post=106192"}],"version-history":[{"count":0,"href":"https:\/\/www.deberes.net\/tesis\/wp-json\/wp\/v2\/posts\/106192\/revisions"}],"wp:attachment":[{"href":"https:\/\/www.deberes.net\/tesis\/wp-json\/wp\/v2\/media?parent=106192"}],"wp:term":[{"taxonomy":"category","embeddable":true,"href":"https:\/\/www.deberes.net\/tesis\/wp-json\/wp\/v2\/categories?post=106192"},{"taxonomy":"post_tag","embeddable":true,"href":"https:\/\/www.deberes.net\/tesis\/wp-json\/wp\/v2\/tags?post=106192"}],"curies":[{"name":"wp","href":"https:\/\/api.w.org\/{rel}","templated":true}]}}