{"id":106208,"date":"2018-03-11T10:30:05","date_gmt":"2018-03-11T10:30:05","guid":{"rendered":"https:\/\/www.deberes.net\/tesis\/sin-categoria\/ansiedade-depresion-e-obsesion-ante-a-morte-en-estudantes-universitarios\/"},"modified":"2018-03-11T10:30:05","modified_gmt":"2018-03-11T10:30:05","slug":"ansiedade-depresion-e-obsesion-ante-a-morte-en-estudantes-universitarios","status":"publish","type":"post","link":"https:\/\/www.deberes.net\/tesis\/vigo\/ansiedade-depresion-e-obsesion-ante-a-morte-en-estudantes-universitarios\/","title":{"rendered":"Ansiedade, depresi\u00f3n e obsesi\u00f3n ante a morte en estudantes universitarios"},"content":{"rendered":"<h2>Tesis doctoral de <strong> Francisco Javier Aguiar Fernandez <\/strong><\/h2>\n<p>Las actitudes negativas ante la muerte se asocian con diversos estados de emoci\u00f3n, siendo uno de los m\u00e1s estudiados la ansiead ante la muerte, entendida como un estado emocional desagradable producido por la contemplaci\u00f3n de la muerte propia (templer 1970). En los \u00faltimos a\u00f1os, dos emociones aparecieron en consideraci\u00f3n: la depresi\u00f3n ante la muerte (templer et al.) Y posteriormente la obsesi\u00f3n ante la muerte (abdel-khalek, 1998), constituyendo una tr\u00edada que algunos autores consideran en un mismo concepto global interrelacionado de \u00abmalestar ante la muerte\u00bb (triplett et al., 1995). de acuerdo con esta premisa, se propone una investigaci\u00f3n en donde se analiza la ansiedad, depresi\u00f3n y obsesi\u00f3n ante la muerte en una muestra de 1022 sujetos estudiantes universitarios de edades comprendidas entre los 18 y 25 a\u00f1os, determinando si existen diferencias significativas en funci\u00f3n de variables como la edad, sexo, \u00e1mbito de estudios realizados, lugar de residencia, pr\u00e1ctica religiosa experiencia vicaria y experiencia personal con la muerte,y elaboranado algunos presupuestos que contribuyan a asimilar mejor el proceso de la muerte y su mejor asimilaci\u00f3n a trav\u00e9s de la educaci\u00f3n. Se utilizaron los siguientes instrumentos: cuestionario estructurado para variables independientes; escala de ansiedad ante la muerte (das), escala revisada de depresi\u00f3n ante la muerte (dds-r) y escala de obsesi\u00f3n ante la muerte (dos). En la tres escalas la puntuaciones m\u00e1s elevadas se observaron en la mujeres, de menor edad, estudiantes del \u00e1mbito jur\u00eddico social, de procedencia semiurbana, con experiencia vicaria de muerte y que practican en mayor medida su religi\u00f3n. Esta investigaci\u00f3n da soporte a la conceptualizaci\u00f3n del \u00abmalestar ante la muerte\u00bb. Como constructo global formado por la ansiedad, depresi\u00f3n y obsesi\u00f3n ante la muerte. Las propiedades psicom\u00e9tricas de las tres escalas resultaron muy satisfactorias, obteniendo un rendimiento en nuestro medio muy similar al obtenido en estudios previos. Finalmente se incluye una propuesta educativa consistente en un programa de educaci\u00f3n para la muerte en estudiantes universitarios.<\/p>\n<p>&nbsp;<\/p>\n<h3>Datos acad\u00e9micos de la tesis doctoral \u00ab<strong>Ansiedade, depresi\u00f3n e obsesi\u00f3n ante a morte en estudantes universitarios<\/strong>\u00ab<\/h3>\n<ul>\n<li><strong>T\u00edtulo de la tesis:<\/strong>\u00a0 Ansiedade, depresi\u00f3n e obsesi\u00f3n ante a morte en estudantes universitarios <\/li>\n<li><strong>Autor:<\/strong>\u00a0 Francisco Javier Aguiar Fernandez <\/li>\n<li><strong>Universidad:<\/strong>\u00a0 Vigo<\/li>\n<li><strong>Fecha de lectura de la tesis:<\/strong>\u00a0 22\/12\/2010<\/li>\n<\/ul>\n<p>&nbsp;<\/p>\n<h3>Direcci\u00f3n y tribunal<\/h3>\n<ul>\n<li><strong>Director de la tesis<\/strong>\n<ul>\n<li>Encarnaci\u00f3n Sueiro Dom\u00ednguez<\/li>\n<\/ul>\n<\/li>\n<li><strong>Tribunal<\/strong>\n<ul>\n<li>Presidente del tribunal: alfredo Campos  Garc\u00eda <\/li>\n<li>Antonio S\u00e1nchez cabaco (vocal)<\/li>\n<li>camilo Brandin feijoo (vocal)<\/li>\n<li>eliseo alfonso Barca lozano (vocal)<\/li>\n<\/ul>\n<\/li>\n<\/ul>\n<p>&nbsp;<\/p>\n","protected":false},"excerpt":{"rendered":"<p>Tesis doctoral de Francisco Javier Aguiar Fernandez Las actitudes negativas ante la muerte se asocian con diversos estados de emoci\u00f3n, [&hellip;]<\/p>\n","protected":false},"author":1,"featured_media":0,"comment_status":"open","ping_status":"open","sticky":false,"template":"","format":"standard","meta":{"site-sidebar-layout":"default","site-content-layout":"","ast-site-content-layout":"","site-content-style":"default","site-sidebar-style":"default","ast-global-header-display":"","ast-banner-title-visibility":"","ast-main-header-display":"","ast-hfb-above-header-display":"","ast-hfb-below-header-display":"","ast-hfb-mobile-header-display":"","site-post-title":"","ast-breadcrumbs-content":"","ast-featured-img":"","footer-sml-layout":"","theme-transparent-header-meta":"","adv-header-id-meta":"","stick-header-meta":"","header-above-stick-meta":"","header-main-stick-meta":"","header-below-stick-meta":"","astra-migrate-meta-layouts":"default","ast-page-background-enabled":"default","ast-page-background-meta":{"desktop":{"background-color":"var(--ast-global-color-4)","background-image":"","background-repeat":"repeat","background-position":"center center","background-size":"auto","background-attachment":"scroll","background-type":"","background-media":"","overlay-type":"","overlay-color":"","overlay-gradient":""},"tablet":{"background-color":"","background-image":"","background-repeat":"repeat","background-position":"center center","background-size":"auto","background-attachment":"scroll","background-type":"","background-media":"","overlay-type":"","overlay-color":"","overlay-gradient":""},"mobile":{"background-color":"","background-image":"","background-repeat":"repeat","background-position":"center center","background-size":"auto","background-attachment":"scroll","background-type":"","background-media":"","overlay-type":"","overlay-color":"","overlay-gradient":""}},"ast-content-background-meta":{"desktop":{"background-color":"var(--ast-global-color-5)","background-image":"","background-repeat":"repeat","background-position":"center center","background-size":"auto","background-attachment":"scroll","background-type":"","background-media":"","overlay-type":"","overlay-color":"","overlay-gradient":""},"tablet":{"background-color":"var(--ast-global-color-5)","background-image":"","background-repeat":"repeat","background-position":"center center","background-size":"auto","background-attachment":"scroll","background-type":"","background-media":"","overlay-type":"","overlay-color":"","overlay-gradient":""},"mobile":{"background-color":"var(--ast-global-color-5)","background-image":"","background-repeat":"repeat","background-position":"center center","background-size":"auto","background-attachment":"scroll","background-type":"","background-media":"","overlay-type":"","overlay-color":"","overlay-gradient":""}},"footnotes":""},"categories":[36772,45120,18657],"tags":[21320,43221,42529,21321,91846,213864],"class_list":["post-106208","post","type-post","status-publish","format-standard","hentry","category-afrontamiento-de-la-muerte","category-muerte","category-vigo","tag-alfredo-campos-garcia","tag-antonio-sanchez-cabaco","tag-camilo-brandin-feijoo","tag-eliseo-alfonso-barca-lozano","tag-encarnacion-sueiro-dominguez","tag-francisco-javier-aguiar-fernandez"],"_links":{"self":[{"href":"https:\/\/www.deberes.net\/tesis\/wp-json\/wp\/v2\/posts\/106208","targetHints":{"allow":["GET"]}}],"collection":[{"href":"https:\/\/www.deberes.net\/tesis\/wp-json\/wp\/v2\/posts"}],"about":[{"href":"https:\/\/www.deberes.net\/tesis\/wp-json\/wp\/v2\/types\/post"}],"author":[{"embeddable":true,"href":"https:\/\/www.deberes.net\/tesis\/wp-json\/wp\/v2\/users\/1"}],"replies":[{"embeddable":true,"href":"https:\/\/www.deberes.net\/tesis\/wp-json\/wp\/v2\/comments?post=106208"}],"version-history":[{"count":0,"href":"https:\/\/www.deberes.net\/tesis\/wp-json\/wp\/v2\/posts\/106208\/revisions"}],"wp:attachment":[{"href":"https:\/\/www.deberes.net\/tesis\/wp-json\/wp\/v2\/media?parent=106208"}],"wp:term":[{"taxonomy":"category","embeddable":true,"href":"https:\/\/www.deberes.net\/tesis\/wp-json\/wp\/v2\/categories?post=106208"},{"taxonomy":"post_tag","embeddable":true,"href":"https:\/\/www.deberes.net\/tesis\/wp-json\/wp\/v2\/tags?post=106208"}],"curies":[{"name":"wp","href":"https:\/\/api.w.org\/{rel}","templated":true}]}}