{"id":106212,"date":"2018-03-11T10:30:05","date_gmt":"2018-03-11T10:30:05","guid":{"rendered":"https:\/\/www.deberes.net\/tesis\/sin-categoria\/modelo-b-cube-para-el-modelado-del-conocimiento-en-un-marco-fbs-y-su-vinculacion-con-herramientas-cai\/"},"modified":"2018-03-11T10:30:05","modified_gmt":"2018-03-11T10:30:05","slug":"modelo-b-cube-para-el-modelado-del-conocimiento-en-un-marco-fbs-y-su-vinculacion-con-herramientas-cai","status":"publish","type":"post","link":"https:\/\/www.deberes.net\/tesis\/innovacion-tecnologica\/modelo-b-cube-para-el-modelado-del-conocimiento-en-un-marco-fbs-y-su-vinculacion-con-herramientas-cai\/","title":{"rendered":"Modelo b-cube para el modelado del conocimiento en un marco fbs y su vinculaci\u00f3n con herramientas cai"},"content":{"rendered":"<h2>Tesis doctoral de <strong> Vicente Chulvi Ramos <\/strong><\/h2>\n<p>El presente trabajo de tesis consiste en el desarrollo de un modelo para el modelado y representaci\u00f3n del conocimiento para la s\u00edntesis de soluciones de dise\u00f1o basado en el marco fbs (funci\u00f3n-comportamiento-estructura). Adem\u00e1s, se ha tratado de c\u00f3mo dicho modelo servir\u00eda para ser vinculado con una herramienta cai (invenci\u00f3n asistida por ordenador) para obtener soluciones con un mayor grado de creatividad. Para llevar a cabo este trabajo, la tesis se ha dividido en cuatro puntos: por un lado se trata de la evoluci\u00f3n del modelo para el dise\u00f1o de artefactos; por otro se trata el funcionamiento de dicho modelo con los comportamientos de rol o abstractos; otro apartado trata de su vinculaci\u00f3n con una herramienta cai; y por \u00faltimo se tratan las m\u00e9tricas de creatividad que nos permitir\u00e1n conocer si realmente las soluciones proporcionadas por el sistema son creativas o no.<\/p>\n<p>&nbsp;<\/p>\n<h3>Datos acad\u00e9micos de la tesis doctoral \u00ab<strong>Modelo b-cube para el modelado del conocimiento en un marco fbs y su vinculaci\u00f3n con herramientas cai<\/strong>\u00ab<\/h3>\n<ul>\n<li><strong>T\u00edtulo de la tesis:<\/strong>\u00a0 Modelo b-cube para el modelado del conocimiento en un marco fbs y su vinculaci\u00f3n con herramientas cai <\/li>\n<li><strong>Autor:<\/strong>\u00a0 Vicente Chulvi Ramos <\/li>\n<li><strong>Universidad:<\/strong>\u00a0 Jaume i de castell\u00f3n<\/li>\n<li><strong>Fecha de lectura de la tesis:<\/strong>\u00a0 23\/12\/2010<\/li>\n<\/ul>\n<p>&nbsp;<\/p>\n<h3>Direcci\u00f3n y tribunal<\/h3>\n<ul>\n<li><strong>Director de la tesis<\/strong>\n<ul>\n<li>Mar\u00eda  Rosario Vidal Nadal<\/li>\n<\/ul>\n<\/li>\n<li><strong>Tribunal<\/strong>\n<ul>\n<li>Presidente del tribunal: joaquim Lloveras macia <\/li>\n<li>angel isidro Mena nieto (vocal)<\/li>\n<li>daniel Justel lozano (vocal)<\/li>\n<li>Jos\u00e9 Luis Salmer\u00f3n silvera (vocal)<\/li>\n<\/ul>\n<\/li>\n<\/ul>\n<p>&nbsp;<\/p>\n","protected":false},"excerpt":{"rendered":"<p>Tesis doctoral de Vicente Chulvi Ramos El presente trabajo de tesis consiste en el desarrollo de un modelo para el [&hellip;]<\/p>\n","protected":false},"author":1,"featured_media":0,"comment_status":"open","ping_status":"open","sticky":false,"template":"","format":"standard","meta":{"site-sidebar-layout":"default","site-content-layout":"","ast-site-content-layout":"","site-content-style":"default","site-sidebar-style":"default","ast-global-header-display":"","ast-banner-title-visibility":"","ast-main-header-display":"","ast-hfb-above-header-display":"","ast-hfb-below-header-display":"","ast-hfb-mobile-header-display":"","site-post-title":"","ast-breadcrumbs-content":"","ast-featured-img":"","footer-sml-layout":"","theme-transparent-header-meta":"","adv-header-id-meta":"","stick-header-meta":"","header-above-stick-meta":"","header-main-stick-meta":"","header-below-stick-meta":"","astra-migrate-meta-layouts":"default","ast-page-background-enabled":"default","ast-page-background-meta":{"desktop":{"background-color":"var(--ast-global-color-4)","background-image":"","background-repeat":"repeat","background-position":"center center","background-size":"auto","background-attachment":"scroll","background-type":"","background-media":"","overlay-type":"","overlay-color":"","overlay-gradient":""},"tablet":{"background-color":"","background-image":"","background-repeat":"repeat","background-position":"center center","background-size":"auto","background-attachment":"scroll","background-type":"","background-media":"","overlay-type":"","overlay-color":"","overlay-gradient":""},"mobile":{"background-color":"","background-image":"","background-repeat":"repeat","background-position":"center center","background-size":"auto","background-attachment":"scroll","background-type":"","background-media":"","overlay-type":"","overlay-color":"","overlay-gradient":""}},"ast-content-background-meta":{"desktop":{"background-color":"var(--ast-global-color-5)","background-image":"","background-repeat":"repeat","background-position":"center center","background-size":"auto","background-attachment":"scroll","background-type":"","background-media":"","overlay-type":"","overlay-color":"","overlay-gradient":""},"tablet":{"background-color":"var(--ast-global-color-5)","background-image":"","background-repeat":"repeat","background-position":"center center","background-size":"auto","background-attachment":"scroll","background-type":"","background-media":"","overlay-type":"","overlay-color":"","overlay-gradient":""},"mobile":{"background-color":"var(--ast-global-color-5)","background-image":"","background-repeat":"repeat","background-position":"center center","background-size":"auto","background-attachment":"scroll","background-type":"","background-media":"","overlay-type":"","overlay-color":"","overlay-gradient":""}},"footnotes":""},"categories":[15977,991,18725],"tags":[192584,190454,53511,127066,190455,213871],"class_list":["post-106212","post","type-post","status-publish","format-standard","hentry","category-diseno-con-ayuda-de-ordenador","category-innovacion-tecnologica","category-jaume-i-de-castellon","tag-angel-isidro-mena-nieto","tag-daniel-justel-lozano","tag-joaquim-lloveras-macia","tag-jose-luis-salmeron-silvera","tag-maria-rosario-vidal-nadal","tag-vicente-chulvi-ramos"],"_links":{"self":[{"href":"https:\/\/www.deberes.net\/tesis\/wp-json\/wp\/v2\/posts\/106212","targetHints":{"allow":["GET"]}}],"collection":[{"href":"https:\/\/www.deberes.net\/tesis\/wp-json\/wp\/v2\/posts"}],"about":[{"href":"https:\/\/www.deberes.net\/tesis\/wp-json\/wp\/v2\/types\/post"}],"author":[{"embeddable":true,"href":"https:\/\/www.deberes.net\/tesis\/wp-json\/wp\/v2\/users\/1"}],"replies":[{"embeddable":true,"href":"https:\/\/www.deberes.net\/tesis\/wp-json\/wp\/v2\/comments?post=106212"}],"version-history":[{"count":0,"href":"https:\/\/www.deberes.net\/tesis\/wp-json\/wp\/v2\/posts\/106212\/revisions"}],"wp:attachment":[{"href":"https:\/\/www.deberes.net\/tesis\/wp-json\/wp\/v2\/media?parent=106212"}],"wp:term":[{"taxonomy":"category","embeddable":true,"href":"https:\/\/www.deberes.net\/tesis\/wp-json\/wp\/v2\/categories?post=106212"},{"taxonomy":"post_tag","embeddable":true,"href":"https:\/\/www.deberes.net\/tesis\/wp-json\/wp\/v2\/tags?post=106212"}],"curies":[{"name":"wp","href":"https:\/\/api.w.org\/{rel}","templated":true}]}}