{"id":106220,"date":"2011-07-01T00:00:00","date_gmt":"2011-07-01T00:00:00","guid":{"rendered":"https:\/\/www.deberes.net\/tesis\/sin-categoria\/utilidad-de-la-proteina-c-reactiva-como-marcador-pronostico-en-ninos-con-patologa%c2%ada-infecciosa-grave\/"},"modified":"2011-07-01T00:00:00","modified_gmt":"2011-07-01T00:00:00","slug":"utilidad-de-la-proteina-c-reactiva-como-marcador-pronostico-en-ninos-con-patologa%c2%ada-infecciosa-grave","status":"publish","type":"post","link":"https:\/\/www.deberes.net\/tesis\/pediatria\/utilidad-de-la-proteina-c-reactiva-como-marcador-pronostico-en-ninos-con-patologa%c2%ada-infecciosa-grave\/","title":{"rendered":"Utilidad de la proteina c reactiva como marcador pron\u00f3stico en ni\u00f1os con patolog\u00eda infecciosa grave"},"content":{"rendered":"<h2>Tesis doctoral de <strong> Mar\u00eda Carmen De Mingo  Alemany <\/strong><\/h2>\n<p>Objetivo: conocer la utilidad de la prote\u00edna c reactiva (pcr) como marcador pron\u00f3stico en pacientes en edad pedi\u00e1trica (0-14 a\u00f1os), sin patolog\u00eda subyacente, que ingresan en el hospital por neumon\u00eda adquirida en la comunidad (nac), meningitis bacteriana y pielonefritis aguda.   pacientes y m\u00e9todos: estudio de cohortes retrospectivo. Muestra de 196 pacientes con nac, 67 con meningitis bacteriana y 199 con pielonefritis. Se analizan como variables independientes: edad, sexo, tratamiento antibi\u00f3tico previo al ingreso, fiebre antes del ingreso (duraci\u00f3n y temperatura m\u00e1xima), recuento de leucocitos y neutr\u00f3filos, y valor de pcr en anal\u00edtica realizada al ingreso, germen aislado, fiebre durante el ingreso (duraci\u00f3n y temperatura m\u00e1xima), tratamiento antibi\u00f3tico administrado, estancia hospitalaria real, y estancia hospitalaria que habr\u00eda sido adecuada. La variable de resultado principal es el desarrollo de complicaciones.   inicialmente se realiza un an\u00e1lisis descriptivo. Posteriormente una regresi\u00f3n log\u00edstica multivariable. Se mide su exactitud diagn\u00f3stica con una curva roc. Se acepta como nivel de significaci\u00f3n estad\u00edstica un valor de p<0.05. Se realiza un an\u00e1lisis actuarial que se describe con kaplan-meier y se analiza con log-rank.   resultados: no observamos asociaci\u00f3n estad\u00edsticamente significativa entre niveles m\u00e1s elevados de pcr y mayor desarrollo de complicaciones. En los pacientes con nac y pielonefritis se detecta asociaci\u00f3n  entre  duraci\u00f3n de la fiebre durante el ingreso y  desarrollo de complicaciones. En los pacientes con meningitis bacteriana entre etiolog\u00eda microbiana y desarrollo de complicaciones. En los pacientes con pielonefritis entre duraci\u00f3n de la fiebre antes del ingreso y  desarrollo de complicaciones agudas.   se observ\u00f3 una estancia hospitalaria real m\u00e1s prolongada que la recomendada en la literatura.  Los pacientes con nac y pielonefritis que presentan niveles m\u00e1s elevados de pcr permanecen ingresados m\u00e1s d\u00edas.   conclusiones: la concentraci\u00f3n elevada de pcr en la anal\u00edtica realizada al ingreso no se asocia con mayor desarrollo de complicaciones. Pero una elevada concentraci\u00f3n de pcr condiciona una estancia hospitalaria m\u00e1s prolongada en la pr\u00e1ctica cl\u00ednica.\n\n\n\n&nbsp;\n\n\n<h3>Datos acad\u00e9micos de la tesis doctoral \u00ab<strong>Utilidad de la proteina c reactiva como marcador pron\u00f3stico en ni\u00f1os con patolog\u00eda infecciosa grave<\/strong>\u00ab<\/h3>\n<ul>\n<li><strong>T\u00edtulo de la tesis:<\/strong>\u00a0 Utilidad de la proteina c reactiva como marcador pron\u00f3stico en ni\u00f1os con patolog\u00eda infecciosa grave <\/li>\n<li><strong>Autor:<\/strong>\u00a0 Mar\u00eda Carmen De Mingo  Alemany <\/li>\n<li><strong>Universidad:<\/strong>\u00a0 Aut\u00f3noma de barcelona<\/li>\n<li><strong>Fecha de lectura de la tesis:<\/strong>\u00a0 07\/01\/2011<\/li>\n<\/ul>\n<p>&nbsp;<\/p>\n<h3>Direcci\u00f3n y tribunal<\/h3>\n<ul>\n<li><strong>Director de la tesis<\/strong>\n<ul>\n<li>Antonio Carrascosa Lezcano<\/li>\n<\/ul>\n<\/li>\n<li><strong>Tribunal<\/strong>\n<ul>\n<li>Presidente del tribunal: cl?udia Fortuny guasch <\/li>\n<li>concepci\u00f3n Figueras nadal (vocal)<\/li>\n<li>  (vocal)<\/li>\n<li>  (vocal)<\/li>\n<\/ul>\n<\/li>\n<\/ul>\n<p>&nbsp;<\/p>\n","protected":false},"excerpt":{"rendered":"<p>Tesis doctoral de Mar\u00eda Carmen De Mingo Alemany Objetivo: conocer la utilidad de la prote\u00edna c reactiva (pcr) como marcador [&hellip;]<\/p>\n","protected":false},"author":1,"featured_media":0,"comment_status":"open","ping_status":"open","sticky":false,"template":"","format":"standard","meta":{"site-sidebar-layout":"default","site-content-layout":"","ast-site-content-layout":"","site-content-style":"default","site-sidebar-style":"default","ast-global-header-display":"","ast-banner-title-visibility":"","ast-main-header-display":"","ast-hfb-above-header-display":"","ast-hfb-below-header-display":"","ast-hfb-mobile-header-display":"","site-post-title":"","ast-breadcrumbs-content":"","ast-featured-img":"","footer-sml-layout":"","theme-transparent-header-meta":"","adv-header-id-meta":"","stick-header-meta":"","header-above-stick-meta":"","header-main-stick-meta":"","header-below-stick-meta":"","astra-migrate-meta-layouts":"default","ast-page-background-enabled":"default","ast-page-background-meta":{"desktop":{"background-color":"var(--ast-global-color-4)","background-image":"","background-repeat":"repeat","background-position":"center center","background-size":"auto","background-attachment":"scroll","background-type":"","background-media":"","overlay-type":"","overlay-color":"","overlay-gradient":""},"tablet":{"background-color":"","background-image":"","background-repeat":"repeat","background-position":"center center","background-size":"auto","background-attachment":"scroll","background-type":"","background-media":"","overlay-type":"","overlay-color":"","overlay-gradient":""},"mobile":{"background-color":"","background-image":"","background-repeat":"repeat","background-position":"center center","background-size":"auto","background-attachment":"scroll","background-type":"","background-media":"","overlay-type":"","overlay-color":"","overlay-gradient":""}},"ast-content-background-meta":{"desktop":{"background-color":"var(--ast-global-color-5)","background-image":"","background-repeat":"repeat","background-position":"center center","background-size":"auto","background-attachment":"scroll","background-type":"","background-media":"","overlay-type":"","overlay-color":"","overlay-gradient":""},"tablet":{"background-color":"var(--ast-global-color-5)","background-image":"","background-repeat":"repeat","background-position":"center center","background-size":"auto","background-attachment":"scroll","background-type":"","background-media":"","overlay-type":"","overlay-color":"","overlay-gradient":""},"mobile":{"background-color":"var(--ast-global-color-5)","background-image":"","background-repeat":"repeat","background-position":"center center","background-size":"auto","background-attachment":"scroll","background-type":"","background-media":"","overlay-type":"","overlay-color":"","overlay-gradient":""}},"footnotes":""},"categories":[1085,161],"tags":[18786,213880,119887,213879],"class_list":["post-106220","post","type-post","status-publish","format-standard","hentry","category-enfermedades-infecciosas","category-pediatria","tag-antonio-carrascosa-lezcano","tag-cludia-fortuny-guasch","tag-concepcion-figueras-nadal","tag-maria-carmen-de-mingo-alemany"],"_links":{"self":[{"href":"https:\/\/www.deberes.net\/tesis\/wp-json\/wp\/v2\/posts\/106220","targetHints":{"allow":["GET"]}}],"collection":[{"href":"https:\/\/www.deberes.net\/tesis\/wp-json\/wp\/v2\/posts"}],"about":[{"href":"https:\/\/www.deberes.net\/tesis\/wp-json\/wp\/v2\/types\/post"}],"author":[{"embeddable":true,"href":"https:\/\/www.deberes.net\/tesis\/wp-json\/wp\/v2\/users\/1"}],"replies":[{"embeddable":true,"href":"https:\/\/www.deberes.net\/tesis\/wp-json\/wp\/v2\/comments?post=106220"}],"version-history":[{"count":0,"href":"https:\/\/www.deberes.net\/tesis\/wp-json\/wp\/v2\/posts\/106220\/revisions"}],"wp:attachment":[{"href":"https:\/\/www.deberes.net\/tesis\/wp-json\/wp\/v2\/media?parent=106220"}],"wp:term":[{"taxonomy":"category","embeddable":true,"href":"https:\/\/www.deberes.net\/tesis\/wp-json\/wp\/v2\/categories?post=106220"},{"taxonomy":"post_tag","embeddable":true,"href":"https:\/\/www.deberes.net\/tesis\/wp-json\/wp\/v2\/tags?post=106220"}],"curies":[{"name":"wp","href":"https:\/\/api.w.org\/{rel}","templated":true}]}}