{"id":106221,"date":"2011-07-01T00:00:00","date_gmt":"2011-07-01T00:00:00","guid":{"rendered":"https:\/\/www.deberes.net\/tesis\/sin-categoria\/voicescapes-experiencias-y-potencias-de-la-voz-el-lenguaje-y-la-tactilidad-en-la-escena-actual-de-la-danza\/"},"modified":"2011-07-01T00:00:00","modified_gmt":"2011-07-01T00:00:00","slug":"voicescapes-experiencias-y-potencias-de-la-voz-el-lenguaje-y-la-tactilidad-en-la-escena-actual-de-la-danza","status":"publish","type":"post","link":"https:\/\/www.deberes.net\/tesis\/escultura\/voicescapes-experiencias-y-potencias-de-la-voz-el-lenguaje-y-la-tactilidad-en-la-escena-actual-de-la-danza\/","title":{"rendered":"Voic(e)scapes. experiencias y potencias de la voz, el lenguaje y la tactilidad en la escena actual de la danza"},"content":{"rendered":"<h2>Tesis doctoral de <strong> Iciar Rozas Elizalde <\/strong><\/h2>\n<p>Voic(e)scapes parte de una pregunta, \u00c2\u00bfqu\u00e9 puede el encuentro entre la voz, el lenguaje y el cuerpo en la escena actual de la danza? La hip\u00f3tesis de trabajo es que la danza que rompe a hablar y experimenta con sus voces est\u00e1 abriendo un campo de experiencia en el que emergen de manera espec\u00edfica las experiencias de la voz, del lenguaje y de la tactilidad. Mediante mecanismos de creaci\u00f3n que deshacen y deconstruyen el lenguaje, la voz y el cuerpo m\u00e1s cotidianos, la danza y sus voces nos sit\u00faan en un umbral t\u00e1ctil en el que emerge el mundo que hay entre nosotros: eso de m\u00ed que no soy yo y eso de ti que no eres t\u00fa. Una suerte despersonalizaci\u00f3n, de impersonal, de tercera persona. Lugar que se sit\u00faa entre lo animal y lo humano, donde emerge la vida en su fuerza y su potencia. esta investigaci\u00f3n se compone de dos partes que dialogan entre s\u00ed. En la primera parte, titulada voic(c)scapes n\u00c2\u00ba 1: experiencias de la voz, del lenguaje y de la tactilidad se desarrolla un an\u00e1lisis de doce coreograf\u00edas experimentales de la escena actual de la danza. En la segunda parte, voic(e)scapes n\u00c2\u00ba 2: potencias de la voz, del lenguaje y de la tactilidad, se propone pensar el campo experiencial que despliegan estas creaciones esc\u00e9nicas, generando un di\u00e1logo entre la pr\u00e1ctica art\u00edstica y la teor\u00eda acad\u00e9mica. La escena que se cartograf\u00eda y piensa en esta tesis doctoral hace visible la transformaci\u00f3n que se est\u00e1 produciendo en la actualidad en la forma de entender el cuerpo y la comunicaci\u00f3n.<\/p>\n<p>&nbsp;<\/p>\n<h3>Datos acad\u00e9micos de la tesis doctoral \u00ab<strong>Voic(e)scapes. experiencias y potencias de la voz, el lenguaje y la tactilidad en la escena actual de la danza<\/strong>\u00ab<\/h3>\n<ul>\n<li><strong>T\u00edtulo de la tesis:<\/strong>\u00a0 Voic(e)scapes. experiencias y potencias de la voz, el lenguaje y la tactilidad en la escena actual de la danza <\/li>\n<li><strong>Autor:<\/strong>\u00a0 Iciar Rozas Elizalde <\/li>\n<li><strong>Universidad:<\/strong>\u00a0 Pa\u00eds vasco\/euskal herriko unibertsitatea<\/li>\n<li><strong>Fecha de lectura de la tesis:<\/strong>\u00a0 07\/01\/2011<\/li>\n<\/ul>\n<p>&nbsp;<\/p>\n<h3>Direcci\u00f3n y tribunal<\/h3>\n<ul>\n<li><strong>Director de la tesis<\/strong>\n<ul>\n<li>Jos\u00e9 Antonio Sanchez Martinez<\/li>\n<\/ul>\n<\/li>\n<li><strong>Tribunal<\/strong>\n<ul>\n<li>Presidente del tribunal: inmaculada Jimenez huertas <\/li>\n<li>merc\u00e9 Saumell verg\u00e9s (vocal)<\/li>\n<li>Ana Mar\u00eda Arias de coss\u00edo (vocal)<\/li>\n<li>victoria P\u00e9rez royo (vocal)<\/li>\n<\/ul>\n<\/li>\n<\/ul>\n<p>&nbsp;<\/p>\n","protected":false},"excerpt":{"rendered":"<p>Tesis doctoral de Iciar Rozas Elizalde Voic(e)scapes parte de una pregunta, \u00c2\u00bfqu\u00e9 puede el encuentro entre la voz, el lenguaje [&hellip;]<\/p>\n","protected":false},"author":1,"featured_media":0,"comment_status":"open","ping_status":"open","sticky":false,"template":"","format":"standard","meta":{"site-sidebar-layout":"default","site-content-layout":"","ast-site-content-layout":"","site-content-style":"default","site-sidebar-style":"default","ast-global-header-display":"","ast-banner-title-visibility":"","ast-main-header-display":"","ast-hfb-above-header-display":"","ast-hfb-below-header-display":"","ast-hfb-mobile-header-display":"","site-post-title":"","ast-breadcrumbs-content":"","ast-featured-img":"","footer-sml-layout":"","theme-transparent-header-meta":"","adv-header-id-meta":"","stick-header-meta":"","header-above-stick-meta":"","header-main-stick-meta":"","header-below-stick-meta":"","astra-migrate-meta-layouts":"default","ast-page-background-enabled":"default","ast-page-background-meta":{"desktop":{"background-color":"var(--ast-global-color-4)","background-image":"","background-repeat":"repeat","background-position":"center center","background-size":"auto","background-attachment":"scroll","background-type":"","background-media":"","overlay-type":"","overlay-color":"","overlay-gradient":""},"tablet":{"background-color":"","background-image":"","background-repeat":"repeat","background-position":"center center","background-size":"auto","background-attachment":"scroll","background-type":"","background-media":"","overlay-type":"","overlay-color":"","overlay-gradient":""},"mobile":{"background-color":"","background-image":"","background-repeat":"repeat","background-position":"center center","background-size":"auto","background-attachment":"scroll","background-type":"","background-media":"","overlay-type":"","overlay-color":"","overlay-gradient":""}},"ast-content-background-meta":{"desktop":{"background-color":"var(--ast-global-color-5)","background-image":"","background-repeat":"repeat","background-position":"center center","background-size":"auto","background-attachment":"scroll","background-type":"","background-media":"","overlay-type":"","overlay-color":"","overlay-gradient":""},"tablet":{"background-color":"var(--ast-global-color-5)","background-image":"","background-repeat":"repeat","background-position":"center center","background-size":"auto","background-attachment":"scroll","background-type":"","background-media":"","overlay-type":"","overlay-color":"","overlay-gradient":""},"mobile":{"background-color":"var(--ast-global-color-5)","background-image":"","background-repeat":"repeat","background-position":"center center","background-size":"auto","background-attachment":"scroll","background-type":"","background-media":"","overlay-type":"","overlay-color":"","overlay-gradient":""}},"footnotes":""},"categories":[4363,12909],"tags":[5032,213881,13057,134291,41259,134290],"class_list":["post-106221","post","type-post","status-publish","format-standard","hentry","category-escultura","category-pais-vasco-euskal-herriko-unibertsitatea","tag-ana-maria-arias-de-cossio","tag-iciar-rozas-elizalde","tag-inmaculada-jimenez-huertas","tag-jose-antonio-sanchez-Martinez","tag-merce-saumell-verges","tag-victoria-perez-royo"],"_links":{"self":[{"href":"https:\/\/www.deberes.net\/tesis\/wp-json\/wp\/v2\/posts\/106221","targetHints":{"allow":["GET"]}}],"collection":[{"href":"https:\/\/www.deberes.net\/tesis\/wp-json\/wp\/v2\/posts"}],"about":[{"href":"https:\/\/www.deberes.net\/tesis\/wp-json\/wp\/v2\/types\/post"}],"author":[{"embeddable":true,"href":"https:\/\/www.deberes.net\/tesis\/wp-json\/wp\/v2\/users\/1"}],"replies":[{"embeddable":true,"href":"https:\/\/www.deberes.net\/tesis\/wp-json\/wp\/v2\/comments?post=106221"}],"version-history":[{"count":0,"href":"https:\/\/www.deberes.net\/tesis\/wp-json\/wp\/v2\/posts\/106221\/revisions"}],"wp:attachment":[{"href":"https:\/\/www.deberes.net\/tesis\/wp-json\/wp\/v2\/media?parent=106221"}],"wp:term":[{"taxonomy":"category","embeddable":true,"href":"https:\/\/www.deberes.net\/tesis\/wp-json\/wp\/v2\/categories?post=106221"},{"taxonomy":"post_tag","embeddable":true,"href":"https:\/\/www.deberes.net\/tesis\/wp-json\/wp\/v2\/tags?post=106221"}],"curies":[{"name":"wp","href":"https:\/\/api.w.org\/{rel}","templated":true}]}}