{"id":106240,"date":"2011-11-01T00:00:00","date_gmt":"2011-11-01T00:00:00","guid":{"rendered":"https:\/\/www.deberes.net\/tesis\/sin-categoria\/el-problema-de-espana-bajo-el-primer-franquismo-1936-1956-el-debate-entre-pedro-laa%c2%adn-entralgo-y-rafael-calvo-serer\/"},"modified":"2011-11-01T00:00:00","modified_gmt":"2011-11-01T00:00:00","slug":"el-problema-de-espana-bajo-el-primer-franquismo-1936-1956-el-debate-entre-pedro-laa%c2%adn-entralgo-y-rafael-calvo-serer","status":"publish","type":"post","link":"https:\/\/www.deberes.net\/tesis\/historia-contemporanea-del-area-europea\/el-problema-de-espana-bajo-el-primer-franquismo-1936-1956-el-debate-entre-pedro-laa%c2%adn-entralgo-y-rafael-calvo-serer\/","title":{"rendered":"El problema de espa\u00f1a bajo el primer franquismo, 1936-1956. el debate entre pedro la\u00edn entralgo y rafael calvo serer."},"content":{"rendered":"<h2>Tesis doctoral de <strong> Antoni Raja Vich <\/strong><\/h2>\n<p>Esta tesis doctoral pretende arrojar luz sobre el mayor debate intelectual mantenido con respecto al ser de espa\u00f1a bajo el franquismo (1936-1975). La querella ocup\u00f3 no pocas p\u00e1ginas de autores tan importantes para el siglo xx espa\u00f1ol como fueron, el falangista y m\u00e9dico pedro la\u00edn entralgo (1908-2001), y el mon\u00e1rquico e historiador rafael calvo serer (1916-1988).  la publicaci\u00f3n, en 1949, de sendos vol\u00famenes, espa\u00f1a como problema, por parte de la\u00edn entralgo, y la respuesta, espa\u00f1a, sin problema, de la mano de calvo serer, estimul\u00f3 una discusi\u00f3n que ven\u00eda de lejos en el panorama intelectual espa\u00f1ol, el conocido como problema de espa\u00f1a.  como se intentar\u00e1 demostrar, los contenidos de la discusi\u00f3n pod\u00edan parecer inocuos a ojos de muchos espa\u00f1oles, pero lo que realmente se estaba discutiendo en las p\u00e1ginas de los mencionados autores era una configuraci\u00f3n y eventual salida del r\u00e9gimen creado por el general\u00edsimo francisco franco (1892-1975).<\/p>\n<p>&nbsp;<\/p>\n<h3>Datos acad\u00e9micos de la tesis doctoral \u00ab<strong>El problema de espa\u00f1a bajo el primer franquismo, 1936-1956. el debate entre pedro la\u00edn entralgo y rafael calvo serer.<\/strong>\u00ab<\/h3>\n<ul>\n<li><strong>T\u00edtulo de la tesis:<\/strong>\u00a0 El problema de espa\u00f1a bajo el primer franquismo, 1936-1956. el debate entre pedro la\u00edn entralgo y rafael calvo serer. <\/li>\n<li><strong>Autor:<\/strong>\u00a0 Antoni Raja Vich <\/li>\n<li><strong>Universidad:<\/strong>\u00a0 Pompeu fabra<\/li>\n<li><strong>Fecha de lectura de la tesis:<\/strong>\u00a0 11\/01\/2011<\/li>\n<\/ul>\n<p>&nbsp;<\/p>\n<h3>Direcci\u00f3n y tribunal<\/h3>\n<ul>\n<li><strong>Director de la tesis<\/strong>\n<ul>\n<li>cal Ucelay Da<\/li>\n<\/ul>\n<\/li>\n<li><strong>Tribunal<\/strong>\n<ul>\n<li>Presidente del tribunal: ismael Saz campos <\/li>\n<li>Francisco Morente valero (vocal)<\/li>\n<li>  (vocal)<\/li>\n<li>  (vocal)<\/li>\n<\/ul>\n<\/li>\n<\/ul>\n<p>&nbsp;<\/p>\n","protected":false},"excerpt":{"rendered":"<p>Tesis doctoral de Antoni Raja Vich Esta tesis doctoral pretende arrojar luz sobre el mayor debate intelectual mantenido con respecto [&hellip;]<\/p>\n","protected":false},"author":1,"featured_media":0,"comment_status":"open","ping_status":"open","sticky":false,"template":"","format":"standard","meta":{"site-sidebar-layout":"default","site-content-layout":"","ast-site-content-layout":"","site-content-style":"default","site-sidebar-style":"default","ast-global-header-display":"","ast-banner-title-visibility":"","ast-main-header-display":"","ast-hfb-above-header-display":"","ast-hfb-below-header-display":"","ast-hfb-mobile-header-display":"","site-post-title":"","ast-breadcrumbs-content":"","ast-featured-img":"","footer-sml-layout":"","theme-transparent-header-meta":"","adv-header-id-meta":"","stick-header-meta":"","header-above-stick-meta":"","header-main-stick-meta":"","header-below-stick-meta":"","astra-migrate-meta-layouts":"default","ast-page-background-enabled":"default","ast-page-background-meta":{"desktop":{"background-color":"var(--ast-global-color-4)","background-image":"","background-repeat":"repeat","background-position":"center center","background-size":"auto","background-attachment":"scroll","background-type":"","background-media":"","overlay-type":"","overlay-color":"","overlay-gradient":""},"tablet":{"background-color":"","background-image":"","background-repeat":"repeat","background-position":"center center","background-size":"auto","background-attachment":"scroll","background-type":"","background-media":"","overlay-type":"","overlay-color":"","overlay-gradient":""},"mobile":{"background-color":"","background-image":"","background-repeat":"repeat","background-position":"center center","background-size":"auto","background-attachment":"scroll","background-type":"","background-media":"","overlay-type":"","overlay-color":"","overlay-gradient":""}},"ast-content-background-meta":{"desktop":{"background-color":"var(--ast-global-color-5)","background-image":"","background-repeat":"repeat","background-position":"center center","background-size":"auto","background-attachment":"scroll","background-type":"","background-media":"","overlay-type":"","overlay-color":"","overlay-gradient":""},"tablet":{"background-color":"var(--ast-global-color-5)","background-image":"","background-repeat":"repeat","background-position":"center center","background-size":"auto","background-attachment":"scroll","background-type":"","background-media":"","overlay-type":"","overlay-color":"","overlay-gradient":""},"mobile":{"background-color":"var(--ast-global-color-5)","background-image":"","background-repeat":"repeat","background-position":"center center","background-size":"auto","background-attachment":"scroll","background-type":"","background-media":"","overlay-type":"","overlay-color":"","overlay-gradient":""}},"footnotes":""},"categories":[353,3538,18712,31407,6917],"tags":[213904,213905,77135,34989],"class_list":["post-106240","post","type-post","status-publish","format-standard","hentry","category-historia-contemporanea-del-area-europea","category-historia-de-las-ideas-politicas","category-pompeu-fabra","category-sistemas-politicos-del-area-europea","category-teoria-politica","tag-antoni-raja-vich","tag-cal-ucelay-da","tag-francisco-morente-valero","tag-ismael-saz-campos"],"_links":{"self":[{"href":"https:\/\/www.deberes.net\/tesis\/wp-json\/wp\/v2\/posts\/106240","targetHints":{"allow":["GET"]}}],"collection":[{"href":"https:\/\/www.deberes.net\/tesis\/wp-json\/wp\/v2\/posts"}],"about":[{"href":"https:\/\/www.deberes.net\/tesis\/wp-json\/wp\/v2\/types\/post"}],"author":[{"embeddable":true,"href":"https:\/\/www.deberes.net\/tesis\/wp-json\/wp\/v2\/users\/1"}],"replies":[{"embeddable":true,"href":"https:\/\/www.deberes.net\/tesis\/wp-json\/wp\/v2\/comments?post=106240"}],"version-history":[{"count":0,"href":"https:\/\/www.deberes.net\/tesis\/wp-json\/wp\/v2\/posts\/106240\/revisions"}],"wp:attachment":[{"href":"https:\/\/www.deberes.net\/tesis\/wp-json\/wp\/v2\/media?parent=106240"}],"wp:term":[{"taxonomy":"category","embeddable":true,"href":"https:\/\/www.deberes.net\/tesis\/wp-json\/wp\/v2\/categories?post=106240"},{"taxonomy":"post_tag","embeddable":true,"href":"https:\/\/www.deberes.net\/tesis\/wp-json\/wp\/v2\/tags?post=106240"}],"curies":[{"name":"wp","href":"https:\/\/api.w.org\/{rel}","templated":true}]}}