{"id":106273,"date":"2018-03-11T10:30:10","date_gmt":"2018-03-11T10:30:10","guid":{"rendered":"https:\/\/www.deberes.net\/tesis\/sin-categoria\/repolicroma%c2%adas-fundamentos-para-su-identificacion-estudio-y-conservacion\/"},"modified":"2018-03-11T10:30:10","modified_gmt":"2018-03-11T10:30:10","slug":"repolicroma%c2%adas-fundamentos-para-su-identificacion-estudio-y-conservacion","status":"publish","type":"post","link":"https:\/\/www.deberes.net\/tesis\/pintura\/repolicroma%c2%adas-fundamentos-para-su-identificacion-estudio-y-conservacion\/","title":{"rendered":"Repolicrom\u00edas: fundamentos para su identificaci\u00f3n, estudio y conservaci\u00f3n"},"content":{"rendered":"<h2>Tesis doctoral de <strong> Eusebio Corcuera Alonso <\/strong><\/h2>\n<p>A trav\u00e9s de los tiempos, la obra de arte ha trascendido de un nivel puramente funcional a otro de mayor dimensi\u00f3n, consolid\u00e1ndose como un documento, reflejo de la actividad humana. La conservaci\u00f3n de la policrom\u00eda es sin lugar a dudas uno de los aspectos m\u00e1s importantes de la actividad profesional de conservadores y restauradores. La repolicrom\u00eda, se entiende como la superposici\u00f3n sobre un mismo soporte de distintos estratos crom\u00e1ticos agregados a lo largo del tiempo y normalmente ejecutados por distintos autores, siendo estas adiciones un claro referente de sucesos hist\u00f3ricos (sociales, econ\u00f3micos, religiosos,). el tema en cuesti\u00f3n es quiz\u00e1 uno de los que ha generado y genera una mayor controversia a lo largo de las centurias en los que los trabajos de agregar (repolicromar) y de eliminar (des-restaurar) estos a\u00f1adidos se han secuenciado constantemente. a lo largo de la presente tesis, se ha generado una revisi\u00f3n hist\u00f3rica del fen\u00f3meno de agregaci\u00f3n de policrom\u00edas entendi\u00e9ndolo como el aporte de la huella de la historia, sociedad, econom\u00eda. Sobre la obra art\u00edstica. Se ha generado una revisi\u00f3n terminol\u00f3gica aplicable al tema estudiado, comprobando su inadecuaci\u00f3n y formando una nueva significaci\u00f3n que describa correctamente la realidad actual del fen\u00f3meno que tratamos. El estudio de las repolicrom\u00edas desde un punto de vista legal y su reflejo en el c\u00f3digo deontol\u00f3gico profesional se ha hecho igualmente novedoso e imprescindible integr\u00e1ndolo desde una perspectiva pr\u00e1ctica en cuanto a criterios de conservaci\u00f3n-protecci\u00f3n se refiere. Asimismo se ha procedido a realizar una revisi\u00f3n y nueva adecuaci\u00f3n de los ex\u00e1menes cient\u00edficos aplicados al estudio de superficies repolicromadas como m\u00e9todos conducentes al estudio y descubrimiento de las inc\u00f3gnitas presentes en estas superficies. Generando con todo ello mayores garant\u00edas que refrenden proceder a realizar una conservaci\u00f3n inicial de las superficies estudiadas.<\/p>\n<p>&nbsp;<\/p>\n<h3>Datos acad\u00e9micos de la tesis doctoral \u00ab<strong>Repolicrom\u00edas: fundamentos para su identificaci\u00f3n, estudio y conservaci\u00f3n<\/strong>\u00ab<\/h3>\n<ul>\n<li><strong>T\u00edtulo de la tesis:<\/strong>\u00a0 Repolicrom\u00edas: fundamentos para su identificaci\u00f3n, estudio y conservaci\u00f3n <\/li>\n<li><strong>Autor:<\/strong>\u00a0 Eusebio Corcuera Alonso <\/li>\n<li><strong>Universidad:<\/strong>\u00a0 Pa\u00eds vasco\/euskal herriko unibertsitatea<\/li>\n<li><strong>Fecha de lectura de la tesis:<\/strong>\u00a0 13\/01\/2011<\/li>\n<\/ul>\n<p>&nbsp;<\/p>\n<h3>Direcci\u00f3n y tribunal<\/h3>\n<ul>\n<li><strong>Director de la tesis<\/strong>\n<ul>\n<li>Mar\u00eda  Teresa Escohotado Ibor<\/li>\n<\/ul>\n<\/li>\n<li><strong>Tribunal<\/strong>\n<ul>\n<li>Presidente del tribunal: Mar\u00eda pilar Roig picazo <\/li>\n<li>Jos\u00e9 Sanchez-corralero lopez (vocal)<\/li>\n<li>M\u00aa carmen Perez garcia (vocal)<\/li>\n<li>Mar\u00eda esperanza Ruiz gomez (vocal)<\/li>\n<\/ul>\n<\/li>\n<\/ul>\n<p>&nbsp;<\/p>\n","protected":false},"excerpt":{"rendered":"<p>Tesis doctoral de Eusebio Corcuera Alonso A trav\u00e9s de los tiempos, la obra de arte ha trascendido de un nivel [&hellip;]<\/p>\n","protected":false},"author":1,"featured_media":0,"comment_status":"open","ping_status":"open","sticky":false,"template":"","format":"standard","meta":{"site-sidebar-layout":"default","site-content-layout":"","ast-site-content-layout":"","site-content-style":"default","site-sidebar-style":"default","ast-global-header-display":"","ast-banner-title-visibility":"","ast-main-header-display":"","ast-hfb-above-header-display":"","ast-hfb-below-header-display":"","ast-hfb-mobile-header-display":"","site-post-title":"","ast-breadcrumbs-content":"","ast-featured-img":"","footer-sml-layout":"","theme-transparent-header-meta":"","adv-header-id-meta":"","stick-header-meta":"","header-above-stick-meta":"","header-main-stick-meta":"","header-below-stick-meta":"","astra-migrate-meta-layouts":"default","ast-page-background-enabled":"default","ast-page-background-meta":{"desktop":{"background-color":"var(--ast-global-color-4)","background-image":"","background-repeat":"repeat","background-position":"center center","background-size":"auto","background-attachment":"scroll","background-type":"","background-media":"","overlay-type":"","overlay-color":"","overlay-gradient":""},"tablet":{"background-color":"","background-image":"","background-repeat":"repeat","background-position":"center center","background-size":"auto","background-attachment":"scroll","background-type":"","background-media":"","overlay-type":"","overlay-color":"","overlay-gradient":""},"mobile":{"background-color":"","background-image":"","background-repeat":"repeat","background-position":"center center","background-size":"auto","background-attachment":"scroll","background-type":"","background-media":"","overlay-type":"","overlay-color":"","overlay-gradient":""}},"ast-content-background-meta":{"desktop":{"background-color":"var(--ast-global-color-5)","background-image":"","background-repeat":"repeat","background-position":"center center","background-size":"auto","background-attachment":"scroll","background-type":"","background-media":"","overlay-type":"","overlay-color":"","overlay-gradient":""},"tablet":{"background-color":"var(--ast-global-color-5)","background-image":"","background-repeat":"repeat","background-position":"center center","background-size":"auto","background-attachment":"scroll","background-type":"","background-media":"","overlay-type":"","overlay-color":"","overlay-gradient":""},"mobile":{"background-color":"var(--ast-global-color-5)","background-image":"","background-repeat":"repeat","background-position":"center center","background-size":"auto","background-attachment":"scroll","background-type":"","background-media":"","overlay-type":"","overlay-color":"","overlay-gradient":""}},"footnotes":""},"categories":[12909,3806],"tags":[213954,198529,134801,16866,6561,16868],"class_list":["post-106273","post","type-post","status-publish","format-standard","hentry","category-pais-vasco-euskal-herriko-unibertsitatea","category-pintura","tag-eusebio-corcuera-alonso","tag-jose-sanchez-corralero-lopez","tag-maria-esperanza-ruiz-gomez","tag-maria-pilar-roig-picazo","tag-maria-teresa-escohotado-ibor","tag-ma-carmen-perez-garcia"],"_links":{"self":[{"href":"https:\/\/www.deberes.net\/tesis\/wp-json\/wp\/v2\/posts\/106273","targetHints":{"allow":["GET"]}}],"collection":[{"href":"https:\/\/www.deberes.net\/tesis\/wp-json\/wp\/v2\/posts"}],"about":[{"href":"https:\/\/www.deberes.net\/tesis\/wp-json\/wp\/v2\/types\/post"}],"author":[{"embeddable":true,"href":"https:\/\/www.deberes.net\/tesis\/wp-json\/wp\/v2\/users\/1"}],"replies":[{"embeddable":true,"href":"https:\/\/www.deberes.net\/tesis\/wp-json\/wp\/v2\/comments?post=106273"}],"version-history":[{"count":0,"href":"https:\/\/www.deberes.net\/tesis\/wp-json\/wp\/v2\/posts\/106273\/revisions"}],"wp:attachment":[{"href":"https:\/\/www.deberes.net\/tesis\/wp-json\/wp\/v2\/media?parent=106273"}],"wp:term":[{"taxonomy":"category","embeddable":true,"href":"https:\/\/www.deberes.net\/tesis\/wp-json\/wp\/v2\/categories?post=106273"},{"taxonomy":"post_tag","embeddable":true,"href":"https:\/\/www.deberes.net\/tesis\/wp-json\/wp\/v2\/tags?post=106273"}],"curies":[{"name":"wp","href":"https:\/\/api.w.org\/{rel}","templated":true}]}}