{"id":106303,"date":"2018-03-11T10:30:14","date_gmt":"2018-03-11T10:30:14","guid":{"rendered":"https:\/\/www.deberes.net\/tesis\/sin-categoria\/la-estructura-de-la-musica-atonal-y-las-leyes-de-la-percepcion-un-estudio-con-profesorado-y-estudiantes-de-musica\/"},"modified":"2018-03-11T10:30:14","modified_gmt":"2018-03-11T10:30:14","slug":"la-estructura-de-la-musica-atonal-y-las-leyes-de-la-percepcion-un-estudio-con-profesorado-y-estudiantes-de-musica","status":"publish","type":"post","link":"https:\/\/www.deberes.net\/tesis\/evaluacion-de-alumnos\/la-estructura-de-la-musica-atonal-y-las-leyes-de-la-percepcion-un-estudio-con-profesorado-y-estudiantes-de-musica\/","title":{"rendered":"La estructura de la m\u00fasica atonal y las leyes de la percepci\u00f3n. un estudio con profesorado y estudiantes de m\u00fasica"},"content":{"rendered":"<h2>Tesis doctoral de <strong> Jos\u00e9 Antonio Ordo\u00f1ana Martin <\/strong><\/h2>\n<p>En los \u00faltimos a\u00f1os asistimos a un inter\u00e9s creciente en la teor\u00eda de la m\u00fasica hacia lo que pueden aportar a \u00e9sta los estudios sobre psicolog\u00eda cognitiva. esta tesis se encuadra dentro de la psicolog\u00eda de la m\u00fasica y en la cual se presenta un estudio con profesorado de conservatorio y escuelas de m\u00fasica y otro con alumnado de conservatorios superiores. se realizan an\u00e1lisis perceptivos con obras de m\u00fasica no tonal. Se contrastan con un an\u00e1lisis musicol\u00f3gico de la superficie musical. se verifica que el sistema perceptivo humano busca los elementos m\u00e1s sobresalientes de la superficie musical para organizarlos de forma jer\u00e1rquica y darle as\u00ed una coherencia a la obra no tonal y facilitar su comprensi\u00f3n.<\/p>\n<p>&nbsp;<\/p>\n<h3>Datos acad\u00e9micos de la tesis doctoral \u00ab<strong>La estructura de la m\u00fasica atonal y las leyes de la percepci\u00f3n. un estudio con profesorado y estudiantes de m\u00fasica<\/strong>\u00ab<\/h3>\n<ul>\n<li><strong>T\u00edtulo de la tesis:<\/strong>\u00a0 La estructura de la m\u00fasica atonal y las leyes de la percepci\u00f3n. un estudio con profesorado y estudiantes de m\u00fasica <\/li>\n<li><strong>Autor:<\/strong>\u00a0 Jos\u00e9 Antonio Ordo\u00f1ana Martin <\/li>\n<li><strong>Universidad:<\/strong>\u00a0 P\u00fablica de navarra<\/li>\n<li><strong>Fecha de lectura de la tesis:<\/strong>\u00a0 14\/01\/2011<\/li>\n<\/ul>\n<p>&nbsp;<\/p>\n<h3>Direcci\u00f3n y tribunal<\/h3>\n<ul>\n<li><strong>Director de la tesis<\/strong>\n<ul>\n<li>Ana Laucirica Larrinaga<\/li>\n<\/ul>\n<\/li>\n<li><strong>Tribunal<\/strong>\n<ul>\n<li>Presidente del tribunal: Mar\u00eda  de los angeles Subirats bayego <\/li>\n<li>ramon Alzate saez de heredia (vocal)<\/li>\n<li>  (vocal)<\/li>\n<li>  (vocal)<\/li>\n<\/ul>\n<\/li>\n<\/ul>\n<p>&nbsp;<\/p>\n","protected":false},"excerpt":{"rendered":"<p>Tesis doctoral de Jos\u00e9 Antonio Ordo\u00f1ana Martin En los \u00faltimos a\u00f1os asistimos a un inter\u00e9s creciente en la teor\u00eda de [&hellip;]<\/p>\n","protected":false},"author":1,"featured_media":0,"comment_status":"open","ping_status":"open","sticky":false,"template":"","format":"standard","meta":{"site-sidebar-layout":"default","site-content-layout":"","ast-site-content-layout":"","site-content-style":"default","site-sidebar-style":"default","ast-global-header-display":"","ast-banner-title-visibility":"","ast-main-header-display":"","ast-hfb-above-header-display":"","ast-hfb-below-header-display":"","ast-hfb-mobile-header-display":"","site-post-title":"","ast-breadcrumbs-content":"","ast-featured-img":"","footer-sml-layout":"","theme-transparent-header-meta":"","adv-header-id-meta":"","stick-header-meta":"","header-above-stick-meta":"","header-main-stick-meta":"","header-below-stick-meta":"","astra-migrate-meta-layouts":"default","ast-page-background-enabled":"default","ast-page-background-meta":{"desktop":{"background-color":"var(--ast-global-color-4)","background-image":"","background-repeat":"repeat","background-position":"center center","background-size":"auto","background-attachment":"scroll","background-type":"","background-media":"","overlay-type":"","overlay-color":"","overlay-gradient":""},"tablet":{"background-color":"","background-image":"","background-repeat":"repeat","background-position":"center center","background-size":"auto","background-attachment":"scroll","background-type":"","background-media":"","overlay-type":"","overlay-color":"","overlay-gradient":""},"mobile":{"background-color":"","background-image":"","background-repeat":"repeat","background-position":"center center","background-size":"auto","background-attachment":"scroll","background-type":"","background-media":"","overlay-type":"","overlay-color":"","overlay-gradient":""}},"ast-content-background-meta":{"desktop":{"background-color":"var(--ast-global-color-5)","background-image":"","background-repeat":"repeat","background-position":"center center","background-size":"auto","background-attachment":"scroll","background-type":"","background-media":"","overlay-type":"","overlay-color":"","overlay-gradient":""},"tablet":{"background-color":"var(--ast-global-color-5)","background-image":"","background-repeat":"repeat","background-position":"center center","background-size":"auto","background-attachment":"scroll","background-type":"","background-media":"","overlay-type":"","overlay-color":"","overlay-gradient":""},"mobile":{"background-color":"var(--ast-global-color-5)","background-image":"","background-repeat":"repeat","background-position":"center center","background-size":"auto","background-attachment":"scroll","background-type":"","background-media":"","overlay-type":"","overlay-color":"","overlay-gradient":""}},"footnotes":""},"categories":[6020,9132,7302,18529],"tags":[47622,214003,72032,13291],"class_list":["post-106303","post","type-post","status-publish","format-standard","hentry","category-evaluacion-de-alumnos","category-musica-y-musicologia","category-procesos-cognitivos","category-publica-de-navarra","tag-ana-laucirica-larrinaga","tag-jose-antonio-ordonana-martin","tag-maria-de-los-angeles-subirats-bayego","tag-ramon-alzate-saez-de-heredia"],"_links":{"self":[{"href":"https:\/\/www.deberes.net\/tesis\/wp-json\/wp\/v2\/posts\/106303","targetHints":{"allow":["GET"]}}],"collection":[{"href":"https:\/\/www.deberes.net\/tesis\/wp-json\/wp\/v2\/posts"}],"about":[{"href":"https:\/\/www.deberes.net\/tesis\/wp-json\/wp\/v2\/types\/post"}],"author":[{"embeddable":true,"href":"https:\/\/www.deberes.net\/tesis\/wp-json\/wp\/v2\/users\/1"}],"replies":[{"embeddable":true,"href":"https:\/\/www.deberes.net\/tesis\/wp-json\/wp\/v2\/comments?post=106303"}],"version-history":[{"count":0,"href":"https:\/\/www.deberes.net\/tesis\/wp-json\/wp\/v2\/posts\/106303\/revisions"}],"wp:attachment":[{"href":"https:\/\/www.deberes.net\/tesis\/wp-json\/wp\/v2\/media?parent=106303"}],"wp:term":[{"taxonomy":"category","embeddable":true,"href":"https:\/\/www.deberes.net\/tesis\/wp-json\/wp\/v2\/categories?post=106303"},{"taxonomy":"post_tag","embeddable":true,"href":"https:\/\/www.deberes.net\/tesis\/wp-json\/wp\/v2\/tags?post=106303"}],"curies":[{"name":"wp","href":"https:\/\/api.w.org\/{rel}","templated":true}]}}