{"id":106365,"date":"2018-03-11T10:30:19","date_gmt":"2018-03-11T10:30:19","guid":{"rendered":"https:\/\/www.deberes.net\/tesis\/sin-categoria\/la-prosa-libre-de-cristobal-serra\/"},"modified":"2018-03-11T10:30:19","modified_gmt":"2018-03-11T10:30:19","slug":"la-prosa-libre-de-cristobal-serra","status":"publish","type":"post","link":"https:\/\/www.deberes.net\/tesis\/historias-especializadas\/la-prosa-libre-de-cristobal-serra\/","title":{"rendered":"La prosa libre de crist\u00f3bal serra."},"content":{"rendered":"<h2>Tesis doctoral de <strong> Emilio Arnao S\u00e1ez <\/strong><\/h2>\n<p>Crist\u00f3bal serra es un escritor secreto y heterodoxo que empez\u00f3 escribiendo un libro como \u00abp\u00e9ndulo\u00bb (abalado por octavio paz) que fue el que le lanzo al mundo de la creatividad y de la escritura aqu\u00ed en las islas. A partir de ah\u00ed, fueron saliendo otros libros como: diario de signos o viaje a cotiledonia. Tambi\u00e9n con el tiempo aparecieron \u00abla noche oscura de jon\u00e1s\u00bb, \u00abretorno a cotiledonia\u00bb o \u00abaugurio hipocampo\u00bb. Su literatura se caracteriza por ser fragmentaria, por usar el aforismo, descubierto por su influencia de la literatura oriental de laots\u00e9 o chuangs\u00e9.  estamos tratando a un autor vanguardista, que en su d\u00eda los pospistas, como carlos edmundo de ory, quisieron hacer suyo. la originalidad de la obra de crist\u00f3bal serra no tiene parang\u00f3n y hay que a\u00f1adir que durante toda su vida se carte\u00f3 con escritores intelectuales de la talla de pere gimferrer, octavio paz, juan larrea, michaux, cela, edmundo de ory, guelbenzu, beatriz de moura, entre otros. finalmente el govern de les illes balears tuvo el honor de entregarle el premio ramon llull por su labor literaria y la universitat de les illes balears le nombr\u00f3 doctor honoria causa, echo que serra agradeci\u00f3 con pleites\u00eda.<\/p>\n<p>&nbsp;<\/p>\n<h3>Datos acad\u00e9micos de la tesis doctoral \u00ab<strong>La prosa libre de crist\u00f3bal serra.<\/strong>\u00ab<\/h3>\n<ul>\n<li><strong>T\u00edtulo de la tesis:<\/strong>\u00a0 La prosa libre de crist\u00f3bal serra. <\/li>\n<li><strong>Autor:<\/strong>\u00a0 Emilio Arnao S\u00e1ez <\/li>\n<li><strong>Universidad:<\/strong>\u00a0 Illes balears<\/li>\n<li><strong>Fecha de lectura de la tesis:<\/strong>\u00a0 18\/01\/2011<\/li>\n<\/ul>\n<p>&nbsp;<\/p>\n<h3>Direcci\u00f3n y tribunal<\/h3>\n<ul>\n<li><strong>Director de la tesis<\/strong>\n<ul>\n<li>Francisco Jose Diaz De Castro<\/li>\n<\/ul>\n<\/li>\n<li><strong>Tribunal<\/strong>\n<ul>\n<li>Presidente del tribunal: perfecto esteban Cuadrado fernandez <\/li>\n<li>Mar\u00eda Payeras grau (vocal)<\/li>\n<li>carmen Mor\u00e1n rodr\u00edguez (vocal)<\/li>\n<li>Antonio Jimenez millan (vocal)<\/li>\n<\/ul>\n<\/li>\n<\/ul>\n<p>&nbsp;<\/p>\n","protected":false},"excerpt":{"rendered":"<p>Tesis doctoral de Emilio Arnao S\u00e1ez Crist\u00f3bal serra es un escritor secreto y heterodoxo que empez\u00f3 escribiendo un libro como [&hellip;]<\/p>\n","protected":false},"author":1,"featured_media":0,"comment_status":"open","ping_status":"open","sticky":false,"template":"","format":"standard","meta":{"site-sidebar-layout":"default","site-content-layout":"","ast-site-content-layout":"","site-content-style":"default","site-sidebar-style":"default","ast-global-header-display":"","ast-banner-title-visibility":"","ast-main-header-display":"","ast-hfb-above-header-display":"","ast-hfb-below-header-display":"","ast-hfb-mobile-header-display":"","site-post-title":"","ast-breadcrumbs-content":"","ast-featured-img":"","footer-sml-layout":"","theme-transparent-header-meta":"","adv-header-id-meta":"","stick-header-meta":"","header-above-stick-meta":"","header-main-stick-meta":"","header-below-stick-meta":"","astra-migrate-meta-layouts":"default","ast-page-background-enabled":"default","ast-page-background-meta":{"desktop":{"background-color":"var(--ast-global-color-4)","background-image":"","background-repeat":"repeat","background-position":"center center","background-size":"auto","background-attachment":"scroll","background-type":"","background-media":"","overlay-type":"","overlay-color":"","overlay-gradient":""},"tablet":{"background-color":"","background-image":"","background-repeat":"repeat","background-position":"center center","background-size":"auto","background-attachment":"scroll","background-type":"","background-media":"","overlay-type":"","overlay-color":"","overlay-gradient":""},"mobile":{"background-color":"","background-image":"","background-repeat":"repeat","background-position":"center center","background-size":"auto","background-attachment":"scroll","background-type":"","background-media":"","overlay-type":"","overlay-color":"","overlay-gradient":""}},"ast-content-background-meta":{"desktop":{"background-color":"var(--ast-global-color-5)","background-image":"","background-repeat":"repeat","background-position":"center center","background-size":"auto","background-attachment":"scroll","background-type":"","background-media":"","overlay-type":"","overlay-color":"","overlay-gradient":""},"tablet":{"background-color":"var(--ast-global-color-5)","background-image":"","background-repeat":"repeat","background-position":"center center","background-size":"auto","background-attachment":"scroll","background-type":"","background-media":"","overlay-type":"","overlay-color":"","overlay-gradient":""},"mobile":{"background-color":"var(--ast-global-color-5)","background-image":"","background-repeat":"repeat","background-position":"center center","background-size":"auto","background-attachment":"scroll","background-type":"","background-media":"","overlay-type":"","overlay-color":"","overlay-gradient":""}},"footnotes":""},"categories":[1867,222,19034,628],"tags":[18880,169204,214103,12630,54572,54366],"class_list":["post-106365","post","type-post","status-publish","format-standard","hentry","category-historia-de-la-literatura-espanola","category-historias-especializadas","category-illes-balears","category-teoria-analisis-y-critica-literarios","tag-antonio-jimenez-millan","tag-carmen-moran-rodriguez","tag-emilio-arnao-saez","tag-francisco-jose-diaz-de-castro","tag-maria-payeras-grau","tag-perfecto-esteban-cuadrado-fernandez"],"_links":{"self":[{"href":"https:\/\/www.deberes.net\/tesis\/wp-json\/wp\/v2\/posts\/106365","targetHints":{"allow":["GET"]}}],"collection":[{"href":"https:\/\/www.deberes.net\/tesis\/wp-json\/wp\/v2\/posts"}],"about":[{"href":"https:\/\/www.deberes.net\/tesis\/wp-json\/wp\/v2\/types\/post"}],"author":[{"embeddable":true,"href":"https:\/\/www.deberes.net\/tesis\/wp-json\/wp\/v2\/users\/1"}],"replies":[{"embeddable":true,"href":"https:\/\/www.deberes.net\/tesis\/wp-json\/wp\/v2\/comments?post=106365"}],"version-history":[{"count":0,"href":"https:\/\/www.deberes.net\/tesis\/wp-json\/wp\/v2\/posts\/106365\/revisions"}],"wp:attachment":[{"href":"https:\/\/www.deberes.net\/tesis\/wp-json\/wp\/v2\/media?parent=106365"}],"wp:term":[{"taxonomy":"category","embeddable":true,"href":"https:\/\/www.deberes.net\/tesis\/wp-json\/wp\/v2\/categories?post=106365"},{"taxonomy":"post_tag","embeddable":true,"href":"https:\/\/www.deberes.net\/tesis\/wp-json\/wp\/v2\/tags?post=106365"}],"curies":[{"name":"wp","href":"https:\/\/api.w.org\/{rel}","templated":true}]}}