{"id":106406,"date":"2018-03-11T10:30:19","date_gmt":"2018-03-11T10:30:19","guid":{"rendered":"https:\/\/www.deberes.net\/tesis\/sin-categoria\/la-percepcion-del-estigma-en-las-personas-con-vih-sus-efectos-y-formas-de-afrontamiento\/"},"modified":"2018-03-11T10:30:19","modified_gmt":"2018-03-11T10:30:19","slug":"la-percepcion-del-estigma-en-las-personas-con-vih-sus-efectos-y-formas-de-afrontamiento","status":"publish","type":"post","link":"https:\/\/www.deberes.net\/tesis\/procesos-de-grupos\/la-percepcion-del-estigma-en-las-personas-con-vih-sus-efectos-y-formas-de-afrontamiento\/","title":{"rendered":"La percepci\u00f3n del estigma en las personas con vih: sus efectos y formas de afrontamiento"},"content":{"rendered":"<h2>Tesis doctoral de <strong> Mar\u00eda Jos\u00e9 Fuster Ruiz-apodaca <\/strong><\/h2>\n<p>El contexto social en el que viven las personas con vih es un escenario donde el estigma y la discriminaci\u00f3n son una realidad en la actualidad que est\u00e1 teniendo consecuencias importantes en las vidas de las personas con vih, tanto en el plano individual como en el grupal y societal. Es por ello, que el objetivo principal de esta tesis es analizar  los efectos que dicho estigma tiene en la calidad de vida de las personas con vih.  para conseguir este objetivo, se han realizado tres investigaciones diferentes en las que han participado un total de 687 personas con vih.  en primer lugar se realiz\u00f3 una investigaci\u00f3n cualitativa en la cual se entrevist\u00f3 en profundidad a 40 personas con vih con el fin de realizar una primera aproximaci\u00f3n a sus discursos sobre la vivencia que ten\u00edan de estigma, qu\u00e9 efectos les produc\u00eda y qu\u00e9 respuestas emit\u00edan ante \u00e9l. Tambi\u00e9n este estudio profundiz\u00f3 a trav\u00e9s de dichos discursos en el impacto que el estigma tiene en la ocultaci\u00f3n de la serolog\u00eda y el papel de la identidad de grupo en el colectivo de personas con vih. basados en los resultados de esta investigaci\u00f3n se realiz\u00f3 una segunda investigaci\u00f3n de car\u00e1cter correlacional para analizar, con una muestra de 557 personas con vih, qu\u00e9 variables  influyen en la calidad de vida de las personas con vih. Esta investigaci\u00f3n, debido a su extensi\u00f3n, se desglosa en la tesis en tres cap\u00edtulos. En primer lugar, se describen las caracter\u00edsticas de las personas participantes y las propiedades psicom\u00e9tricas de los instrumentos de medida. En segundo lugar, se analiza el papel de la identidad social en la calidad de vida de las personas con vih. En tercer lugar, se analiza el papel mediador en la calidad de vida de variables psico-sociales relevantes como son la identidad de grupo, la auto-eficacia percibida para afrontar el estigma, las estrategias de afrontamiento y la ocultaci\u00f3n del estigma.   finalmente, a partir de los conocimientos adquiridos en los estudios emp\u00edricos anteriores y con la finalidad de transferir la teor\u00eda a la pr\u00e1ctica, se llev\u00f3 a cabo una tercera investigaci\u00f3n, de car\u00e1cter cuasi-experimental, en la que se evalu\u00f3 la eficacia de una intervenci\u00f3n dirigida a disminuir el impacto del estigma en las personas con vih y a capacitarlas para afrontarlo. En esta investigaci\u00f3n participaron 80 personas con vih.<\/p>\n<p>&nbsp;<\/p>\n<h3>Datos acad\u00e9micos de la tesis doctoral \u00ab<strong>La percepci\u00f3n del estigma en las personas con vih: sus efectos y formas de afrontamiento<\/strong>\u00ab<\/h3>\n<ul>\n<li><strong>T\u00edtulo de la tesis:<\/strong>\u00a0 La percepci\u00f3n del estigma en las personas con vih: sus efectos y formas de afrontamiento <\/li>\n<li><strong>Autor:<\/strong>\u00a0 Mar\u00eda Jos\u00e9 Fuster Ruiz-apodaca <\/li>\n<li><strong>Universidad:<\/strong>\u00a0 Nacional de educaci\u00f3n a distancia<\/li>\n<li><strong>Fecha de lectura de la tesis:<\/strong>\u00a0 20\/01\/2011<\/li>\n<\/ul>\n<p>&nbsp;<\/p>\n<h3>Direcci\u00f3n y tribunal<\/h3>\n<ul>\n<li><strong>Director de la tesis<\/strong>\n<ul>\n<li>Fernando Molero Alonso<\/li>\n<\/ul>\n<\/li>\n<li><strong>Tribunal<\/strong>\n<ul>\n<li>Presidente del tribunal: Jes\u00fas Rodriguez marin <\/li>\n<li>Mar\u00eda nieves Quiles del castillo (vocal)<\/li>\n<li>buenaventura Clotet sala (vocal)<\/li>\n<li>Francisco Jos\u00e9 Morales dom\u00ednguez (vocal)<\/li>\n<\/ul>\n<\/li>\n<\/ul>\n<p>&nbsp;<\/p>\n","protected":false},"excerpt":{"rendered":"<p>Tesis doctoral de Mar\u00eda Jos\u00e9 Fuster Ruiz-apodaca El contexto social en el que viven las personas con vih es un [&hellip;]<\/p>\n","protected":false},"author":1,"featured_media":0,"comment_status":"open","ping_status":"open","sticky":false,"template":"","format":"standard","meta":{"site-sidebar-layout":"default","site-content-layout":"","ast-site-content-layout":"","site-content-style":"default","site-sidebar-style":"default","ast-global-header-display":"","ast-banner-title-visibility":"","ast-main-header-display":"","ast-hfb-above-header-display":"","ast-hfb-below-header-display":"","ast-hfb-mobile-header-display":"","site-post-title":"","ast-breadcrumbs-content":"","ast-featured-img":"","footer-sml-layout":"","theme-transparent-header-meta":"","adv-header-id-meta":"","stick-header-meta":"","header-above-stick-meta":"","header-main-stick-meta":"","header-below-stick-meta":"","astra-migrate-meta-layouts":"default","ast-page-background-enabled":"default","ast-page-background-meta":{"desktop":{"background-color":"var(--ast-global-color-4)","background-image":"","background-repeat":"repeat","background-position":"center center","background-size":"auto","background-attachment":"scroll","background-type":"","background-media":"","overlay-type":"","overlay-color":"","overlay-gradient":""},"tablet":{"background-color":"","background-image":"","background-repeat":"repeat","background-position":"center center","background-size":"auto","background-attachment":"scroll","background-type":"","background-media":"","overlay-type":"","overlay-color":"","overlay-gradient":""},"mobile":{"background-color":"","background-image":"","background-repeat":"repeat","background-position":"center center","background-size":"auto","background-attachment":"scroll","background-type":"","background-media":"","overlay-type":"","overlay-color":"","overlay-gradient":""}},"ast-content-background-meta":{"desktop":{"background-color":"var(--ast-global-color-5)","background-image":"","background-repeat":"repeat","background-position":"center center","background-size":"auto","background-attachment":"scroll","background-type":"","background-media":"","overlay-type":"","overlay-color":"","overlay-gradient":""},"tablet":{"background-color":"var(--ast-global-color-5)","background-image":"","background-repeat":"repeat","background-position":"center center","background-size":"auto","background-attachment":"scroll","background-type":"","background-media":"","overlay-type":"","overlay-color":"","overlay-gradient":""},"mobile":{"background-color":"var(--ast-global-color-5)","background-image":"","background-repeat":"repeat","background-position":"center center","background-size":"auto","background-attachment":"scroll","background-type":"","background-media":"","overlay-type":"","overlay-color":"","overlay-gradient":""}},"footnotes":""},"categories":[26060,6024,17070,1168],"tags":[61706,17292,146019,11866,214165,169923],"class_list":["post-106406","post","type-post","status-publish","format-standard","hentry","category-discriminacion","category-fenomenos-de-grupos-minoritarios","category-nacional-de-educacion-a-distancia","category-procesos-de-grupos","tag-buenaventura-clotet-sala","tag-fernando-molero-alonso","tag-francisco-jose-morales-dominguez","tag-jesus-rodriguez-marin","tag-maria-jose-fuster-ruiz-apodaca","tag-maria-nieves-quiles-del-castillo"],"_links":{"self":[{"href":"https:\/\/www.deberes.net\/tesis\/wp-json\/wp\/v2\/posts\/106406","targetHints":{"allow":["GET"]}}],"collection":[{"href":"https:\/\/www.deberes.net\/tesis\/wp-json\/wp\/v2\/posts"}],"about":[{"href":"https:\/\/www.deberes.net\/tesis\/wp-json\/wp\/v2\/types\/post"}],"author":[{"embeddable":true,"href":"https:\/\/www.deberes.net\/tesis\/wp-json\/wp\/v2\/users\/1"}],"replies":[{"embeddable":true,"href":"https:\/\/www.deberes.net\/tesis\/wp-json\/wp\/v2\/comments?post=106406"}],"version-history":[{"count":0,"href":"https:\/\/www.deberes.net\/tesis\/wp-json\/wp\/v2\/posts\/106406\/revisions"}],"wp:attachment":[{"href":"https:\/\/www.deberes.net\/tesis\/wp-json\/wp\/v2\/media?parent=106406"}],"wp:term":[{"taxonomy":"category","embeddable":true,"href":"https:\/\/www.deberes.net\/tesis\/wp-json\/wp\/v2\/categories?post=106406"},{"taxonomy":"post_tag","embeddable":true,"href":"https:\/\/www.deberes.net\/tesis\/wp-json\/wp\/v2\/tags?post=106406"}],"curies":[{"name":"wp","href":"https:\/\/api.w.org\/{rel}","templated":true}]}}