{"id":106425,"date":"2018-03-11T10:30:24","date_gmt":"2018-03-11T10:30:24","guid":{"rendered":"https:\/\/www.deberes.net\/tesis\/sin-categoria\/el-impacto-de-las-niif-en-la-informacion-financiera-y-en-el-conservadurismo-del-resultado\/"},"modified":"2018-03-11T10:30:24","modified_gmt":"2018-03-11T10:30:24","slug":"el-impacto-de-las-niif-en-la-informacion-financiera-y-en-el-conservadurismo-del-resultado","status":"publish","type":"post","link":"https:\/\/www.deberes.net\/tesis\/contabilidad-economica\/el-impacto-de-las-niif-en-la-informacion-financiera-y-en-el-conservadurismo-del-resultado\/","title":{"rendered":"El impacto de las niif en la informaci\u00f3n financiera y en el conservadurismo del resultado"},"content":{"rendered":"<h2>Tesis doctoral de <strong> Laura Elena Ben\u00edtez Campa\u00f1a <\/strong><\/h2>\n<p>Nos encontramos en una etapa de intenso dinamismo y cambio dentro de un proyecto a escala mundial, para fortalecer la calidad y conseguir una progresiva armonizaci\u00f3n de la informaci\u00f3n financiera suministrada en los mercados de capitales. Sin embargo, hoy en d\u00eda,  ante los mencionados cambios que se han producido en el entorno internacional, dentro del \u00e1mbito de las normas internacionales de contabilidad \/ normas internacionales de informaci\u00f3n financiera [nic\/niif], consideramos de especial inter\u00e9s el an\u00e1lisis financiero, el cual, es imprescindible dentro de  los grupos cotizados, ya que proporciona  informaci\u00f3n relevante al proceso de toma de decisiones al interior de la empresa, como tambi\u00e9n, en las medidas en que los inversionistas externos desean invertir en una organizaci\u00f3n determinada. para ello, contrastamos si la adopci\u00f3n de las niif emitidas por el international accounting standards board [iasb] en los pa\u00edses europeos de alemania, espa\u00f1a, francia, italia y reino unido, son capaces de mejorar el conservadurismo del resultado, entendido como la mayor oportunidad en el reflejo de p\u00e9rdidas que en el reconocimiento de ganancias. As\u00ed, como tambi\u00e9n su efecto a trav\u00e9s de las principales magnitudes e indicadores financieros para lo cual, analizamos bajo dos vertientes que son normativa local versus normativa internacional. sin embargo, en el contexto de nuestro trabajo nos centramos en la revisi\u00f3n sobre los efectos de la adopci\u00f3n de las niif en la presentaci\u00f3n de informes financieros y en el conservadurismo del resultado, no s\u00f3lo desde el punto de vista cuantitativo, sino tambi\u00e9n de las caracter\u00edsticas cualitativas de la informaci\u00f3n. En el primer an\u00e1lisis los resultados recogidos en forma global, se desprenden las diferencias de incidencias del impacto de la adopci\u00f3n de las niif en las empresas europeas y su relaci\u00f3n al comportamiento de los diferentes indicadores econ\u00f3micos financieros en funci\u00f3n de su variaci\u00f3n podemos destacar la ausencia de un modelo contable europeo uniforme, a pesar de los esfuerzos armonizadores realizados durante m\u00e1s de tres d\u00e9cadas. Asimismo, en el segundo estudio, hemos utilizado como metodolog\u00eda cuantitativa la que com\u00fanmente se dise\u00f1a en modelos de panel din\u00e1micos que se basan en las pruebas de lm breusch-pegan [1980] y f por efectos fijos en el panel, las cuales analizamos conjuntamente para diferenciar las pr\u00e1cticas contables antes y despu\u00e9s de la adopci\u00f3n de las niif. Es decir, al aplicar ambas pruebas llegamos a la conclusi\u00f3n de que se debe considerar la existencia del conservadurismo del resultado.  finalmente, consideramos que esta tesis doctoral constituye una aproximaci\u00f3n a un tema muy importante dentro de la disciplina contable, que tiene un largo recorrido por delante y que requiere nuevas investigaciones dirigidas a ampliar y profundizar en el \u00e1mbito de estudio que nosotros aqu\u00ed hemos abarcado.<\/p>\n<p>&nbsp;<\/p>\n<h3>Datos acad\u00e9micos de la tesis doctoral \u00ab<strong>El impacto de las niif en la informaci\u00f3n financiera y en el conservadurismo del resultado<\/strong>\u00ab<\/h3>\n<ul>\n<li><strong>T\u00edtulo de la tesis:<\/strong>\u00a0 El impacto de las niif en la informaci\u00f3n financiera y en el conservadurismo del resultado <\/li>\n<li><strong>Autor:<\/strong>\u00a0 Laura Elena Ben\u00edtez Campa\u00f1a <\/li>\n<li><strong>Universidad:<\/strong>\u00a0 Cantabria<\/li>\n<li><strong>Fecha de lectura de la tesis:<\/strong>\u00a0 21\/01\/2011<\/li>\n<\/ul>\n<p>&nbsp;<\/p>\n<h3>Direcci\u00f3n y tribunal<\/h3>\n<ul>\n<li><strong>Director de la tesis<\/strong>\n<ul>\n<li>Jos\u00e9 Antonio Lainez Gadea<\/li>\n<\/ul>\n<\/li>\n<li><strong>Tribunal<\/strong>\n<ul>\n<li>Presidente del tribunal: Mar\u00eda isabel Blanco dopico <\/li>\n<li>beatriz Cuellar fern\u00e1ndez (vocal)<\/li>\n<li>Mar\u00eda antonia Garc\u00eda benau (vocal)<\/li>\n<li>Juan Monterrey mayoral (vocal)<\/li>\n<\/ul>\n<\/li>\n<\/ul>\n<p>&nbsp;<\/p>\n","protected":false},"excerpt":{"rendered":"<p>Tesis doctoral de Laura Elena Ben\u00edtez Campa\u00f1a Nos encontramos en una etapa de intenso dinamismo y cambio dentro de un [&hellip;]<\/p>\n","protected":false},"author":1,"featured_media":0,"comment_status":"open","ping_status":"open","sticky":false,"template":"","format":"standard","meta":{"site-sidebar-layout":"default","site-content-layout":"","ast-site-content-layout":"","site-content-style":"default","site-sidebar-style":"default","ast-global-header-display":"","ast-banner-title-visibility":"","ast-main-header-display":"","ast-hfb-above-header-display":"","ast-hfb-below-header-display":"","ast-hfb-mobile-header-display":"","site-post-title":"","ast-breadcrumbs-content":"","ast-featured-img":"","footer-sml-layout":"","theme-transparent-header-meta":"","adv-header-id-meta":"","stick-header-meta":"","header-above-stick-meta":"","header-main-stick-meta":"","header-below-stick-meta":"","astra-migrate-meta-layouts":"default","ast-page-background-enabled":"default","ast-page-background-meta":{"desktop":{"background-color":"var(--ast-global-color-4)","background-image":"","background-repeat":"repeat","background-position":"center center","background-size":"auto","background-attachment":"scroll","background-type":"","background-media":"","overlay-type":"","overlay-color":"","overlay-gradient":""},"tablet":{"background-color":"","background-image":"","background-repeat":"repeat","background-position":"center center","background-size":"auto","background-attachment":"scroll","background-type":"","background-media":"","overlay-type":"","overlay-color":"","overlay-gradient":""},"mobile":{"background-color":"","background-image":"","background-repeat":"repeat","background-position":"center center","background-size":"auto","background-attachment":"scroll","background-type":"","background-media":"","overlay-type":"","overlay-color":"","overlay-gradient":""}},"ast-content-background-meta":{"desktop":{"background-color":"var(--ast-global-color-5)","background-image":"","background-repeat":"repeat","background-position":"center center","background-size":"auto","background-attachment":"scroll","background-type":"","background-media":"","overlay-type":"","overlay-color":"","overlay-gradient":""},"tablet":{"background-color":"var(--ast-global-color-5)","background-image":"","background-repeat":"repeat","background-position":"center center","background-size":"auto","background-attachment":"scroll","background-type":"","background-media":"","overlay-type":"","overlay-color":"","overlay-gradient":""},"mobile":{"background-color":"var(--ast-global-color-5)","background-image":"","background-repeat":"repeat","background-position":"center center","background-size":"auto","background-attachment":"scroll","background-type":"","background-media":"","overlay-type":"","overlay-color":"","overlay-gradient":""}},"footnotes":""},"categories":[10518,1697],"tags":[184163,31544,1705,214197,27436,146343],"class_list":["post-106425","post","type-post","status-publish","format-standard","hentry","category-cantabria","category-contabilidad-economica","tag-beatriz-cuellar-fernandez","tag-jose-antonio-lainez-gadea","tag-juan-monterrey-mayoral","tag-laura-elena-benitez-campana","tag-maria-antonia-garcia-benau","tag-maria-isabel-blanco-dopico"],"_links":{"self":[{"href":"https:\/\/www.deberes.net\/tesis\/wp-json\/wp\/v2\/posts\/106425","targetHints":{"allow":["GET"]}}],"collection":[{"href":"https:\/\/www.deberes.net\/tesis\/wp-json\/wp\/v2\/posts"}],"about":[{"href":"https:\/\/www.deberes.net\/tesis\/wp-json\/wp\/v2\/types\/post"}],"author":[{"embeddable":true,"href":"https:\/\/www.deberes.net\/tesis\/wp-json\/wp\/v2\/users\/1"}],"replies":[{"embeddable":true,"href":"https:\/\/www.deberes.net\/tesis\/wp-json\/wp\/v2\/comments?post=106425"}],"version-history":[{"count":0,"href":"https:\/\/www.deberes.net\/tesis\/wp-json\/wp\/v2\/posts\/106425\/revisions"}],"wp:attachment":[{"href":"https:\/\/www.deberes.net\/tesis\/wp-json\/wp\/v2\/media?parent=106425"}],"wp:term":[{"taxonomy":"category","embeddable":true,"href":"https:\/\/www.deberes.net\/tesis\/wp-json\/wp\/v2\/categories?post=106425"},{"taxonomy":"post_tag","embeddable":true,"href":"https:\/\/www.deberes.net\/tesis\/wp-json\/wp\/v2\/tags?post=106425"}],"curies":[{"name":"wp","href":"https:\/\/api.w.org\/{rel}","templated":true}]}}