{"id":106461,"date":"2018-03-11T10:30:24","date_gmt":"2018-03-11T10:30:24","guid":{"rendered":"https:\/\/www.deberes.net\/tesis\/sin-categoria\/africa-subsahariana-en-la-novela%c2%adstica-de-manuel-villar-rasoun-acercamiento-multidisciplinar\/"},"modified":"2018-03-11T10:30:24","modified_gmt":"2018-03-11T10:30:24","slug":"africa-subsahariana-en-la-novela%c2%adstica-de-manuel-villar-rasoun-acercamiento-multidisciplinar","status":"publish","type":"post","link":"https:\/\/www.deberes.net\/tesis\/lengua-y-literatura\/africa-subsahariana-en-la-novela%c2%adstica-de-manuel-villar-rasoun-acercamiento-multidisciplinar\/","title":{"rendered":"Africa subsahariana en la novel\u00edstica de manuel villar raso:un acercamiento multidisciplinar"},"content":{"rendered":"<h2>Tesis doctoral de <strong> Ndeye Khady Diop <\/strong><\/h2>\n<p>\u00e1frica subsahariana en la novel\u00edstica de manuel villar raso: un acercamiento multidisciplinar es el t\u00edtulo del trabajo de investigaci\u00f3n realizado por  ndeye khady bajo la direcci\u00f3n del d. Jos\u00e9 mar\u00eda balcells dom\u00e9nech. El objetivo planteado ha consistido en estudiar el \u00e1frica subsahariana que aparece reflejada en donde r\u00eden las arenas, el color de los sue\u00f1os y la mujer de burkina. La metodolog\u00eda anal\u00edtica consistente en indagar los aspectos sem\u00e1nticos ha parecido la mejor forma de desentra\u00f1ar el significado del universo africano recreado en las citadas obras del escritor espa\u00f1ol.<\/p>\n<p>&nbsp;<\/p>\n<h3>Datos acad\u00e9micos de la tesis doctoral \u00ab<strong>Africa subsahariana en la novel\u00edstica de manuel villar raso:un acercamiento multidisciplinar<\/strong>\u00ab<\/h3>\n<ul>\n<li><strong>T\u00edtulo de la tesis:<\/strong>\u00a0 Africa subsahariana en la novel\u00edstica de manuel villar raso:un acercamiento multidisciplinar <\/li>\n<li><strong>Autor:<\/strong>\u00a0 Ndeye Khady Diop <\/li>\n<li><strong>Universidad:<\/strong>\u00a0 Le\u00f3n<\/li>\n<li><strong>Fecha de lectura de la tesis:<\/strong>\u00a0 21\/01\/2011<\/li>\n<\/ul>\n<p>&nbsp;<\/p>\n<h3>Direcci\u00f3n y tribunal<\/h3>\n<ul>\n<li><strong>Director de la tesis<\/strong>\n<ul>\n<li>Jos\u00e9 Mar\u00eda Balcells Dom\u00e9nech<\/li>\n<\/ul>\n<\/li>\n<li><strong>Tribunal<\/strong>\n<ul>\n<li>Presidente del tribunal: Francisco javier Diez de revenga torres <\/li>\n<li>Juan Matas caballero (vocal)<\/li>\n<li>carmen L\u00f3pez l\u00f3pez (vocal)<\/li>\n<li>nilo Palenzuela borges (vocal)<\/li>\n<\/ul>\n<\/li>\n<\/ul>\n<p>&nbsp;<\/p>\n","protected":false},"excerpt":{"rendered":"<p>Tesis doctoral de Ndeye Khady Diop \u00e1frica subsahariana en la novel\u00edstica de manuel villar raso: un acercamiento multidisciplinar es el [&hellip;]<\/p>\n","protected":false},"author":1,"featured_media":0,"comment_status":"open","ping_status":"open","sticky":false,"template":"","format":"standard","meta":{"site-sidebar-layout":"default","site-content-layout":"","ast-site-content-layout":"","site-content-style":"default","site-sidebar-style":"default","ast-global-header-display":"","ast-banner-title-visibility":"","ast-main-header-display":"","ast-hfb-above-header-display":"","ast-hfb-below-header-display":"","ast-hfb-mobile-header-display":"","site-post-title":"","ast-breadcrumbs-content":"","ast-featured-img":"","footer-sml-layout":"","theme-transparent-header-meta":"","adv-header-id-meta":"","stick-header-meta":"","header-above-stick-meta":"","header-main-stick-meta":"","header-below-stick-meta":"","astra-migrate-meta-layouts":"default","ast-page-background-enabled":"default","ast-page-background-meta":{"desktop":{"background-color":"var(--ast-global-color-4)","background-image":"","background-repeat":"repeat","background-position":"center center","background-size":"auto","background-attachment":"scroll","background-type":"","background-media":"","overlay-type":"","overlay-color":"","overlay-gradient":""},"tablet":{"background-color":"","background-image":"","background-repeat":"repeat","background-position":"center center","background-size":"auto","background-attachment":"scroll","background-type":"","background-media":"","overlay-type":"","overlay-color":"","overlay-gradient":""},"mobile":{"background-color":"","background-image":"","background-repeat":"repeat","background-position":"center center","background-size":"auto","background-attachment":"scroll","background-type":"","background-media":"","overlay-type":"","overlay-color":"","overlay-gradient":""}},"ast-content-background-meta":{"desktop":{"background-color":"var(--ast-global-color-5)","background-image":"","background-repeat":"repeat","background-position":"center center","background-size":"auto","background-attachment":"scroll","background-type":"","background-media":"","overlay-type":"","overlay-color":"","overlay-gradient":""},"tablet":{"background-color":"var(--ast-global-color-5)","background-image":"","background-repeat":"repeat","background-position":"center center","background-size":"auto","background-attachment":"scroll","background-type":"","background-media":"","overlay-type":"","overlay-color":"","overlay-gradient":""},"mobile":{"background-color":"var(--ast-global-color-5)","background-image":"","background-repeat":"repeat","background-position":"center center","background-size":"auto","background-attachment":"scroll","background-type":"","background-media":"","overlay-type":"","overlay-color":"","overlay-gradient":""}},"footnotes":""},"categories":[28973,636,4430,886,980],"tags":[214254,8638,53398,38048,214253,54465],"class_list":["post-106461","post","type-post","status-publish","format-standard","hentry","category-creatividad","category-lengua-y-literatura","category-leon","category-semantica","category-semiologia","tag-carmen-lopez-lopez","tag-francisco-javier-diez-de-revenga-torres","tag-jose-maria-balcells-domenech","tag-juan-matas-caballero","tag-ndeye-khady-diop","tag-nilo-palenzuela-borges"],"_links":{"self":[{"href":"https:\/\/www.deberes.net\/tesis\/wp-json\/wp\/v2\/posts\/106461","targetHints":{"allow":["GET"]}}],"collection":[{"href":"https:\/\/www.deberes.net\/tesis\/wp-json\/wp\/v2\/posts"}],"about":[{"href":"https:\/\/www.deberes.net\/tesis\/wp-json\/wp\/v2\/types\/post"}],"author":[{"embeddable":true,"href":"https:\/\/www.deberes.net\/tesis\/wp-json\/wp\/v2\/users\/1"}],"replies":[{"embeddable":true,"href":"https:\/\/www.deberes.net\/tesis\/wp-json\/wp\/v2\/comments?post=106461"}],"version-history":[{"count":0,"href":"https:\/\/www.deberes.net\/tesis\/wp-json\/wp\/v2\/posts\/106461\/revisions"}],"wp:attachment":[{"href":"https:\/\/www.deberes.net\/tesis\/wp-json\/wp\/v2\/media?parent=106461"}],"wp:term":[{"taxonomy":"category","embeddable":true,"href":"https:\/\/www.deberes.net\/tesis\/wp-json\/wp\/v2\/categories?post=106461"},{"taxonomy":"post_tag","embeddable":true,"href":"https:\/\/www.deberes.net\/tesis\/wp-json\/wp\/v2\/tags?post=106461"}],"curies":[{"name":"wp","href":"https:\/\/api.w.org\/{rel}","templated":true}]}}