{"id":106480,"date":"2018-03-11T10:30:24","date_gmt":"2018-03-11T10:30:24","guid":{"rendered":"https:\/\/www.deberes.net\/tesis\/sin-categoria\/hacia-una-imagen-no-tiempo\/"},"modified":"2018-03-11T10:30:24","modified_gmt":"2018-03-11T10:30:24","slug":"hacia-una-imagen-no-tiempo","status":"publish","type":"post","link":"https:\/\/www.deberes.net\/tesis\/filosofia\/hacia-una-imagen-no-tiempo\/","title":{"rendered":"Hacia una imagen no-tiempo"},"content":{"rendered":"<h2>Tesis doctoral de <strong> Sergi S\u00e1nchez Mart\u00ed <\/strong><\/h2>\n<p>Partimos de la base de las teor\u00edas de deleuze reunidas en sus dos vol\u00famenes sobre cine, especialmente de la imagen-tiempo. En sus conclusiones, el fil\u00f3sofo franc\u00e9s est\u00e1 anunciando, de alg\u00fan modo, el advenimiento de una nueva imagen que se identifica con lo que conocemos como imagen electr\u00f3nica o imagen digital, que nosotros llamaremos imagen no-tiempo. Esa imagen aparece de la sobreimpresi\u00f3n de otras dos, que de alg\u00fan modo nos remiten a una cierta infancia de la modernidad (el suicidio de edmund en alemania, a\u00f1o cero) y a su muerte propia en la contemporaneidad (el suicidio de david en a.I, inteligencia artificial). De la fusi\u00f3n de estas dos im\u00e1genes nace lo que consideramos un nuevo fen\u00f3meno de la imagen. La tesis quiere documentar, por un lado, el momento de transici\u00f3n en el que coinciden dos tipos de im\u00e1genes, y por otro, las ra\u00edces y el desarrollo de esta nueva imagen no-tiempo.<\/p>\n<p>&nbsp;<\/p>\n<h3>Datos acad\u00e9micos de la tesis doctoral \u00ab<strong>Hacia una imagen no-tiempo<\/strong>\u00ab<\/h3>\n<ul>\n<li><strong>T\u00edtulo de la tesis:<\/strong>\u00a0 Hacia una imagen no-tiempo <\/li>\n<li><strong>Autor:<\/strong>\u00a0 Sergi S\u00e1nchez Mart\u00ed <\/li>\n<li><strong>Universidad:<\/strong>\u00a0 Pompeu fabra<\/li>\n<li><strong>Fecha de lectura de la tesis:<\/strong>\u00a0 24\/01\/2011<\/li>\n<\/ul>\n<p>&nbsp;<\/p>\n<h3>Direcci\u00f3n y tribunal<\/h3>\n<ul>\n<li><strong>Director de la tesis<\/strong>\n<ul>\n<li>Xavier P\u00e9rez Tor\u00edo<\/li>\n<\/ul>\n<\/li>\n<li><strong>Tribunal<\/strong>\n<ul>\n<li>Presidente del tribunal: vicente Jes\u00fas Dom\u00ednguez Garc\u00eda <\/li>\n<li>nuria Bou sala (vocal)<\/li>\n<li>  (vocal)<\/li>\n<li>  (vocal)<\/li>\n<\/ul>\n<\/li>\n<\/ul>\n<p>&nbsp;<\/p>\n","protected":false},"excerpt":{"rendered":"<p>Tesis doctoral de Sergi S\u00e1nchez Mart\u00ed Partimos de la base de las teor\u00edas de deleuze reunidas en sus dos vol\u00famenes [&hellip;]<\/p>\n","protected":false},"author":1,"featured_media":0,"comment_status":"open","ping_status":"open","sticky":false,"template":"","format":"standard","meta":{"site-sidebar-layout":"default","site-content-layout":"","ast-site-content-layout":"","site-content-style":"default","site-sidebar-style":"default","ast-global-header-display":"","ast-banner-title-visibility":"","ast-main-header-display":"","ast-hfb-above-header-display":"","ast-hfb-below-header-display":"","ast-hfb-mobile-header-display":"","site-post-title":"","ast-breadcrumbs-content":"","ast-featured-img":"","footer-sml-layout":"","theme-transparent-header-meta":"","adv-header-id-meta":"","stick-header-meta":"","header-above-stick-meta":"","header-main-stick-meta":"","header-below-stick-meta":"","astra-migrate-meta-layouts":"default","ast-page-background-enabled":"default","ast-page-background-meta":{"desktop":{"background-color":"var(--ast-global-color-4)","background-image":"","background-repeat":"repeat","background-position":"center center","background-size":"auto","background-attachment":"scroll","background-type":"","background-media":"","overlay-type":"","overlay-color":"","overlay-gradient":""},"tablet":{"background-color":"","background-image":"","background-repeat":"repeat","background-position":"center center","background-size":"auto","background-attachment":"scroll","background-type":"","background-media":"","overlay-type":"","overlay-color":"","overlay-gradient":""},"mobile":{"background-color":"","background-image":"","background-repeat":"repeat","background-position":"center center","background-size":"auto","background-attachment":"scroll","background-type":"","background-media":"","overlay-type":"","overlay-color":"","overlay-gradient":""}},"ast-content-background-meta":{"desktop":{"background-color":"var(--ast-global-color-5)","background-image":"","background-repeat":"repeat","background-position":"center center","background-size":"auto","background-attachment":"scroll","background-type":"","background-media":"","overlay-type":"","overlay-color":"","overlay-gradient":""},"tablet":{"background-color":"var(--ast-global-color-5)","background-image":"","background-repeat":"repeat","background-position":"center center","background-size":"auto","background-attachment":"scroll","background-type":"","background-media":"","overlay-type":"","overlay-color":"","overlay-gradient":""},"mobile":{"background-color":"var(--ast-global-color-5)","background-image":"","background-repeat":"repeat","background-position":"center center","background-size":"auto","background-attachment":"scroll","background-type":"","background-media":"","overlay-type":"","overlay-color":"","overlay-gradient":""}},"footnotes":""},"categories":[5547,165,18712,13633,21130],"tags":[33656,214282,138811,44277],"class_list":["post-106480","post","type-post","status-publish","format-standard","hentry","category-cinematografia","category-filosofia","category-pompeu-fabra","category-procesos-de-la-memoria","category-tratamiento-digital-de-imagenes","tag-nuria-bou-sala","tag-sergi-sanchez-marti","tag-vicente-jesus-dominguez-garcia","tag-xavier-perez-torio"],"_links":{"self":[{"href":"https:\/\/www.deberes.net\/tesis\/wp-json\/wp\/v2\/posts\/106480","targetHints":{"allow":["GET"]}}],"collection":[{"href":"https:\/\/www.deberes.net\/tesis\/wp-json\/wp\/v2\/posts"}],"about":[{"href":"https:\/\/www.deberes.net\/tesis\/wp-json\/wp\/v2\/types\/post"}],"author":[{"embeddable":true,"href":"https:\/\/www.deberes.net\/tesis\/wp-json\/wp\/v2\/users\/1"}],"replies":[{"embeddable":true,"href":"https:\/\/www.deberes.net\/tesis\/wp-json\/wp\/v2\/comments?post=106480"}],"version-history":[{"count":0,"href":"https:\/\/www.deberes.net\/tesis\/wp-json\/wp\/v2\/posts\/106480\/revisions"}],"wp:attachment":[{"href":"https:\/\/www.deberes.net\/tesis\/wp-json\/wp\/v2\/media?parent=106480"}],"wp:term":[{"taxonomy":"category","embeddable":true,"href":"https:\/\/www.deberes.net\/tesis\/wp-json\/wp\/v2\/categories?post=106480"},{"taxonomy":"post_tag","embeddable":true,"href":"https:\/\/www.deberes.net\/tesis\/wp-json\/wp\/v2\/tags?post=106480"}],"curies":[{"name":"wp","href":"https:\/\/api.w.org\/{rel}","templated":true}]}}