{"id":106489,"date":"2018-03-11T10:30:29","date_gmt":"2018-03-11T10:30:29","guid":{"rendered":"https:\/\/www.deberes.net\/tesis\/sin-categoria\/reencontrando-la-espacialidad-en-el-arte-publico-del-peru\/"},"modified":"2018-03-11T10:30:29","modified_gmt":"2018-03-11T10:30:29","slug":"reencontrando-la-espacialidad-en-el-arte-publico-del-peru","status":"publish","type":"post","link":"https:\/\/www.deberes.net\/tesis\/barcelona\/reencontrando-la-espacialidad-en-el-arte-publico-del-peru\/","title":{"rendered":"Reencontrando la espacialidad en el arte p\u00fablico del per\u00fa"},"content":{"rendered":"<h2>Tesis doctoral de <strong> Veronica Crousse De Vallongue Rastelli <\/strong><\/h2>\n<p>La investigaci\u00f3n que se desarrolla en esta tesis doctoral tiene como centro la problem\u00e1tica del arte p\u00fablico y del espacio p\u00fablico en el per\u00fa contempor\u00e1neo. la motivaci\u00f3n para investigar estos temas se explica por las continuas pol\u00e9micas acerca de la gesti\u00f3n del espacio p\u00fablico local donde se evidencia la desconexi\u00f3n entre los proyectos propuestos o ejecutados con los avances del arte p\u00fablico internacional, as\u00ed como la falta de atenci\u00f3n a la herencia cultural local, cuyas potencialidades como referente, no solo formal, no se est\u00e1n aprovechando. Adem\u00e1s, las actuaciones locales muestran problemas de car\u00e1cter conceptual y metodol\u00f3gico, donde se hace evidente la necesidad de plantear una renovaci\u00f3n. Esta se podr\u00eda llevar a cabo &#8211; es nuestra hip\u00f3tesis &#8211; tanto integrando las experiencias urban\u00edsticas, sociales y las pol\u00edticas de gesti\u00f3n del arte p\u00fablico de otras ciudades, cuanto recuperando los principios de uso y modelaci\u00f3n del territorio en la \u00e9poca precolombina. esta investigaci\u00f3n tiene como objetivo concreto, en primer lugar, sentar las bases conceptuales y metodol\u00f3gicas que permitan incluir el arte p\u00fablico contempor\u00e1neo en las ciudades peruanas respetando sus tradiciones e identidad cultural y, en segundo lugar, elaborar propuestas de buenas pr\u00e1cticas para la gesti\u00f3n y producci\u00f3n del arte p\u00fablico, especialmente dirigidas a los funcionarios p\u00fablicos y artistas locales. Para abarcar un tema tan amplio, ha sido necesario plantear esta investigaci\u00f3n explorando diferentes campos disciplinares y enlazando referencias culturales heterog\u00e9neas, pero buscando siempre aquellos valores y principios que, siendo contempor\u00e1neos, sean tambi\u00e9n cercanos a nuestra propia tradici\u00f3n y especificidad cultural. En este sentido se ha comenzado estudiando el land art, que desde fines de los a\u00f1os 60 ha experimentado la relaci\u00f3n obra &#8211; contexto, abriendo un nuevo espacio art\u00edstico que integra el paisaje y la arquitectura y que ubica su centro significativo ya no en el objeto y la representaci\u00f3n sino en la funci\u00f3n y en la dicotom\u00eda natural\/cultural. Muchas de estas ideas han revertido en el entorno urbano a trav\u00e9s de obras espacializadas, parques escult\u00f3ricos y jardines, confrontando a los artistas con las restricciones y necesidades del espacio p\u00fablico urbano y extraurbano. as\u00ed, el concepto de arte p\u00fablico se ha ido desarrollando y en este proceso las experiencias y las pr\u00e1cticas de los programas de arte de las ciudades han sido fundamentales. En este sentido, hemos analizado los criterios que han guiado la permanente inclusi\u00f3n del arte p\u00fablico en barcelona desde la d\u00e9cada de los ochenta. dentro del contexto peruano, se ha hecho un an\u00e1lisis de la configuraci\u00f3n del paisaje en el per\u00fa, empezando desde la modelaci\u00f3n del territorio precolombino, su espacialidad y su complementariedad entre obra y entorno, identificando puntos de encuentro con la espacialidad del arte contempor\u00e1neo analizado anteriormente. A continuaci\u00f3n hemos analizado las tendencias contempor\u00e1neas de arte p\u00fablico y de configuraci\u00f3n de espacios p\u00fablicos peruanos, tanto en la producci\u00f3n especializada &#8211; concentrada principalmente en limacomo la mayoritaria producci\u00f3n informal o no profesional, as\u00ed como los contados casos del arte p\u00fablico peruano en que lo precolombino ha sido tomado como referente. con esto hemos constatado que si bien los valores espaciales precolombinos se han casi perdido y ya no forman parte del dise\u00f1o de los espacios p\u00fablicos oficiales, sin embargo sobreviven de manera inconsciente en ciertas manifestaciones espont\u00e1neas, utilitarias y productivas, de los entornos rurales. Finalmente, el an\u00e1lisis, relaci\u00f3n y confrontaci\u00f3n de todos estos temas ha sido fundamental para elaborar los lineamientos y buenas pr\u00e1cticas para el arte p\u00fablico peruano, plante\u00e1ndolos como una convergencia entre los principios y criterios del arte contempor\u00e1neo y los valores de la espacialidad y del paisaje en el per\u00fa.<\/p>\n<p>&nbsp;<\/p>\n<h3>Datos acad\u00e9micos de la tesis doctoral \u00ab<strong>Reencontrando la espacialidad en el arte p\u00fablico del per\u00fa<\/strong>\u00ab<\/h3>\n<ul>\n<li><strong>T\u00edtulo de la tesis:<\/strong>\u00a0 Reencontrando la espacialidad en el arte p\u00fablico del per\u00fa <\/li>\n<li><strong>Autor:<\/strong>\u00a0 Veronica Crousse De Vallongue Rastelli <\/li>\n<li><strong>Universidad:<\/strong>\u00a0 Barcelona<\/li>\n<li><strong>Fecha de lectura de la tesis:<\/strong>\u00a0 24\/01\/2011<\/li>\n<\/ul>\n<p>&nbsp;<\/p>\n<h3>Direcci\u00f3n y tribunal<\/h3>\n<ul>\n<li><strong>Director de la tesis<\/strong>\n<ul>\n<li>Antoni Remesar Betlloch<\/li>\n<\/ul>\n<\/li>\n<li><strong>Tribunal<\/strong>\n<ul>\n<li>Presidente del tribunal: lidia Gorriz nicolas <\/li>\n<li>sofia isabel Ressano garcia vasques seabra aguas (vocal)<\/li>\n<li>  (vocal)<\/li>\n<li>  (vocal)<\/li>\n<\/ul>\n<\/li>\n<\/ul>\n<p>&nbsp;<\/p>\n","protected":false},"excerpt":{"rendered":"<p>Tesis doctoral de Veronica Crousse De Vallongue Rastelli La investigaci\u00f3n que se desarrolla en esta tesis doctoral tiene como centro [&hellip;]<\/p>\n","protected":false},"author":1,"featured_media":0,"comment_status":"open","ping_status":"open","sticky":false,"template":"","format":"standard","meta":{"site-sidebar-layout":"default","site-content-layout":"","ast-site-content-layout":"","site-content-style":"default","site-sidebar-style":"default","ast-global-header-display":"","ast-banner-title-visibility":"","ast-main-header-display":"","ast-hfb-above-header-display":"","ast-hfb-below-header-display":"","ast-hfb-mobile-header-display":"","site-post-title":"","ast-breadcrumbs-content":"","ast-featured-img":"","footer-sml-layout":"","theme-transparent-header-meta":"","adv-header-id-meta":"","stick-header-meta":"","header-above-stick-meta":"","header-main-stick-meta":"","header-below-stick-meta":"","astra-migrate-meta-layouts":"default","ast-page-background-enabled":"default","ast-page-background-meta":{"desktop":{"background-color":"var(--ast-global-color-4)","background-image":"","background-repeat":"repeat","background-position":"center center","background-size":"auto","background-attachment":"scroll","background-type":"","background-media":"","overlay-type":"","overlay-color":"","overlay-gradient":""},"tablet":{"background-color":"","background-image":"","background-repeat":"repeat","background-position":"center center","background-size":"auto","background-attachment":"scroll","background-type":"","background-media":"","overlay-type":"","overlay-color":"","overlay-gradient":""},"mobile":{"background-color":"","background-image":"","background-repeat":"repeat","background-position":"center center","background-size":"auto","background-attachment":"scroll","background-type":"","background-media":"","overlay-type":"","overlay-color":"","overlay-gradient":""}},"ast-content-background-meta":{"desktop":{"background-color":"var(--ast-global-color-5)","background-image":"","background-repeat":"repeat","background-position":"center center","background-size":"auto","background-attachment":"scroll","background-type":"","background-media":"","overlay-type":"","overlay-color":"","overlay-gradient":""},"tablet":{"background-color":"var(--ast-global-color-5)","background-image":"","background-repeat":"repeat","background-position":"center center","background-size":"auto","background-attachment":"scroll","background-type":"","background-media":"","overlay-type":"","overlay-color":"","overlay-gradient":""},"mobile":{"background-color":"var(--ast-global-color-5)","background-image":"","background-repeat":"repeat","background-position":"center center","background-size":"auto","background-attachment":"scroll","background-type":"","background-media":"","overlay-type":"","overlay-color":"","overlay-gradient":""}},"footnotes":""},"categories":[951,4363,5371],"tags":[28049,61264,195248,214294],"class_list":["post-106489","post","type-post","status-publish","format-standard","hentry","category-barcelona","category-escultura","category-urbanismo","tag-antoni-remesar-betlloch","tag-lidia-gorriz-nicolas","tag-sofia-isabel-ressano-garcia-vasques-seabra-aguas","tag-veronica-crousse-de-vallongue-rastelli"],"_links":{"self":[{"href":"https:\/\/www.deberes.net\/tesis\/wp-json\/wp\/v2\/posts\/106489","targetHints":{"allow":["GET"]}}],"collection":[{"href":"https:\/\/www.deberes.net\/tesis\/wp-json\/wp\/v2\/posts"}],"about":[{"href":"https:\/\/www.deberes.net\/tesis\/wp-json\/wp\/v2\/types\/post"}],"author":[{"embeddable":true,"href":"https:\/\/www.deberes.net\/tesis\/wp-json\/wp\/v2\/users\/1"}],"replies":[{"embeddable":true,"href":"https:\/\/www.deberes.net\/tesis\/wp-json\/wp\/v2\/comments?post=106489"}],"version-history":[{"count":0,"href":"https:\/\/www.deberes.net\/tesis\/wp-json\/wp\/v2\/posts\/106489\/revisions"}],"wp:attachment":[{"href":"https:\/\/www.deberes.net\/tesis\/wp-json\/wp\/v2\/media?parent=106489"}],"wp:term":[{"taxonomy":"category","embeddable":true,"href":"https:\/\/www.deberes.net\/tesis\/wp-json\/wp\/v2\/categories?post=106489"},{"taxonomy":"post_tag","embeddable":true,"href":"https:\/\/www.deberes.net\/tesis\/wp-json\/wp\/v2\/tags?post=106489"}],"curies":[{"name":"wp","href":"https:\/\/api.w.org\/{rel}","templated":true}]}}