{"id":106595,"date":"2011-01-02T00:00:00","date_gmt":"2011-01-02T00:00:00","guid":{"rendered":"https:\/\/www.deberes.net\/tesis\/sin-categoria\/mujeres-migrantes-cubanas-resolviendo-e-inventando-tambien-en-espana\/"},"modified":"2011-01-02T00:00:00","modified_gmt":"2011-01-02T00:00:00","slug":"mujeres-migrantes-cubanas-resolviendo-e-inventando-tambien-en-espana","status":"publish","type":"post","link":"https:\/\/www.deberes.net\/tesis\/sociologia-general\/mujeres-migrantes-cubanas-resolviendo-e-inventando-tambien-en-espana\/","title":{"rendered":"Mujeres migrantes cubanas. \u00abresolviendo\u00bb e \u00abinventando\u00bb tambi\u00e9n en espa\u00f1a"},"content":{"rendered":"<h2>Tesis doctoral de <strong> Cristina Garcia Moreno <\/strong><\/h2>\n<p>La inmigraci\u00f3n cubana ha formado parte de la realidad espa\u00f1ola desde hace m\u00e1s de cuarenta a\u00f1os pero ha sido durante los \u00faltimos quince cuando ha experimentado un crecimiento relevante. En este trabajo se estudia este fen\u00f3menos prestando atenci\u00f3n sobre todo a las mujeres, qui\u00e9nes representan m\u00e1s de la mitad de este colectivo. as\u00ed se parte del an\u00e1lisis de la situaci\u00f3n de la mujer en cuba, considerando su elevada participaci\u00f3n laboral cultural y pol\u00edtica su elevado nivel formativo. Desde este contexto se analiza la forma en que conciben, construyen y llevan a cabo su proyecto migratorio en compatraci\u00f3n con mujeres de otras procedencias. De ahi que se ponga \u00e9nfasis en conocer cu\u00e1les son las motivaciones que inciden en la salida de cuba, c\u00f3mo influyen la normativa migratoria cubana, cu\u00e1les son los v\u00ednculos transnacionales con la familia de origen y que caracteriza sus proyectos y trayectorias migratorias.<\/p>\n<p>&nbsp;<\/p>\n<h3>Datos acad\u00e9micos de la tesis doctoral \u00ab<strong>Mujeres migrantes cubanas. \u00abresolviendo\u00bb e \u00abinventando\u00bb tambi\u00e9n en espa\u00f1a<\/strong>\u00ab<\/h3>\n<ul>\n<li><strong>T\u00edtulo de la tesis:<\/strong>\u00a0 Mujeres migrantes cubanas. \u00abresolviendo\u00bb e \u00abinventando\u00bb tambi\u00e9n en espa\u00f1a <\/li>\n<li><strong>Autor:<\/strong>\u00a0 Cristina Garcia Moreno <\/li>\n<li><strong>Universidad:<\/strong>\u00a0 Rovira i virgili<\/li>\n<li><strong>Fecha de lectura de la tesis:<\/strong>\u00a0 01\/02\/2011<\/li>\n<\/ul>\n<p>&nbsp;<\/p>\n<h3>Direcci\u00f3n y tribunal<\/h3>\n<ul>\n<li><strong>Director de la tesis<\/strong>\n<ul>\n<li>Joan Josep Pujadas Mu\u00f1oz<\/li>\n<\/ul>\n<\/li>\n<li><strong>Tribunal<\/strong>\n<ul>\n<li>Presidente del tribunal: Carlos Gim\u00e9nez romero <\/li>\n<li>jordi Roca i girona (vocal)<\/li>\n<li>claudia graciela Pedone (vocal)<\/li>\n<li>Jes\u00fas Sanz abad (vocal)<\/li>\n<\/ul>\n<\/li>\n<\/ul>\n<p>&nbsp;<\/p>\n","protected":false},"excerpt":{"rendered":"<p>Tesis doctoral de Cristina Garcia Moreno La inmigraci\u00f3n cubana ha formado parte de la realidad espa\u00f1ola desde hace m\u00e1s de [&hellip;]<\/p>\n","protected":false},"author":1,"featured_media":0,"comment_status":"open","ping_status":"open","sticky":false,"template":"","format":"standard","meta":{"site-sidebar-layout":"default","site-content-layout":"","ast-site-content-layout":"","site-content-style":"default","site-sidebar-style":"default","ast-global-header-display":"","ast-banner-title-visibility":"","ast-main-header-display":"","ast-hfb-above-header-display":"","ast-hfb-below-header-display":"","ast-hfb-mobile-header-display":"","site-post-title":"","ast-breadcrumbs-content":"","ast-featured-img":"","footer-sml-layout":"","theme-transparent-header-meta":"","adv-header-id-meta":"","stick-header-meta":"","header-above-stick-meta":"","header-main-stick-meta":"","header-below-stick-meta":"","astra-migrate-meta-layouts":"default","ast-page-background-enabled":"default","ast-page-background-meta":{"desktop":{"background-color":"var(--ast-global-color-4)","background-image":"","background-repeat":"repeat","background-position":"center center","background-size":"auto","background-attachment":"scroll","background-type":"","background-media":"","overlay-type":"","overlay-color":"","overlay-gradient":""},"tablet":{"background-color":"","background-image":"","background-repeat":"repeat","background-position":"center center","background-size":"auto","background-attachment":"scroll","background-type":"","background-media":"","overlay-type":"","overlay-color":"","overlay-gradient":""},"mobile":{"background-color":"","background-image":"","background-repeat":"repeat","background-position":"center center","background-size":"auto","background-attachment":"scroll","background-type":"","background-media":"","overlay-type":"","overlay-color":"","overlay-gradient":""}},"ast-content-background-meta":{"desktop":{"background-color":"var(--ast-global-color-5)","background-image":"","background-repeat":"repeat","background-position":"center center","background-size":"auto","background-attachment":"scroll","background-type":"","background-media":"","overlay-type":"","overlay-color":"","overlay-gradient":""},"tablet":{"background-color":"var(--ast-global-color-5)","background-image":"","background-repeat":"repeat","background-position":"center center","background-size":"auto","background-attachment":"scroll","background-type":"","background-media":"","overlay-type":"","overlay-color":"","overlay-gradient":""},"mobile":{"background-color":"var(--ast-global-color-5)","background-image":"","background-repeat":"repeat","background-position":"center center","background-size":"auto","background-attachment":"scroll","background-type":"","background-media":"","overlay-type":"","overlay-color":"","overlay-gradient":""}},"footnotes":""},"categories":[983,2720,18759,270],"tags":[14766,214469,214468,194312,56609,53224],"class_list":["post-106595","post","type-post","status-publish","format-standard","hentry","category-antropologia-cultural","category-antropologia-social","category-rovira-i-virgili","category-sociologia-general","tag-carlos-gimenez-romero","tag-claudia-graciela-pedone","tag-cristina-garcia-moreno","tag-jesus-sanz-abad","tag-joan-josep-pujadas-munoz","tag-jordi-roca-i-girona"],"_links":{"self":[{"href":"https:\/\/www.deberes.net\/tesis\/wp-json\/wp\/v2\/posts\/106595","targetHints":{"allow":["GET"]}}],"collection":[{"href":"https:\/\/www.deberes.net\/tesis\/wp-json\/wp\/v2\/posts"}],"about":[{"href":"https:\/\/www.deberes.net\/tesis\/wp-json\/wp\/v2\/types\/post"}],"author":[{"embeddable":true,"href":"https:\/\/www.deberes.net\/tesis\/wp-json\/wp\/v2\/users\/1"}],"replies":[{"embeddable":true,"href":"https:\/\/www.deberes.net\/tesis\/wp-json\/wp\/v2\/comments?post=106595"}],"version-history":[{"count":0,"href":"https:\/\/www.deberes.net\/tesis\/wp-json\/wp\/v2\/posts\/106595\/revisions"}],"wp:attachment":[{"href":"https:\/\/www.deberes.net\/tesis\/wp-json\/wp\/v2\/media?parent=106595"}],"wp:term":[{"taxonomy":"category","embeddable":true,"href":"https:\/\/www.deberes.net\/tesis\/wp-json\/wp\/v2\/categories?post=106595"},{"taxonomy":"post_tag","embeddable":true,"href":"https:\/\/www.deberes.net\/tesis\/wp-json\/wp\/v2\/tags?post=106595"}],"curies":[{"name":"wp","href":"https:\/\/api.w.org\/{rel}","templated":true}]}}