{"id":106646,"date":"2011-04-02T00:00:00","date_gmt":"2011-04-02T00:00:00","guid":{"rendered":"https:\/\/www.deberes.net\/tesis\/sin-categoria\/la-hidrotectonica-una-teoria-hidraulica-de-la-dinamica-terrestre\/"},"modified":"2011-04-02T00:00:00","modified_gmt":"2011-04-02T00:00:00","slug":"la-hidrotectonica-una-teoria-hidraulica-de-la-dinamica-terrestre","status":"publish","type":"post","link":"https:\/\/www.deberes.net\/tesis\/la-laguna\/la-hidrotectonica-una-teoria-hidraulica-de-la-dinamica-terrestre\/","title":{"rendered":"La hidrotect\u00f3nica, una teor\u00eda hidr\u00e1ulica de la din\u00e1mica terrestre"},"content":{"rendered":"<h2>Tesis doctoral de <strong> Carlos Soler Liceras <\/strong><\/h2>\n<p>La hidrotect\u00f3nica es una teor\u00eda de la din\u00e1mica terrestre basada en la hidr\u00e1ulica. Parte de un hecho hasta ahora ignorado por las teor\u00edas vigentes: la erosi\u00f3n del fondo del oc\u00e9ano por el discurrir de las corrientes profundas oce\u00e1nicas. La existencia de ese proceso de erosi\u00f3n sobre el fondo de los oc\u00e9anos ha pasado desapercibido en todas las teor\u00edas de la din\u00e1mica de la tierra, incluido el neptunismo de werner. La teor\u00eda actual vigente, la tect\u00f3nica global formada por las teor\u00edas de la expansi\u00f3n del fondo oce\u00e1nico, la tect\u00f3nica de placas y el punto caliente, no considera la existencia de este proceso aunque si asume la presencia de corrientes profundas discurriendo por el cauce. En cuanto a los sedimentos, la tect\u00f3nica global, dice que son todos de origen continental, los aportados por los r\u00edos, m\u00e1s los de origen org\u00e1nico procedente de los restos de la biomasa.  la existencia de ese proceso erosivo puede ser demostrada mediante varios argumentos pero quiz\u00e1s el m\u00e1s breve y el m\u00e1s claro es el primer principio de la hidr\u00e1ulica: toda corriente circulando por un cauce provoca procesos de erosi\u00f3n, transporte y sedimentaci\u00f3n. Una vez demostrada la erosi\u00f3n oce\u00e1nica hay que tener presente que el aumento de la velocidad del agua, tal y como sucede en los estrechos donde todo un oc\u00e9ano se ve obligado a pasar por una secci\u00f3n reducida, o el aumento de temperatura y la aportaci\u00f3n de gases, como sucede en los procesos volc\u00e1nicos submarinos que se generan en las dorsales, son factores que pueden llegar a aumentar este proceso erosivo de forma espectacular. Por otra parte y de acuerdo con la constancia en el contenido en sales del agua de mar, demostrada por osmond fisher en 1850, obliga a deducir que toda la erosi\u00f3n que se produce en el oc\u00e9ano se sedimenta en el fondo para que as\u00ed pueda permanecer invariable durante eones la salinidad del agua. De esta forma se intuye que la erosi\u00f3n oce\u00e1nica es mucho mayor que la continental, la demostraci\u00f3n y una cierta evaluaci\u00f3n de este proceso est\u00e1 en la potencia de sedimentos que se ha hallado en el fondo de los oc\u00e9anos. Seg\u00fan la tect\u00f3nica global la tasa de sedimentaci\u00f3n en el oc\u00e9ano es de 5mm\/1000 a\u00f1os y como el fondo oce\u00e1nico m\u00e1s antiguo pertenece al jur\u00e1sico implica que en esas zonas, entronque entre el talud submarino de am\u00e9rica del norte y la corteza oce\u00e1nica, la m\u00e1xima potencia de sedimentos deber\u00eda ser de un kil\u00f3metro. En esa zona robert sheridan en la d\u00e9cada de los a\u00f1os 70 lleg\u00f3 a medir potencias de sedimentos de hasta 15 km. Esta aparente contradicci\u00f3n nos aporta un orden de magnitud de la erosi\u00f3n  y sedimentaci\u00f3n oce\u00e1nica: es, al menos y para esta zona, del orden de 15 veces mayor que la continental. Seg\u00fan mattahuer y de acuerdo con las potencias de terrenos sedimentarios presentes en los continentes y por \u00e9l estudiados, se pueden llegar a superar potencias de 20 km. los procesos de erosi\u00f3n y sedimentaci\u00f3n oce\u00e1nicas se producen en zonas concretas y preferentes. As\u00ed en unas zonas se concentra la erosi\u00f3n y en otras se acumula la sedimentaci\u00f3n. Observando un plano del fondo del oc\u00e9ano se aprecia en seguida estas acciones: en las dorsales, zonas donde la corteza oce\u00e1nica se levanta, se acumula el proceso erosivo; mientras que en las llanuras abisales, zonas donde se est\u00e1 produciendo un hundimiento, se acumula la sedimentaci\u00f3n; ambos hechos reproducen los ensayos realizados en canales hidr\u00e1ulicos. Adem\u00e1s, el proceso erosivo genera un adelgazamiento de la corteza oce\u00e1nica lo que provoca, por isostasia, un proceso de levantamiento del fondo tal y como se observa en las dorsales oce\u00e1nicas. Por el contrario la acumulaci\u00f3n de sedimentos hace que la corteza oce\u00e1nica se hunda. Ambos hechos descritos podr\u00edan resumirse en una sola frase: la erosi\u00f3n corta y levanta y la sedimentaci\u00f3n acumula y hunde la corteza oce\u00e1nica. De esta forma se explican los procesos de levantamiento y hundimiento del fondo de los oc\u00e9anos, son movimientos verticales que explican la existencia de muchos accidentes observados en el fondo de los oc\u00e9anos tales como las dorsales y las islas oce\u00e1nicas que se transforman en archipi\u00e9lagos. pero adem\u00e1s de los movimientos verticales tambi\u00e9n existen en la corteza de la tierra movimientos horizontales o tangenciales a la superficie como son los desplazamientos de los continentes y la formaci\u00f3n de cordilleras. Seg\u00fan la hidrotect\u00f3nica estos movimientos horizontales est\u00e1n provocados por los mismos verticales explicados anteriormente. El mecanismo por el que los movimientos de ascenso y descenso de la corteza oce\u00e1nica son capaces de originar fuerzas horizontales sobre la corteza continental, es la base para entender la fuerza que empuja a los continentes y que al desplazarlos provoca con ese movimiento la formaci\u00f3n de cordilleras e incluso el crecimiento de la superficie continental. Parte de este proceso descrito ya lo intuy\u00f3 wegener en 1929 cuando magistralmente dec\u00eda que, a\u00fan sin conocer cual era la fuerza que empujaba a los continentes y a\u00fan as\u00ed bautizarla como pohlflucht, era tambi\u00e9n la causante de la formaci\u00f3n de cordilleras. el mecanismo por el que los movimientos verticales de la corteza oce\u00e1nica generan las fuerzas tangenciales que provocan los desplazamientos horizontales de los continentes, se basa en la situaci\u00f3n de la corteza oce\u00e1nica situada a popa de un continente que se traslada. En dicha corteza oce\u00e1nica se observa que el lado que est\u00e1 en contacto con el continente se encuentra hundido por la acumulaci\u00f3n de miles de metros de sedimentos, mientras que esa misma secci\u00f3n de corteza oce\u00e1nica, en el centro del oc\u00e9ano, se encuentra levantada en las dorsales. Si cogemos como zona de estudio para cuantificar estos esfuerzos a am\u00e9rica del norte y el atl\u00e1ntico, observamos que la zona hundida de la corteza oce\u00e1nica, entronque con el continente, se sit\u00faa a 15 km por debajo del nivel del mar mientras que en la dorsal, 3000 km m\u00e1s hacia el oriente, la misma corteza est\u00e1 tan solo a 2 km bajo el nivel del mar. El \u00e1ngulo de basculamiento, \u00c2\u00bf, es entonces el arco cuya tangente es 13\/3000, lo que nos proporciona un \u00e1ngulo muy peque\u00f1o de 0,24\u00c2\u00ba, pero suficiente como para aportar una fuerza horizontal debida al peso de la corteza oce\u00e1nica actuando sobre el continente -peso x sen \u00c2\u00bf- superior a una millon\u00e9sima que es el coeficiente de rozamiento definido por wabre, bersier y lambert y que figura en el libro de wegener como valor en la zona de rozamiento entre el continente que se desplaza y la zona superior del manto. Para el caso expuesto de am\u00e9rica del norte el valor de la fuerza empujante, esa pohlflucht que tanto busc\u00f3 wegener y que al final le lleg\u00f3 a costar la vida, es 1.700 veces superior al coeficiente de rozamiento o dicho de otra manera, la fuerza con la que la corteza oce\u00e1nica al estar basculada empuja al continente es 1.700 veces superior a la necesaria para iniciar el desplazamiento del continente. en la hidrotect\u00f3nica se supone que la corteza oce\u00e1nica se desplaza a trav\u00e9s de la superficie de mohorovici\u00ed\u00a7 y que la continental lo hace a trav\u00e9s de la zona de despegue de molnar, definida a unos 15 km de profundidad, en la zona gran\u00edtica en la que los feldespatos, por la presi\u00f3n existente, est\u00e1n en fusi\u00f3n incipiente. No obstante, si los continentes se desplazaran en los l\u00edmites inferiores de las placas, tal y como dice la tect\u00f3nica de placas, en el contacto entre litosfera y asten\u00f3sfera, el movimiento se producir\u00eda con mayor motivo al multiplicar proporcionalmente la parte que empuja por 3 respecto a la empujada. como puede deducirse en la hidrotect\u00f3nica no son necesarias las corrientes de convecci\u00f3n en el manto para demostrar los desplazamientos de los continentes, pero tampoco se niega su existencia, lo que si que se plantea es que estas corrientes convectivas sean el efecto m\u00e1s que la causa del desplazamiento continental. Como bien dec\u00eda wegener en los procesos geol\u00f3gicos las causas y los efectos est\u00e1n tan \u00edntimamente ligados que a menudo son dif\u00edciles de distinguir. a partir de la erosi\u00f3n oce\u00e1nica se ha explicado como se desplaza un continente, igualmente y as\u00ed se expone en la hidrotect\u00f3nica, se puede explicar la aparici\u00f3n de islas, su transformaci\u00f3n en archipi\u00e9lagos, la aparici\u00f3n de monta\u00f1as y cordilleras, el crecimiento de los continentes a lo largo de su deambular, la partici\u00f3n de las masas continentales, sus reagrupamientos formando pangeas, los terremotos, los volcanes e incluso la ausencia o presencia de actividad tect\u00f3nica en los diferentes planetas y sat\u00e9lites que nos acompa\u00f1an en nuestro sistema solar.<\/p>\n<p>&nbsp;<\/p>\n<h3>Datos acad\u00e9micos de la tesis doctoral \u00ab<strong>La hidrotect\u00f3nica, una teor\u00eda hidr\u00e1ulica de la din\u00e1mica terrestre<\/strong>\u00ab<\/h3>\n<ul>\n<li><strong>T\u00edtulo de la tesis:<\/strong>\u00a0 La hidrotect\u00f3nica, una teor\u00eda hidr\u00e1ulica de la din\u00e1mica terrestre <\/li>\n<li><strong>Autor:<\/strong>\u00a0 Carlos Soler Liceras <\/li>\n<li><strong>Universidad:<\/strong>\u00a0 La laguna<\/li>\n<li><strong>Fecha de lectura de la tesis:<\/strong>\u00a0 04\/02\/2011<\/li>\n<\/ul>\n<p>&nbsp;<\/p>\n<h3>Direcci\u00f3n y tribunal<\/h3>\n<ul>\n<li><strong>Director de la tesis<\/strong>\n<ul>\n<li>Ernesto Pereda De Pablo<\/li>\n<\/ul>\n<\/li>\n<li><strong>Tribunal<\/strong>\n<ul>\n<li>Presidente del tribunal: florentino Santos Garc\u00eda <\/li>\n<li>Santiago Hern\u00e1ndez fern\u00e1ndez (vocal)<\/li>\n<li>Juan  e. Gonz\u00e1lez fari\u00f1as (vocal)<\/li>\n<li>Antonio  agust\u00edn Santana santana (vocal)<\/li>\n<\/ul>\n<\/li>\n<\/ul>\n<p>&nbsp;<\/p>\n","protected":false},"excerpt":{"rendered":"<p>Tesis doctoral de Carlos Soler Liceras La hidrotect\u00f3nica es una teor\u00eda de la din\u00e1mica terrestre basada en la hidr\u00e1ulica. Parte [&hellip;]<\/p>\n","protected":false},"author":1,"featured_media":0,"comment_status":"open","ping_status":"open","sticky":false,"template":"","format":"standard","meta":{"site-sidebar-layout":"default","site-content-layout":"","ast-site-content-layout":"","site-content-style":"default","site-sidebar-style":"default","ast-global-header-display":"","ast-banner-title-visibility":"","ast-main-header-display":"","ast-hfb-above-header-display":"","ast-hfb-below-header-display":"","ast-hfb-mobile-header-display":"","site-post-title":"","ast-breadcrumbs-content":"","ast-featured-img":"","footer-sml-layout":"","theme-transparent-header-meta":"","adv-header-id-meta":"","stick-header-meta":"","header-above-stick-meta":"","header-main-stick-meta":"","header-below-stick-meta":"","astra-migrate-meta-layouts":"default","ast-page-background-enabled":"default","ast-page-background-meta":{"desktop":{"background-color":"var(--ast-global-color-4)","background-image":"","background-repeat":"repeat","background-position":"center center","background-size":"auto","background-attachment":"scroll","background-type":"","background-media":"","overlay-type":"","overlay-color":"","overlay-gradient":""},"tablet":{"background-color":"","background-image":"","background-repeat":"repeat","background-position":"center center","background-size":"auto","background-attachment":"scroll","background-type":"","background-media":"","overlay-type":"","overlay-color":"","overlay-gradient":""},"mobile":{"background-color":"","background-image":"","background-repeat":"repeat","background-position":"center center","background-size":"auto","background-attachment":"scroll","background-type":"","background-media":"","overlay-type":"","overlay-color":"","overlay-gradient":""}},"ast-content-background-meta":{"desktop":{"background-color":"var(--ast-global-color-5)","background-image":"","background-repeat":"repeat","background-position":"center center","background-size":"auto","background-attachment":"scroll","background-type":"","background-media":"","overlay-type":"","overlay-color":"","overlay-gradient":""},"tablet":{"background-color":"var(--ast-global-color-5)","background-image":"","background-repeat":"repeat","background-position":"center center","background-size":"auto","background-attachment":"scroll","background-type":"","background-media":"","overlay-type":"","overlay-color":"","overlay-gradient":""},"mobile":{"background-color":"var(--ast-global-color-5)","background-image":"","background-repeat":"repeat","background-position":"center center","background-size":"auto","background-attachment":"scroll","background-type":"","background-media":"","overlay-type":"","overlay-color":"","overlay-gradient":""}},"footnotes":""},"categories":[9915,20496],"tags":[214552,214550,184478,16307,214551,57676],"class_list":["post-106646","post","type-post","status-publish","format-standard","hentry","category-la-laguna","category-tectonica","tag-antonio-agustin-santana-santana","tag-carlos-soler-liceras","tag-ernesto-pereda-de-pablo","tag-florentino-santos-garcia","tag-juan-e-gonzalez-farinas","tag-santiago-hernandez-fernandez"],"_links":{"self":[{"href":"https:\/\/www.deberes.net\/tesis\/wp-json\/wp\/v2\/posts\/106646","targetHints":{"allow":["GET"]}}],"collection":[{"href":"https:\/\/www.deberes.net\/tesis\/wp-json\/wp\/v2\/posts"}],"about":[{"href":"https:\/\/www.deberes.net\/tesis\/wp-json\/wp\/v2\/types\/post"}],"author":[{"embeddable":true,"href":"https:\/\/www.deberes.net\/tesis\/wp-json\/wp\/v2\/users\/1"}],"replies":[{"embeddable":true,"href":"https:\/\/www.deberes.net\/tesis\/wp-json\/wp\/v2\/comments?post=106646"}],"version-history":[{"count":0,"href":"https:\/\/www.deberes.net\/tesis\/wp-json\/wp\/v2\/posts\/106646\/revisions"}],"wp:attachment":[{"href":"https:\/\/www.deberes.net\/tesis\/wp-json\/wp\/v2\/media?parent=106646"}],"wp:term":[{"taxonomy":"category","embeddable":true,"href":"https:\/\/www.deberes.net\/tesis\/wp-json\/wp\/v2\/categories?post=106646"},{"taxonomy":"post_tag","embeddable":true,"href":"https:\/\/www.deberes.net\/tesis\/wp-json\/wp\/v2\/tags?post=106646"}],"curies":[{"name":"wp","href":"https:\/\/api.w.org\/{rel}","templated":true}]}}