{"id":106727,"date":"2011-10-02T00:00:00","date_gmt":"2011-10-02T00:00:00","guid":{"rendered":"https:\/\/www.deberes.net\/tesis\/sin-categoria\/la-evaluacion-de-programas-sociales-propuesta-de-un-modelo-integrador\/"},"modified":"2011-10-02T00:00:00","modified_gmt":"2011-10-02T00:00:00","slug":"la-evaluacion-de-programas-sociales-propuesta-de-un-modelo-integrador","status":"publish","type":"post","link":"https:\/\/www.deberes.net\/tesis\/desarrollo-y-politica-social\/la-evaluacion-de-programas-sociales-propuesta-de-un-modelo-integrador\/","title":{"rendered":"La evaluaci\u00f3n de programas sociales: propuesta de un modelo integrador"},"content":{"rendered":"<h2>Tesis doctoral de <strong> Pablo De La Rosa Gimeno <\/strong><\/h2>\n<p>La tesis plantea un modelo integrador en materia de evaluaci\u00f3n de programas sociales que concilia, en la medida de lo posible, diferentes concepciones te\u00f3ricas y metodol\u00f3gicas en materia de evaluaci\u00f3n de programas sociales.  el modelo, adem\u00e1s, pretende adecuarse a las caracter\u00edsticas espec\u00edficas de los programas sociales, contemplando todas las fases de un proceso de evaluaci\u00f3n externa desde el mismo momento de plantearse la evaluaci\u00f3n.  el modelo est\u00e1 concebido con el prop\u00f3sito de ser de utilidad para todas las partes implicadas en los procesos de intervenci\u00f3n social: agentes, destinatarios y responsables de la organizaci\u00f3n que desarrolla la acci\u00f3n. la tesis recoge la justificaci\u00f3n del modelo desde las perspectiva te\u00f3rica, epistemol\u00f3gica, metodol\u00f3gica, teleol\u00f3gica y axiol\u00f3gico y presenta su aplicaci\u00f3n desde el punto de vista procesal contemplando cinco fases: i) conocimiento del programa, agentes y contexto. Ii) planteamiento y contrato de evaluaci\u00f3n. Iii) evaluaci\u00f3n ex.Ante. Iv) evaluaci\u00f3n de procesos y v) evaluaci\u00f3n final. el modelo est\u00e1 basado en la experiencia del autor en la direcci\u00f3n de la evaluaci\u00f3n externa de dos programas europeos de la iniciativa comunitaria equal.<\/p>\n<p>&nbsp;<\/p>\n<h3>Datos acad\u00e9micos de la tesis doctoral \u00ab<strong>La evaluaci\u00f3n de programas sociales: propuesta de un modelo integrador<\/strong>\u00ab<\/h3>\n<ul>\n<li><strong>T\u00edtulo de la tesis:<\/strong>\u00a0 La evaluaci\u00f3n de programas sociales: propuesta de un modelo integrador <\/li>\n<li><strong>Autor:<\/strong>\u00a0 Pablo De La Rosa Gimeno <\/li>\n<li><strong>Universidad:<\/strong>\u00a0 Valladolid<\/li>\n<li><strong>Fecha de lectura de la tesis:<\/strong>\u00a0 10\/02\/2011<\/li>\n<\/ul>\n<p>&nbsp;<\/p>\n<h3>Direcci\u00f3n y tribunal<\/h3>\n<ul>\n<li><strong>Director de la tesis<\/strong>\n<ul>\n<li>Natividad De La Red Vega<\/li>\n<\/ul>\n<\/li>\n<li><strong>Tribunal<\/strong>\n<ul>\n<li>Presidente del tribunal: Antonio Gorri go\u00f1i <\/li>\n<li>Mar\u00eda  asuncion Martinez roman (vocal)<\/li>\n<li>encarnaci\u00f3n Guillem s\u00e1bada (vocal)<\/li>\n<li>carmen Barranco exposito (vocal)<\/li>\n<\/ul>\n<\/li>\n<\/ul>\n<p>&nbsp;<\/p>\n","protected":false},"excerpt":{"rendered":"<p>Tesis doctoral de Pablo De La Rosa Gimeno La tesis plantea un modelo integrador en materia de evaluaci\u00f3n de programas [&hellip;]<\/p>\n","protected":false},"author":1,"featured_media":0,"comment_status":"open","ping_status":"open","sticky":false,"template":"","format":"standard","meta":{"site-sidebar-layout":"default","site-content-layout":"","ast-site-content-layout":"","site-content-style":"default","site-sidebar-style":"default","ast-global-header-display":"","ast-banner-title-visibility":"","ast-main-header-display":"","ast-hfb-above-header-display":"","ast-hfb-below-header-display":"","ast-hfb-mobile-header-display":"","site-post-title":"","ast-breadcrumbs-content":"","ast-featured-img":"","footer-sml-layout":"","theme-transparent-header-meta":"","adv-header-id-meta":"","stick-header-meta":"","header-above-stick-meta":"","header-main-stick-meta":"","header-below-stick-meta":"","astra-migrate-meta-layouts":"default","ast-page-background-enabled":"default","ast-page-background-meta":{"desktop":{"background-color":"var(--ast-global-color-4)","background-image":"","background-repeat":"repeat","background-position":"center center","background-size":"auto","background-attachment":"scroll","background-type":"","background-media":"","overlay-type":"","overlay-color":"","overlay-gradient":""},"tablet":{"background-color":"","background-image":"","background-repeat":"repeat","background-position":"center center","background-size":"auto","background-attachment":"scroll","background-type":"","background-media":"","overlay-type":"","overlay-color":"","overlay-gradient":""},"mobile":{"background-color":"","background-image":"","background-repeat":"repeat","background-position":"center center","background-size":"auto","background-attachment":"scroll","background-type":"","background-media":"","overlay-type":"","overlay-color":"","overlay-gradient":""}},"ast-content-background-meta":{"desktop":{"background-color":"var(--ast-global-color-5)","background-image":"","background-repeat":"repeat","background-position":"center center","background-size":"auto","background-attachment":"scroll","background-type":"","background-media":"","overlay-type":"","overlay-color":"","overlay-gradient":""},"tablet":{"background-color":"var(--ast-global-color-5)","background-image":"","background-repeat":"repeat","background-position":"center center","background-size":"auto","background-attachment":"scroll","background-type":"","background-media":"","overlay-type":"","overlay-color":"","overlay-gradient":""},"mobile":{"background-color":"var(--ast-global-color-5)","background-image":"","background-repeat":"repeat","background-position":"center center","background-size":"auto","background-attachment":"scroll","background-type":"","background-media":"","overlay-type":"","overlay-color":"","overlay-gradient":""}},"footnotes":""},"categories":[22018,9647,23714,12451],"tags":[120630,103621,214682,37310,119607,214681],"class_list":["post-106727","post","type-post","status-publish","format-standard","hentry","category-bienestar-social","category-desarrollo-y-politica-social","category-servicios-sociales","category-valladolid","tag-antonio-gorri-goni","tag-carmen-barranco-exposito","tag-encarnacion-guillem-sabada","tag-maria-asuncion-Martinez-roman","tag-natividad-de-la-red-vega","tag-pablo-de-la-rosa-gimeno"],"_links":{"self":[{"href":"https:\/\/www.deberes.net\/tesis\/wp-json\/wp\/v2\/posts\/106727","targetHints":{"allow":["GET"]}}],"collection":[{"href":"https:\/\/www.deberes.net\/tesis\/wp-json\/wp\/v2\/posts"}],"about":[{"href":"https:\/\/www.deberes.net\/tesis\/wp-json\/wp\/v2\/types\/post"}],"author":[{"embeddable":true,"href":"https:\/\/www.deberes.net\/tesis\/wp-json\/wp\/v2\/users\/1"}],"replies":[{"embeddable":true,"href":"https:\/\/www.deberes.net\/tesis\/wp-json\/wp\/v2\/comments?post=106727"}],"version-history":[{"count":0,"href":"https:\/\/www.deberes.net\/tesis\/wp-json\/wp\/v2\/posts\/106727\/revisions"}],"wp:attachment":[{"href":"https:\/\/www.deberes.net\/tesis\/wp-json\/wp\/v2\/media?parent=106727"}],"wp:term":[{"taxonomy":"category","embeddable":true,"href":"https:\/\/www.deberes.net\/tesis\/wp-json\/wp\/v2\/categories?post=106727"},{"taxonomy":"post_tag","embeddable":true,"href":"https:\/\/www.deberes.net\/tesis\/wp-json\/wp\/v2\/tags?post=106727"}],"curies":[{"name":"wp","href":"https:\/\/api.w.org\/{rel}","templated":true}]}}