{"id":106744,"date":"2011-11-02T00:00:00","date_gmt":"2011-11-02T00:00:00","guid":{"rendered":"https:\/\/www.deberes.net\/tesis\/sin-categoria\/el-real-monasterio-de-comendadoras-de-santiago-el-mayor-de-madrid-patrimonio-historico-arta%c2%adstico\/"},"modified":"2011-11-02T00:00:00","modified_gmt":"2011-11-02T00:00:00","slug":"el-real-monasterio-de-comendadoras-de-santiago-el-mayor-de-madrid-patrimonio-historico-arta%c2%adstico","status":"publish","type":"post","link":"https:\/\/www.deberes.net\/tesis\/historia\/el-real-monasterio-de-comendadoras-de-santiago-el-mayor-de-madrid-patrimonio-historico-arta%c2%adstico\/","title":{"rendered":"El real monasterio de comendadoras de santiago el mayor de Madrid: patrimonio hist\u00f3rico-art\u00edstico"},"content":{"rendered":"<h2>Tesis doctoral de <strong> Jes\u00fas \u00e1ngel S\u00e1nchez Rivera <\/strong><\/h2>\n<p>El real monasterio de comendadoras de santiago el mayor de Madrid: patrimonio hist\u00f3rico-art\u00edstico   la presente tesis doctoral ofrece el estudio del patrimonio hist\u00f3rico-art\u00edstico del real monasterio de comendadoras de santiago de Madrid. En este sen tido, se analizan de modo sistem\u00e1tico el conjunto de inmuebles que integran el convento y las obras de arte mueble que alberga su interior (especialmente esculturas, pinturas y objetos de plater\u00eda), as\u00ed como otras piezas que, por diversas vicisitudes , ya no se conservan en \u00e9l. \tdesde que se hiciera efectiva su fundaci\u00f3n, en el a\u00f1o de 1651, este lugar se constituy\u00f3 en sede de la orden de santiago en la villa y corte, lo cual determinar\u00eda el sentido emblem\u00e1tico que adquirieron buena parte de las e mpresas art\u00edsticas acometidas, particularmente aqu\u00e9llas de car\u00e1cter p\u00fablico o semip\u00fablico. De igual modo, el convento se convirti\u00f3 en un \u00e1mbito aristocr\u00e1tico, donde residieron familiares y personas relacionadas con la elite jacobea.  \tpor otra parte,  la especial vinculaci\u00f3n del cenobio con la corona espa\u00f1ola influy\u00f3 de manera decisiva en buena parte de las realizaciones art\u00edsticas que se llevaron a cabo en \u00e9l. Los reyes protegieron y favorecieron al monasterio desde sus inicios, con la mediaci\u00f3n  del real consejo de las \u00f3rdenes militares, organismo encargado del gobierno y la administraci\u00f3n de dichas instituciones.  \ten definitiva, el conjunto conventual de las comendadoras santiaguistas es uno de los m\u00e1s singulares del barroco madrile\u00f1o. Su  historia ininterrumpida a lo largo de m\u00e1s de 350 a\u00f1os ha permitido a las religiosas atesorar un patrimonio art\u00edstico de indudable inter\u00e9s que es amplia y sistem\u00e1ticamente analizado en nuestro trabajo.    palabras clave: arte; comendadoras de santiag o; Madrid.<\/p>\n<p>&nbsp;<\/p>\n<h3>Datos acad\u00e9micos de la tesis doctoral \u00ab<strong>El real monasterio de comendadoras de santiago el mayor de Madrid: patrimonio hist\u00f3rico-art\u00edstico<\/strong>\u00ab<\/h3>\n<ul>\n<li><strong>T\u00edtulo de la tesis:<\/strong>\u00a0 El real monasterio de comendadoras de santiago el mayor de Madrid: patrimonio hist\u00f3rico-art\u00edstico <\/li>\n<li><strong>Autor:<\/strong>\u00a0 Jes\u00fas \u00e1ngel S\u00e1nchez Rivera <\/li>\n<li><strong>Universidad:<\/strong>\u00a0 Complutense de Madrid<\/li>\n<li><strong>Fecha de lectura de la tesis:<\/strong>\u00a0 11\/02\/2011<\/li>\n<\/ul>\n<p>&nbsp;<\/p>\n<h3>Direcci\u00f3n y tribunal<\/h3>\n<ul>\n<li><strong>Director de la tesis<\/strong>\n<ul>\n<li>Francisco Jos\u00e9 Portela Sandoval<\/li>\n<\/ul>\n<\/li>\n<li><strong>Tribunal<\/strong>\n<ul>\n<li>Presidente del tribunal: delf\u00edn Rodr\u00edguez ruiz <\/li>\n<li>Fernando Llamazares rodr\u00edguez (vocal)<\/li>\n<li>Antonio Martinez ripoll (vocal)<\/li>\n<li>Mar\u00eda  dolores Antiguedad del castillo olivares (vocal)<\/li>\n<\/ul>\n<\/li>\n<\/ul>\n<p>&nbsp;<\/p>\n","protected":false},"excerpt":{"rendered":"<p>Tesis doctoral de Jes\u00fas \u00e1ngel S\u00e1nchez Rivera El real monasterio de comendadoras de santiago el mayor de Madrid: patrimonio hist\u00f3rico-art\u00edstico [&hellip;]<\/p>\n","protected":false},"author":1,"featured_media":0,"comment_status":"open","ping_status":"open","sticky":false,"template":"","format":"standard","meta":{"site-sidebar-layout":"default","site-content-layout":"","ast-site-content-layout":"","site-content-style":"default","site-sidebar-style":"default","ast-global-header-display":"","ast-banner-title-visibility":"","ast-main-header-display":"","ast-hfb-above-header-display":"","ast-hfb-below-header-display":"","ast-hfb-mobile-header-display":"","site-post-title":"","ast-breadcrumbs-content":"","ast-featured-img":"","footer-sml-layout":"","theme-transparent-header-meta":"","adv-header-id-meta":"","stick-header-meta":"","header-above-stick-meta":"","header-main-stick-meta":"","header-below-stick-meta":"","astra-migrate-meta-layouts":"default","ast-page-background-enabled":"default","ast-page-background-meta":{"desktop":{"background-color":"var(--ast-global-color-4)","background-image":"","background-repeat":"repeat","background-position":"center center","background-size":"auto","background-attachment":"scroll","background-type":"","background-media":"","overlay-type":"","overlay-color":"","overlay-gradient":""},"tablet":{"background-color":"","background-image":"","background-repeat":"repeat","background-position":"center center","background-size":"auto","background-attachment":"scroll","background-type":"","background-media":"","overlay-type":"","overlay-color":"","overlay-gradient":""},"mobile":{"background-color":"","background-image":"","background-repeat":"repeat","background-position":"center center","background-size":"auto","background-attachment":"scroll","background-type":"","background-media":"","overlay-type":"","overlay-color":"","overlay-gradient":""}},"ast-content-background-meta":{"desktop":{"background-color":"var(--ast-global-color-5)","background-image":"","background-repeat":"repeat","background-position":"center center","background-size":"auto","background-attachment":"scroll","background-type":"","background-media":"","overlay-type":"","overlay-color":"","overlay-gradient":""},"tablet":{"background-color":"var(--ast-global-color-5)","background-image":"","background-repeat":"repeat","background-position":"center center","background-size":"auto","background-attachment":"scroll","background-type":"","background-media":"","overlay-type":"","overlay-color":"","overlay-gradient":""},"mobile":{"background-color":"var(--ast-global-color-5)","background-image":"","background-repeat":"repeat","background-position":"center center","background-size":"auto","background-attachment":"scroll","background-type":"","background-media":"","overlay-type":"","overlay-color":"","overlay-gradient":""}},"footnotes":""},"categories":[986,104],"tags":[6812,6807,121050,5884,214707,201721],"class_list":["post-106744","post","type-post","status-publish","format-standard","hentry","category-complutense-de-madrid","category-historia","tag-antonio-Martinez-ripoll","tag-delfin-rodriguez-ruiz","tag-fernando-llamazares-rodriguez","tag-francisco-jose-portela-sandoval","tag-jesus-angel-sanchez-rivera","tag-maria-dolores-antiguedad-del-castillo-olivares"],"_links":{"self":[{"href":"https:\/\/www.deberes.net\/tesis\/wp-json\/wp\/v2\/posts\/106744","targetHints":{"allow":["GET"]}}],"collection":[{"href":"https:\/\/www.deberes.net\/tesis\/wp-json\/wp\/v2\/posts"}],"about":[{"href":"https:\/\/www.deberes.net\/tesis\/wp-json\/wp\/v2\/types\/post"}],"author":[{"embeddable":true,"href":"https:\/\/www.deberes.net\/tesis\/wp-json\/wp\/v2\/users\/1"}],"replies":[{"embeddable":true,"href":"https:\/\/www.deberes.net\/tesis\/wp-json\/wp\/v2\/comments?post=106744"}],"version-history":[{"count":0,"href":"https:\/\/www.deberes.net\/tesis\/wp-json\/wp\/v2\/posts\/106744\/revisions"}],"wp:attachment":[{"href":"https:\/\/www.deberes.net\/tesis\/wp-json\/wp\/v2\/media?parent=106744"}],"wp:term":[{"taxonomy":"category","embeddable":true,"href":"https:\/\/www.deberes.net\/tesis\/wp-json\/wp\/v2\/categories?post=106744"},{"taxonomy":"post_tag","embeddable":true,"href":"https:\/\/www.deberes.net\/tesis\/wp-json\/wp\/v2\/tags?post=106744"}],"curies":[{"name":"wp","href":"https:\/\/api.w.org\/{rel}","templated":true}]}}