{"id":106745,"date":"2011-11-02T00:00:00","date_gmt":"2011-11-02T00:00:00","guid":{"rendered":"https:\/\/www.deberes.net\/tesis\/sin-categoria\/cultura-e-imagenes-de-las-ciudades-de-andalucia-siglos-xiii-xvii\/"},"modified":"2011-11-02T00:00:00","modified_gmt":"2011-11-02T00:00:00","slug":"cultura-e-imagenes-de-las-ciudades-de-andalucia-siglos-xiii-xvii","status":"publish","type":"post","link":"https:\/\/www.deberes.net\/tesis\/historia\/cultura-e-imagenes-de-las-ciudades-de-andalucia-siglos-xiii-xvii\/","title":{"rendered":"Cultura e imagenes de las ciudades de andalucia siglos xiii-xvii."},"content":{"rendered":"<h2>Tesis doctoral de <strong> Andrea Mar\u00eda na Navarro <\/strong><\/h2>\n<p>Esta tesis doctoral titulada \u00c2\u00bfcultura e im\u00e1genes de las ciudades de andaluc\u00eda\u00c2\u00bf se inscribe en la intersecci\u00f3n de la nueva historia cultural y la historia urbana. La investigaci\u00f3n se ha centrado en las im\u00e1genes e imaginarios urbanos andaluces y en la incidencia que \u00e9stos tuvieron en la conformaci\u00f3n de sus identidades culturales, circunscribiendo su an\u00e1lisis a las ciudades de realengo de la regi\u00f3n: sevilla, carmona, jerez de la frontera y ecija, integradas en el reino de sevilla; ja\u00e9n, ubeda, baez a y and\u00fajar, comprendidas en el reino de ja\u00e9n, y  c\u00f3rdoba como ciudad capital de su reino.  la elecci\u00f3n del \u00e1mbito espacial se debi\u00f3 a que andaluc\u00eda tuvo entidad y personalidad propia a partir de la reconquista cristiana, cuando se defini\u00f3 con rasgos  peculiares que la diferenciaron de otras regiones por su m\u00e1s reciente incorporaci\u00f3n y su condici\u00f3n de nueva frontera; a que a lo largo de los siglos bajomedievales dichas comunidades urbanas desempe\u00f1aron un papel central en la defensa de los territo rios del sur de espa\u00f1a y en la conquista del reino de granada, y a partir del final del siglo xv tuvieron una influencia decisiva como principal eje articulador de v\u00ednculos demogr\u00e1ficos, econ\u00f3micos, culturales y religiosos con los dominios espa\u00f1oles en am\u00e9rica. Ese proceso, que llev\u00f3 consigo la reproducci\u00f3n de los modelos de ciudad que dejaron su impronta en la organizaci\u00f3n y configuraci\u00f3n de nuevos espacios territoriales y socio-culturales, estimul\u00f3 el inter\u00e9s por conocer las realidades andaluz as y sus representaciones.  el marco temporal de estudio comprendi\u00f3 los siglos xiii al  xvii, per\u00edodo que permiti\u00f3 valorar im\u00e1genes urbanas y rasgos de identidad de sus comunidades en la larga duraci\u00f3n e identificar etapas: la de la reconquista crist iana con la repoblaci\u00f3n y la nueva organizaci\u00f3n territorial (s. Xiii-xiv); el momento de esplendor en el que adquiri\u00f3 mayor centralidad la regi\u00f3n andaluza en el imperio espa\u00f1ol (s. Xv-xvi) y la etapa de decadencia (s. Xvii). para abordar el tema part imos del supuesto que las ciudades, como espacios creadores, colectivos e hist\u00f3ricos producen significaciones que constituyen una historia de sus representaciones. En ese sentido, consideramos que los discursos narrativos, literarios e iconogr\u00e1ficos sobre las ciudades conservaron una estructura formal conforme a un esquema general que contempl\u00f3 ciertos elementos impuestos por el tipo urbano. Esos elementos fundamentales que afectaron de manera estable el concepto-idea general sobre las ciudades<\/p>\n<p>&nbsp;<\/p>\n<h3>Datos acad\u00e9micos de la tesis doctoral \u00ab<strong>Cultura e imagenes de las ciudades de andalucia siglos xiii-xvii.<\/strong>\u00ab<\/h3>\n<ul>\n<li><strong>T\u00edtulo de la tesis:<\/strong>\u00a0 Cultura e imagenes de las ciudades de andalucia siglos xiii-xvii. <\/li>\n<li><strong>Autor:<\/strong>\u00a0 Andrea Mar\u00eda na Navarro <\/li>\n<li><strong>Universidad:<\/strong>\u00a0 Complutense de Madrid<\/li>\n<li><strong>Fecha de lectura de la tesis:<\/strong>\u00a0 11\/02\/2011<\/li>\n<\/ul>\n<p>&nbsp;<\/p>\n<h3>Direcci\u00f3n y tribunal<\/h3>\n<ul>\n<li><strong>Director de la tesis<\/strong>\n<ul>\n<li>Miguel \u00e1ngel Ladero Quesada<\/li>\n<\/ul>\n<\/li>\n<li><strong>Tribunal<\/strong>\n<ul>\n<li>Presidente del tribunal: concepci\u00f3n Quintanilla raso <\/li>\n<li>Carlos Martinez shaw (vocal)<\/li>\n<li>Mar\u00eda Jos\u00e9 Lop ot\u00edn (vocal)<\/li>\n<li>enrique Cantera montenegro (vocal)<\/li>\n<\/ul>\n<\/li>\n<\/ul>\n<p>&nbsp;<\/p>\n","protected":false},"excerpt":{"rendered":"<p>Tesis doctoral de Andrea Mar\u00eda na Navarro Esta tesis doctoral titulada \u00c2\u00bfcultura e im\u00e1genes de las ciudades de andaluc\u00eda\u00c2\u00bf se [&hellip;]<\/p>\n","protected":false},"author":1,"featured_media":0,"comment_status":"open","ping_status":"open","sticky":false,"template":"","format":"standard","meta":{"site-sidebar-layout":"default","site-content-layout":"","ast-site-content-layout":"","site-content-style":"default","site-sidebar-style":"default","ast-global-header-display":"","ast-banner-title-visibility":"","ast-main-header-display":"","ast-hfb-above-header-display":"","ast-hfb-below-header-display":"","ast-hfb-mobile-header-display":"","site-post-title":"","ast-breadcrumbs-content":"","ast-featured-img":"","footer-sml-layout":"","theme-transparent-header-meta":"","adv-header-id-meta":"","stick-header-meta":"","header-above-stick-meta":"","header-main-stick-meta":"","header-below-stick-meta":"","astra-migrate-meta-layouts":"default","ast-page-background-enabled":"default","ast-page-background-meta":{"desktop":{"background-color":"var(--ast-global-color-4)","background-image":"","background-repeat":"repeat","background-position":"center center","background-size":"auto","background-attachment":"scroll","background-type":"","background-media":"","overlay-type":"","overlay-color":"","overlay-gradient":""},"tablet":{"background-color":"","background-image":"","background-repeat":"repeat","background-position":"center center","background-size":"auto","background-attachment":"scroll","background-type":"","background-media":"","overlay-type":"","overlay-color":"","overlay-gradient":""},"mobile":{"background-color":"","background-image":"","background-repeat":"repeat","background-position":"center center","background-size":"auto","background-attachment":"scroll","background-type":"","background-media":"","overlay-type":"","overlay-color":"","overlay-gradient":""}},"ast-content-background-meta":{"desktop":{"background-color":"var(--ast-global-color-5)","background-image":"","background-repeat":"repeat","background-position":"center center","background-size":"auto","background-attachment":"scroll","background-type":"","background-media":"","overlay-type":"","overlay-color":"","overlay-gradient":""},"tablet":{"background-color":"var(--ast-global-color-5)","background-image":"","background-repeat":"repeat","background-position":"center center","background-size":"auto","background-attachment":"scroll","background-type":"","background-media":"","overlay-type":"","overlay-color":"","overlay-gradient":""},"mobile":{"background-color":"var(--ast-global-color-5)","background-image":"","background-repeat":"repeat","background-position":"center center","background-size":"auto","background-attachment":"scroll","background-type":"","background-media":"","overlay-type":"","overlay-color":"","overlay-gradient":""}},"footnotes":""},"categories":[986,104],"tags":[210732,1356,7526,5300,49396,5296],"class_list":["post-106745","post","type-post","status-publish","format-standard","hentry","category-complutense-de-madrid","category-historia","tag-andrea-maria-na-navarro","tag-carlos-Martinez-shaw","tag-concepcion-quintanilla-raso","tag-enrique-cantera-montenegro","tag-maria-jose-lop-otin","tag-miguel-angel-ladero-quesada"],"_links":{"self":[{"href":"https:\/\/www.deberes.net\/tesis\/wp-json\/wp\/v2\/posts\/106745","targetHints":{"allow":["GET"]}}],"collection":[{"href":"https:\/\/www.deberes.net\/tesis\/wp-json\/wp\/v2\/posts"}],"about":[{"href":"https:\/\/www.deberes.net\/tesis\/wp-json\/wp\/v2\/types\/post"}],"author":[{"embeddable":true,"href":"https:\/\/www.deberes.net\/tesis\/wp-json\/wp\/v2\/users\/1"}],"replies":[{"embeddable":true,"href":"https:\/\/www.deberes.net\/tesis\/wp-json\/wp\/v2\/comments?post=106745"}],"version-history":[{"count":0,"href":"https:\/\/www.deberes.net\/tesis\/wp-json\/wp\/v2\/posts\/106745\/revisions"}],"wp:attachment":[{"href":"https:\/\/www.deberes.net\/tesis\/wp-json\/wp\/v2\/media?parent=106745"}],"wp:term":[{"taxonomy":"category","embeddable":true,"href":"https:\/\/www.deberes.net\/tesis\/wp-json\/wp\/v2\/categories?post=106745"},{"taxonomy":"post_tag","embeddable":true,"href":"https:\/\/www.deberes.net\/tesis\/wp-json\/wp\/v2\/tags?post=106745"}],"curies":[{"name":"wp","href":"https:\/\/api.w.org\/{rel}","templated":true}]}}