{"id":106775,"date":"2011-11-02T00:00:00","date_gmt":"2011-11-02T00:00:00","guid":{"rendered":"https:\/\/www.deberes.net\/tesis\/sin-categoria\/manuel-de-falla-ernesto-halffter-y-la-orquesta-betica-de-camara\/"},"modified":"2011-11-02T00:00:00","modified_gmt":"2011-11-02T00:00:00","slug":"manuel-de-falla-ernesto-halffter-y-la-orquesta-betica-de-camara","status":"publish","type":"post","link":"https:\/\/www.deberes.net\/tesis\/sevilla\/manuel-de-falla-ernesto-halffter-y-la-orquesta-betica-de-camara\/","title":{"rendered":"Manuel de falla, ernesto halffter y la orquesta b\u00e9tica de c\u00e1mara"},"content":{"rendered":"<h2>Tesis doctoral de <strong> Eduardo Gonz\u00e1lez-barba  Capote <\/strong><\/h2>\n<p>T\u00edtulo:   manuel de falla, ernesto halffter y la orquesta b\u00e9tica de c\u00e1mara   primera parte:   conjurados romanticos: vida concert\u00edstica en la sevilla de la restauraci\u00f3n (1871-1922)   versa sobre los or\u00edgenes de la pr\u00e1ctica sinf\u00f3nica y camer\u00edstica profesional en la sevilla de la restauraci\u00f3n    segunda parte:   orquesta b\u00e9tica de c\u00e1mara: el cumplimiento de un deber ideal (1922-1927)   estudia en profundidad la fundaci\u00f3n de la orquesta b\u00e9tica de c\u00e1mara: organizaci\u00f3n interna y primeros conciertos    tercera parte:   el esp\u00edritu general de la b\u00e9tica: el triunfo de la insurrecci\u00f3n (1927-1930)   presenta un detallado an\u00e1lisis sobre la degradaci\u00f3n y posterior desintegraci\u00f3n del proyecto b\u00e9tico    cuarta parte:  a modo de ep\u00edlogo: la herencia de la orquesta b\u00e9tica de c\u00e1mara (1930-1964)   breve panor\u00e1mica sobre sus largos a\u00f1os de orfandad, los cuales finalizaron cuando el patronato joaqu\u00edn turina asumi\u00f3 la tutela de esta instituci\u00f3n orquestal en 1964<\/p>\n<p>&nbsp;<\/p>\n<h3>Datos acad\u00e9micos de la tesis doctoral \u00ab<strong>Manuel de falla, ernesto halffter y la orquesta b\u00e9tica de c\u00e1mara<\/strong>\u00ab<\/h3>\n<ul>\n<li><strong>T\u00edtulo de la tesis:<\/strong>\u00a0 Manuel de falla, ernesto halffter y la orquesta b\u00e9tica de c\u00e1mara <\/li>\n<li><strong>Autor:<\/strong>\u00a0 Eduardo Gonz\u00e1lez-barba  Capote <\/li>\n<li><strong>Universidad:<\/strong>\u00a0 Sevilla<\/li>\n<li><strong>Fecha de lectura de la tesis:<\/strong>\u00a0 11\/02\/2011<\/li>\n<\/ul>\n<p>&nbsp;<\/p>\n<h3>Direcci\u00f3n y tribunal<\/h3>\n<ul>\n<li><strong>Director de la tesis<\/strong>\n<ul>\n<li>Ram\u00f3n Mar\u00eda Serrera Contreras<\/li>\n<\/ul>\n<\/li>\n<li><strong>Tribunal<\/strong>\n<ul>\n<li>Presidente del tribunal: Antonio Mart\u00edn moreno <\/li>\n<li>leandro Alvarez rey (vocal)<\/li>\n<li>enriqueta Vila vilar (vocal)<\/li>\n<li>Jos\u00e9 Luis Comellas Garc\u00eda-llera (vocal)<\/li>\n<\/ul>\n<\/li>\n<\/ul>\n<p>&nbsp;<\/p>\n","protected":false},"excerpt":{"rendered":"<p>Tesis doctoral de Eduardo Gonz\u00e1lez-barba Capote T\u00edtulo: manuel de falla, ernesto halffter y la orquesta b\u00e9tica de c\u00e1mara primera parte: [&hellip;]<\/p>\n","protected":false},"author":1,"featured_media":0,"comment_status":"open","ping_status":"open","sticky":false,"template":"","format":"standard","meta":{"site-sidebar-layout":"default","site-content-layout":"","ast-site-content-layout":"","site-content-style":"default","site-sidebar-style":"default","ast-global-header-display":"","ast-banner-title-visibility":"","ast-main-header-display":"","ast-hfb-above-header-display":"","ast-hfb-below-header-display":"","ast-hfb-mobile-header-display":"","site-post-title":"","ast-breadcrumbs-content":"","ast-featured-img":"","footer-sml-layout":"","theme-transparent-header-meta":"","adv-header-id-meta":"","stick-header-meta":"","header-above-stick-meta":"","header-main-stick-meta":"","header-below-stick-meta":"","astra-migrate-meta-layouts":"default","ast-page-background-enabled":"default","ast-page-background-meta":{"desktop":{"background-color":"var(--ast-global-color-4)","background-image":"","background-repeat":"repeat","background-position":"center center","background-size":"auto","background-attachment":"scroll","background-type":"","background-media":"","overlay-type":"","overlay-color":"","overlay-gradient":""},"tablet":{"background-color":"","background-image":"","background-repeat":"repeat","background-position":"center center","background-size":"auto","background-attachment":"scroll","background-type":"","background-media":"","overlay-type":"","overlay-color":"","overlay-gradient":""},"mobile":{"background-color":"","background-image":"","background-repeat":"repeat","background-position":"center center","background-size":"auto","background-attachment":"scroll","background-type":"","background-media":"","overlay-type":"","overlay-color":"","overlay-gradient":""}},"ast-content-background-meta":{"desktop":{"background-color":"var(--ast-global-color-5)","background-image":"","background-repeat":"repeat","background-position":"center center","background-size":"auto","background-attachment":"scroll","background-type":"","background-media":"","overlay-type":"","overlay-color":"","overlay-gradient":""},"tablet":{"background-color":"var(--ast-global-color-5)","background-image":"","background-repeat":"repeat","background-position":"center center","background-size":"auto","background-attachment":"scroll","background-type":"","background-media":"","overlay-type":"","overlay-color":"","overlay-gradient":""},"mobile":{"background-color":"var(--ast-global-color-5)","background-image":"","background-repeat":"repeat","background-position":"center center","background-size":"auto","background-attachment":"scroll","background-type":"","background-media":"","overlay-type":"","overlay-color":"","overlay-gradient":""}},"footnotes":""},"categories":[10715],"tags":[12773,214748,11221,11264,4199,208502],"class_list":["post-106775","post","type-post","status-publish","format-standard","hentry","category-sevilla","tag-antonio-martin-moreno","tag-eduardo-gonzalez-barba-capote","tag-enriqueta-vila-vilar","tag-jose-luis-comellas-garcia-llera","tag-leandro-alvarez-rey","tag-ramon-maria-serrera-contreras"],"_links":{"self":[{"href":"https:\/\/www.deberes.net\/tesis\/wp-json\/wp\/v2\/posts\/106775","targetHints":{"allow":["GET"]}}],"collection":[{"href":"https:\/\/www.deberes.net\/tesis\/wp-json\/wp\/v2\/posts"}],"about":[{"href":"https:\/\/www.deberes.net\/tesis\/wp-json\/wp\/v2\/types\/post"}],"author":[{"embeddable":true,"href":"https:\/\/www.deberes.net\/tesis\/wp-json\/wp\/v2\/users\/1"}],"replies":[{"embeddable":true,"href":"https:\/\/www.deberes.net\/tesis\/wp-json\/wp\/v2\/comments?post=106775"}],"version-history":[{"count":0,"href":"https:\/\/www.deberes.net\/tesis\/wp-json\/wp\/v2\/posts\/106775\/revisions"}],"wp:attachment":[{"href":"https:\/\/www.deberes.net\/tesis\/wp-json\/wp\/v2\/media?parent=106775"}],"wp:term":[{"taxonomy":"category","embeddable":true,"href":"https:\/\/www.deberes.net\/tesis\/wp-json\/wp\/v2\/categories?post=106775"},{"taxonomy":"post_tag","embeddable":true,"href":"https:\/\/www.deberes.net\/tesis\/wp-json\/wp\/v2\/tags?post=106775"}],"curies":[{"name":"wp","href":"https:\/\/api.w.org\/{rel}","templated":true}]}}