{"id":106797,"date":"2011-11-02T00:00:00","date_gmt":"2011-11-02T00:00:00","guid":{"rendered":"https:\/\/www.deberes.net\/tesis\/sin-categoria\/la-semiosfera-de-los-comics-de-superheroes\/"},"modified":"2011-11-02T00:00:00","modified_gmt":"2011-11-02T00:00:00","slug":"la-semiosfera-de-los-comics-de-superheroes","status":"publish","type":"post","link":"https:\/\/www.deberes.net\/tesis\/sociologia\/la-semiosfera-de-los-comics-de-superheroes\/","title":{"rendered":"La semiosfera de los comics de superh\u00e9roes."},"content":{"rendered":"<h2>Tesis doctoral de <strong> Marcello Serra <\/strong><\/h2>\n<p>\u00abesta tesis se propone describir el funcionamiento de la semiosfera (lotman) de los c\u00f3mics americanos de superh\u00e9roes. en la primera parte se aplica un modelo evolutivo darwiniano a la historia del g\u00e9nero, que aparece caracterizada por breves momentos de aceleraci\u00f3n, en los que la semiosfera formada por estos c\u00f3mics se ampl\u00eda y diferencia r\u00e1pidamente, y largos momentos de ?Evoluci\u00f3n normal?, Donde \u00e9sta cambia poco o se estrecha en dimensiones y variedad. la segunda parte est\u00e1 dedicada al an\u00e1lisis semi\u00f3tico de los elementos que se encuentran en la base de la coherencia narrativa de los universos superher\u00f3icos. Al respecto, se presta especial atenci\u00f3n a los problemas de la serialidad y de la construcci\u00f3n de la memoria. la tercera y \u00faltima parte  es un an\u00e1lisis de la serie sandman de neil gaiman. Este c\u00f3mic, colocandose en la ?Periferia? De la semiosfera del universo narrativo de la dc comics, resulta interesante, entre otras cosas, por dos razones:  por un lado se opone a muchas de las regl as del g\u00e9nero, y permite as\u00ed de evidenciarla; por otra parte funciona como un espacio h\u00edbrido, donde referencias y estilos de otros campos de la expresi\u00f3n entran en contacto con la tradici\u00f3n y la memoria del c\u00f3mic de superh\u00e9rores.\u00bb<\/p>\n<p>&nbsp;<\/p>\n<h3>Datos acad\u00e9micos de la tesis doctoral \u00ab<strong>La semiosfera de los comics de superh\u00e9roes.<\/strong>\u00ab<\/h3>\n<ul>\n<li><strong>T\u00edtulo de la tesis:<\/strong>\u00a0 La semiosfera de los comics de superh\u00e9roes. <\/li>\n<li><strong>Autor:<\/strong>\u00a0 Marcello Serra <\/li>\n<li><strong>Universidad:<\/strong>\u00a0 Complutense de Madrid<\/li>\n<li><strong>Fecha de lectura de la tesis:<\/strong>\u00a0 11\/02\/2011<\/li>\n<\/ul>\n<p>&nbsp;<\/p>\n<h3>Direcci\u00f3n y tribunal<\/h3>\n<ul>\n<li><strong>Director de la tesis<\/strong>\n<ul>\n<li>Jorge  Luis Lozano Hern\u00e1ndez<\/li>\n<\/ul>\n<\/li>\n<li><strong>Tribunal<\/strong>\n<ul>\n<li>Presidente del tribunal: Mar\u00eda Jes\u00fas Casals carro <\/li>\n<li>Manuel \u00e1ngel V\u00e1zquez medel (vocal)<\/li>\n<li>jenaro Talens carmona (vocal)<\/li>\n<li>sergio Brancato (vocal)<\/li>\n<\/ul>\n<\/li>\n<\/ul>\n<p>&nbsp;<\/p>\n","protected":false},"excerpt":{"rendered":"<p>Tesis doctoral de Marcello Serra \u00abesta tesis se propone describir el funcionamiento de la semiosfera (lotman) de los c\u00f3mics americanos [&hellip;]<\/p>\n","protected":false},"author":1,"featured_media":0,"comment_status":"open","ping_status":"open","sticky":false,"template":"","format":"standard","meta":{"site-sidebar-layout":"default","site-content-layout":"","ast-site-content-layout":"","site-content-style":"default","site-sidebar-style":"default","ast-global-header-display":"","ast-banner-title-visibility":"","ast-main-header-display":"","ast-hfb-above-header-display":"","ast-hfb-below-header-display":"","ast-hfb-mobile-header-display":"","site-post-title":"","ast-breadcrumbs-content":"","ast-featured-img":"","footer-sml-layout":"","theme-transparent-header-meta":"","adv-header-id-meta":"","stick-header-meta":"","header-above-stick-meta":"","header-main-stick-meta":"","header-below-stick-meta":"","astra-migrate-meta-layouts":"default","ast-page-background-enabled":"default","ast-page-background-meta":{"desktop":{"background-color":"var(--ast-global-color-4)","background-image":"","background-repeat":"repeat","background-position":"center center","background-size":"auto","background-attachment":"scroll","background-type":"","background-media":"","overlay-type":"","overlay-color":"","overlay-gradient":""},"tablet":{"background-color":"","background-image":"","background-repeat":"repeat","background-position":"center center","background-size":"auto","background-attachment":"scroll","background-type":"","background-media":"","overlay-type":"","overlay-color":"","overlay-gradient":""},"mobile":{"background-color":"","background-image":"","background-repeat":"repeat","background-position":"center center","background-size":"auto","background-attachment":"scroll","background-type":"","background-media":"","overlay-type":"","overlay-color":"","overlay-gradient":""}},"ast-content-background-meta":{"desktop":{"background-color":"var(--ast-global-color-5)","background-image":"","background-repeat":"repeat","background-position":"center center","background-size":"auto","background-attachment":"scroll","background-type":"","background-media":"","overlay-type":"","overlay-color":"","overlay-gradient":""},"tablet":{"background-color":"var(--ast-global-color-5)","background-image":"","background-repeat":"repeat","background-position":"center center","background-size":"auto","background-attachment":"scroll","background-type":"","background-media":"","overlay-type":"","overlay-color":"","overlay-gradient":""},"mobile":{"background-color":"var(--ast-global-color-5)","background-image":"","background-repeat":"repeat","background-position":"center center","background-size":"auto","background-attachment":"scroll","background-type":"","background-media":"","overlay-type":"","overlay-color":"","overlay-gradient":""}},"footnotes":""},"categories":[986,269],"tags":[4740,199678,10913,214779,67406,214780],"class_list":["post-106797","post","type-post","status-publish","format-standard","hentry","category-complutense-de-madrid","category-sociologia","tag-jenaro-talens-carmona","tag-jorge-luis-lozano-hernandez","tag-manuel-angel-vazquez-medel","tag-marcello-serra","tag-maria-jesus-casals-carro","tag-sergio-brancato"],"_links":{"self":[{"href":"https:\/\/www.deberes.net\/tesis\/wp-json\/wp\/v2\/posts\/106797","targetHints":{"allow":["GET"]}}],"collection":[{"href":"https:\/\/www.deberes.net\/tesis\/wp-json\/wp\/v2\/posts"}],"about":[{"href":"https:\/\/www.deberes.net\/tesis\/wp-json\/wp\/v2\/types\/post"}],"author":[{"embeddable":true,"href":"https:\/\/www.deberes.net\/tesis\/wp-json\/wp\/v2\/users\/1"}],"replies":[{"embeddable":true,"href":"https:\/\/www.deberes.net\/tesis\/wp-json\/wp\/v2\/comments?post=106797"}],"version-history":[{"count":0,"href":"https:\/\/www.deberes.net\/tesis\/wp-json\/wp\/v2\/posts\/106797\/revisions"}],"wp:attachment":[{"href":"https:\/\/www.deberes.net\/tesis\/wp-json\/wp\/v2\/media?parent=106797"}],"wp:term":[{"taxonomy":"category","embeddable":true,"href":"https:\/\/www.deberes.net\/tesis\/wp-json\/wp\/v2\/categories?post=106797"},{"taxonomy":"post_tag","embeddable":true,"href":"https:\/\/www.deberes.net\/tesis\/wp-json\/wp\/v2\/tags?post=106797"}],"curies":[{"name":"wp","href":"https:\/\/api.w.org\/{rel}","templated":true}]}}