{"id":106813,"date":"2018-03-11T10:30:53","date_gmt":"2018-03-11T10:30:53","guid":{"rendered":"https:\/\/www.deberes.net\/tesis\/sin-categoria\/artesaos-da-saude-saude-mental-e-participaa%c2%a7ao-social-em-porto-alegre\/"},"modified":"2018-03-11T10:30:53","modified_gmt":"2018-03-11T10:30:53","slug":"artesaos-da-saude-saude-mental-e-participaa%c2%a7ao-social-em-porto-alegre","status":"publish","type":"post","link":"https:\/\/www.deberes.net\/tesis\/antropologia-cultural\/artesaos-da-saude-saude-mental-e-participaa%c2%a7ao-social-em-porto-alegre\/","title":{"rendered":"Artesaos da sa\u00fade: sa\u00fade mental e participa\u00c1\u00a7ao social em porto alegre"},"content":{"rendered":"<h2>Tesis doctoral de <strong> K\u00e1rol Veiga Cabral <\/strong><\/h2>\n<p>Este ttrabajo propone una imagen de aresano de la salud que pueda analogamente desempe\u00f1ar su tasca por el simple deseo desalojarla bien con una postura autocr\u00edtica con compromiso al entusiasmo u esperaci\u00f3n. Es alguien que por su \u00e9tica est\u00e1 abierto al encuentro con el otro en su alteridad y que busca estas posibilidades. El artesano de la cual trabaja y sabe que se enfrentar\u00e1 con sus resistencia y ambiguedades, pero esto no le asusta al rev\u00e9s, le despierta la imaginaci\u00f3n en la perspectiva de buscar nuevas formas y herramientas para abordar su materia intentando sacar de ella todo que pueda ofrecerle.<\/p>\n<p>&nbsp;<\/p>\n<h3>Datos acad\u00e9micos de la tesis doctoral \u00ab<strong>Artesaos da sa\u00fade: sa\u00fade mental e participa\u00c1\u00a7ao social em porto alegre<\/strong>\u00ab<\/h3>\n<ul>\n<li><strong>T\u00edtulo de la tesis:<\/strong>\u00a0 Artesaos da sa\u00fade: sa\u00fade mental e participa\u00c1\u00a7ao social em porto alegre <\/li>\n<li><strong>Autor:<\/strong>\u00a0 K\u00e1rol Veiga Cabral <\/li>\n<li><strong>Universidad:<\/strong>\u00a0 Rovira i virgili<\/li>\n<li><strong>Fecha de lectura de la tesis:<\/strong>\u00a0 14\/02\/2011<\/li>\n<\/ul>\n<p>&nbsp;<\/p>\n<h3>Direcci\u00f3n y tribunal<\/h3>\n<ul>\n<li><strong>Director de la tesis<\/strong>\n<ul>\n<li>\u00e1ngel Mart\u00ednez Hern\u00e1ez<\/li>\n<\/ul>\n<\/li>\n<li><strong>Tribunal<\/strong>\n<ul>\n<li>Presidente del tribunal: ricardo Burg ceccim <\/li>\n<li>alcindo Antonio Ferla (vocal)<\/li>\n<li>lu\u00eds Carlos cirilo Da silva-pereira (vocal)<\/li>\n<li>josep Mar\u00eda Canals sala (vocal)<\/li>\n<\/ul>\n<\/li>\n<\/ul>\n<p>&nbsp;<\/p>\n","protected":false},"excerpt":{"rendered":"<p>Tesis doctoral de K\u00e1rol Veiga Cabral Este ttrabajo propone una imagen de aresano de la salud que pueda analogamente desempe\u00f1ar [&hellip;]<\/p>\n","protected":false},"author":1,"featured_media":0,"comment_status":"open","ping_status":"open","sticky":false,"template":"","format":"standard","meta":{"site-sidebar-layout":"default","site-content-layout":"","ast-site-content-layout":"","site-content-style":"default","site-sidebar-style":"default","ast-global-header-display":"","ast-banner-title-visibility":"","ast-main-header-display":"","ast-hfb-above-header-display":"","ast-hfb-below-header-display":"","ast-hfb-mobile-header-display":"","site-post-title":"","ast-breadcrumbs-content":"","ast-featured-img":"","footer-sml-layout":"","theme-transparent-header-meta":"","adv-header-id-meta":"","stick-header-meta":"","header-above-stick-meta":"","header-main-stick-meta":"","header-below-stick-meta":"","astra-migrate-meta-layouts":"default","ast-page-background-enabled":"default","ast-page-background-meta":{"desktop":{"background-color":"var(--ast-global-color-4)","background-image":"","background-repeat":"repeat","background-position":"center center","background-size":"auto","background-attachment":"scroll","background-type":"","background-media":"","overlay-type":"","overlay-color":"","overlay-gradient":""},"tablet":{"background-color":"","background-image":"","background-repeat":"repeat","background-position":"center center","background-size":"auto","background-attachment":"scroll","background-type":"","background-media":"","overlay-type":"","overlay-color":"","overlay-gradient":""},"mobile":{"background-color":"","background-image":"","background-repeat":"repeat","background-position":"center center","background-size":"auto","background-attachment":"scroll","background-type":"","background-media":"","overlay-type":"","overlay-color":"","overlay-gradient":""}},"ast-content-background-meta":{"desktop":{"background-color":"var(--ast-global-color-5)","background-image":"","background-repeat":"repeat","background-position":"center center","background-size":"auto","background-attachment":"scroll","background-type":"","background-media":"","overlay-type":"","overlay-color":"","overlay-gradient":""},"tablet":{"background-color":"var(--ast-global-color-5)","background-image":"","background-repeat":"repeat","background-position":"center center","background-size":"auto","background-attachment":"scroll","background-type":"","background-media":"","overlay-type":"","overlay-color":"","overlay-gradient":""},"mobile":{"background-color":"var(--ast-global-color-5)","background-image":"","background-repeat":"repeat","background-position":"center center","background-size":"auto","background-attachment":"scroll","background-type":"","background-media":"","overlay-type":"","overlay-color":"","overlay-gradient":""}},"footnotes":""},"categories":[983,33865,18759],"tags":[214808,20168,59977,214806,214809,214807],"class_list":["post-106813","post","type-post","status-publish","format-standard","hentry","category-antropologia-cultural","category-enfermedad","category-rovira-i-virgili","tag-alcindo-antonio-ferla","tag-angel-Martinez-hernaez","tag-josep-maria-canals-sala","tag-karol-veiga-cabral","tag-luis-carlos-cirilo-da-silva-pereira","tag-ricardo-burg-ceccim"],"_links":{"self":[{"href":"https:\/\/www.deberes.net\/tesis\/wp-json\/wp\/v2\/posts\/106813","targetHints":{"allow":["GET"]}}],"collection":[{"href":"https:\/\/www.deberes.net\/tesis\/wp-json\/wp\/v2\/posts"}],"about":[{"href":"https:\/\/www.deberes.net\/tesis\/wp-json\/wp\/v2\/types\/post"}],"author":[{"embeddable":true,"href":"https:\/\/www.deberes.net\/tesis\/wp-json\/wp\/v2\/users\/1"}],"replies":[{"embeddable":true,"href":"https:\/\/www.deberes.net\/tesis\/wp-json\/wp\/v2\/comments?post=106813"}],"version-history":[{"count":0,"href":"https:\/\/www.deberes.net\/tesis\/wp-json\/wp\/v2\/posts\/106813\/revisions"}],"wp:attachment":[{"href":"https:\/\/www.deberes.net\/tesis\/wp-json\/wp\/v2\/media?parent=106813"}],"wp:term":[{"taxonomy":"category","embeddable":true,"href":"https:\/\/www.deberes.net\/tesis\/wp-json\/wp\/v2\/categories?post=106813"},{"taxonomy":"post_tag","embeddable":true,"href":"https:\/\/www.deberes.net\/tesis\/wp-json\/wp\/v2\/tags?post=106813"}],"curies":[{"name":"wp","href":"https:\/\/api.w.org\/{rel}","templated":true}]}}