{"id":106822,"date":"2018-03-11T10:30:53","date_gmt":"2018-03-11T10:30:53","guid":{"rendered":"https:\/\/www.deberes.net\/tesis\/sin-categoria\/edicion-filologica-de-coplas-sefarda%c2%ades-del-ciclo-del-exodo\/"},"modified":"2018-03-11T10:30:53","modified_gmt":"2018-03-11T10:30:53","slug":"edicion-filologica-de-coplas-sefarda%c2%ades-del-ciclo-del-exodo","status":"publish","type":"post","link":"https:\/\/www.deberes.net\/tesis\/barcelona\/edicion-filologica-de-coplas-sefarda%c2%ades-del-ciclo-del-exodo\/","title":{"rendered":"Edici\u00f3n filol\u00f3gica de coplas sefard\u00edes del ciclo del \u00e9xodo"},"content":{"rendered":"<h2>Tesis doctoral de <strong> Mois\u00e9s Stanckowich Isern <\/strong><\/h2>\n<p>Se trata de la edici\u00f3n filol\u00f3gica de 9 coplas paralit\u00fargicas sefard\u00edes (en 16 versiones), de tradici\u00f3n salonicense, que giran alrededor de la festividad de p\u00e9saj o pascua jud\u00eda. Son composiciones po\u00e9ticas pertenecientes a los siglos xviii-xix-xx, publicadas 12 en sal\u00f3nica, 2 en viena, 1 en belgrado y 1 en jerusal\u00e9n.  La investigaci\u00f3n consiste en la transcripci\u00f3n de los textos aljamiados y su consiguiente estudio filol\u00f3gico.<\/p>\n<p>&nbsp;<\/p>\n<h3>Datos acad\u00e9micos de la tesis doctoral \u00ab<strong>Edici\u00f3n filol\u00f3gica de coplas sefard\u00edes del ciclo del \u00e9xodo<\/strong>\u00ab<\/h3>\n<ul>\n<li><strong>T\u00edtulo de la tesis:<\/strong>\u00a0 Edici\u00f3n filol\u00f3gica de coplas sefard\u00edes del ciclo del \u00e9xodo <\/li>\n<li><strong>Autor:<\/strong>\u00a0 Mois\u00e9s Stanckowich Isern <\/li>\n<li><strong>Universidad:<\/strong>\u00a0 Barcelona<\/li>\n<li><strong>Fecha de lectura de la tesis:<\/strong>\u00a0 15\/02\/2011<\/li>\n<\/ul>\n<p>&nbsp;<\/p>\n<h3>Direcci\u00f3n y tribunal<\/h3>\n<ul>\n<li><strong>Director de la tesis<\/strong>\n<ul>\n<li>Jos\u00e9 Ram\u00f3n Magdalena Nom De D\u00e9u<\/li>\n<\/ul>\n<\/li>\n<li><strong>Tribunal<\/strong>\n<ul>\n<li>Presidente del tribunal: Mar\u00eda jos\u00e9 Cano p\u00e9rez <\/li>\n<li>Francisco Del r\u00edo s\u00e1nchez (vocal)<\/li>\n<li>  (vocal)<\/li>\n<li>  (vocal)<\/li>\n<\/ul>\n<\/li>\n<\/ul>\n<p>&nbsp;<\/p>\n","protected":false},"excerpt":{"rendered":"<p>Tesis doctoral de Mois\u00e9s Stanckowich Isern Se trata de la edici\u00f3n filol\u00f3gica de 9 coplas paralit\u00fargicas sefard\u00edes (en 16 versiones), [&hellip;]<\/p>\n","protected":false},"author":1,"featured_media":0,"comment_status":"open","ping_status":"open","sticky":false,"template":"","format":"standard","meta":{"site-sidebar-layout":"default","site-content-layout":"","ast-site-content-layout":"","site-content-style":"default","site-sidebar-style":"default","ast-global-header-display":"","ast-banner-title-visibility":"","ast-main-header-display":"","ast-hfb-above-header-display":"","ast-hfb-below-header-display":"","ast-hfb-mobile-header-display":"","site-post-title":"","ast-breadcrumbs-content":"","ast-featured-img":"","footer-sml-layout":"","theme-transparent-header-meta":"","adv-header-id-meta":"","stick-header-meta":"","header-above-stick-meta":"","header-main-stick-meta":"","header-below-stick-meta":"","astra-migrate-meta-layouts":"default","ast-page-background-enabled":"default","ast-page-background-meta":{"desktop":{"background-color":"var(--ast-global-color-4)","background-image":"","background-repeat":"repeat","background-position":"center center","background-size":"auto","background-attachment":"scroll","background-type":"","background-media":"","overlay-type":"","overlay-color":"","overlay-gradient":""},"tablet":{"background-color":"","background-image":"","background-repeat":"repeat","background-position":"center center","background-size":"auto","background-attachment":"scroll","background-type":"","background-media":"","overlay-type":"","overlay-color":"","overlay-gradient":""},"mobile":{"background-color":"","background-image":"","background-repeat":"repeat","background-position":"center center","background-size":"auto","background-attachment":"scroll","background-type":"","background-media":"","overlay-type":"","overlay-color":"","overlay-gradient":""}},"ast-content-background-meta":{"desktop":{"background-color":"var(--ast-global-color-5)","background-image":"","background-repeat":"repeat","background-position":"center center","background-size":"auto","background-attachment":"scroll","background-type":"","background-media":"","overlay-type":"","overlay-color":"","overlay-gradient":""},"tablet":{"background-color":"var(--ast-global-color-5)","background-image":"","background-repeat":"repeat","background-position":"center center","background-size":"auto","background-attachment":"scroll","background-type":"","background-media":"","overlay-type":"","overlay-color":"","overlay-gradient":""},"mobile":{"background-color":"var(--ast-global-color-5)","background-image":"","background-repeat":"repeat","background-position":"center center","background-size":"auto","background-attachment":"scroll","background-type":"","background-media":"","overlay-type":"","overlay-color":"","overlay-gradient":""}},"footnotes":""},"categories":[951,2142],"tags":[214827,32690,214826,214825],"class_list":["post-106822","post","type-post","status-publish","format-standard","hentry","category-barcelona","category-filologia","tag-francisco-del-rio-sanchez","tag-jose-ramon-magdalena-nom-de-deu","tag-maria-jose-cano-perez","tag-moises-stanckowich-isern"],"_links":{"self":[{"href":"https:\/\/www.deberes.net\/tesis\/wp-json\/wp\/v2\/posts\/106822","targetHints":{"allow":["GET"]}}],"collection":[{"href":"https:\/\/www.deberes.net\/tesis\/wp-json\/wp\/v2\/posts"}],"about":[{"href":"https:\/\/www.deberes.net\/tesis\/wp-json\/wp\/v2\/types\/post"}],"author":[{"embeddable":true,"href":"https:\/\/www.deberes.net\/tesis\/wp-json\/wp\/v2\/users\/1"}],"replies":[{"embeddable":true,"href":"https:\/\/www.deberes.net\/tesis\/wp-json\/wp\/v2\/comments?post=106822"}],"version-history":[{"count":0,"href":"https:\/\/www.deberes.net\/tesis\/wp-json\/wp\/v2\/posts\/106822\/revisions"}],"wp:attachment":[{"href":"https:\/\/www.deberes.net\/tesis\/wp-json\/wp\/v2\/media?parent=106822"}],"wp:term":[{"taxonomy":"category","embeddable":true,"href":"https:\/\/www.deberes.net\/tesis\/wp-json\/wp\/v2\/categories?post=106822"},{"taxonomy":"post_tag","embeddable":true,"href":"https:\/\/www.deberes.net\/tesis\/wp-json\/wp\/v2\/tags?post=106822"}],"curies":[{"name":"wp","href":"https:\/\/api.w.org\/{rel}","templated":true}]}}